{"id":9206,"date":"2017-10-24T11:50:03","date_gmt":"2017-10-24T14:50:03","guid":{"rendered":"http:\/\/www.atecordoba.org\/?p=9206"},"modified":"2017-10-24T11:50:03","modified_gmt":"2017-10-24T14:50:03","slug":"semana-de-elecciones","status":"publish","type":"post","link":"https:\/\/atecordoba.org\/?p=9206","title":{"rendered":"Semana de elecciones, seguimos avanzando"},"content":{"rendered":"<p>ATE sigue creciendo en su estructura org\u00e1nica. La semana pasada se eligieron delegados en tres organismos.<\/p>\n<p><img loading=\"lazy\" decoding=\"async\" class=\"aligncenter size-full wp-image-9207\" src=\"http:\/\/www.atecordoba.org\/wp-content\/uploads\/2017\/10\/IMG-20171024-WA0002-e1508854246753.jpg\" alt=\"\" width=\"600\" height=\"450\"><\/p>\n<p>El martes 17 del corriente se realiz\u00f3 la elecci\u00f3n complementaria hasta el 22\/08\/2018 en el Ministerio de Trabajo Empleo y Seguridad Social de la Naci\u00f3n. En esta oportunidad se presentaron cuatro compa\u00f1eros a participar del acto comicial, saliendo electo el compa\u00f1ero Theax Cesar Roberto.<\/p>\n<p>El mi\u00e9rcoles 18 de octubre tambi\u00e9n se realiz\u00f3 la elecci\u00f3n en el Barrio Militar General Deheza por el periodo 2017 \u2013 2019 participando el 90 por ciento del padr\u00f3n. Result\u00f3 electo el compa\u00f1ero Scanferla Rafael.<\/p>\n<p><img loading=\"lazy\" decoding=\"async\" class=\"aligncenter size-full wp-image-9208\" src=\"http:\/\/www.atecordoba.org\/wp-content\/uploads\/2017\/10\/IMG-20171024-WA0001-e1508854285376.jpg\" alt=\"\" width=\"600\" height=\"800\"><\/p>\n<p>As\u00ed mismo el d\u00eda 18 del corriente se llev\u00f3 a cabo la elecci\u00f3n de delegados gremiales en el Hospital de ni\u00f1os de la Sant\u00edsima Trinidad. El acto se desarroll\u00f3 con total normalidad y una muy buena concurrencia de participantes. Quedando normalizada de esta manera la representaci\u00f3n sindical de los trabajadores de dicho nosocomio resultando los compa\u00f1eros electos, a saber: Beliz\u00e1n Santiago, Lazaro Virginia Mercedes, Jodar Pablo Guillermo, Roldan Aldo Armando, Salas Estela Maris, Jerez Mercedes, Gomez Luis Agust\u00edn, Rivarola Thelma de Lourdes y Vedia Susana del Valle.<\/p>\n","protected":false},"excerpt":{"rendered":"<p>ATE sigue creciendo en su estructura org\u00e1nica. La semana pasada se eligieron delegados en tres organismos. El martes 17 del corriente se realiz\u00f3 la elecci\u00f3n complementaria hasta el 22\/08\/2018 en el Ministerio de Trabajo Empleo y Seguridad Social de la Naci\u00f3n. En esta oportunidad se presentaron cuatro compa\u00f1eros a participar del acto comicial, saliendo electo [&hellip;]<\/p>\n","protected":false},"author":1,"featured_media":19220,"comment_status":"open","ping_status":"open","sticky":false,"template":"","format":"standard","meta":{"_exactmetrics_skip_tracking":false,"_exactmetrics_sitenote_active":false,"_exactmetrics_sitenote_note":"","_exactmetrics_sitenote_category":0,"jnews-multi-image_gallery":[],"jnews_single_post":[],"jnews_primary_category":[],"jnews_social_meta":[],"jnews_review":[],"enable_review":"","type":"","name":"","summary":"","brand":"","sku":"","good":[],"bad":[],"score_override":"","override_value":"","rating":[],"price":[],"jnews_override_counter":[],"jnews_post_split":[],"footnotes":""},"categories":[10],"tags":[],"class_list":["post-9206","post","type-post","status-publish","format-standard","has-post-thumbnail","hentry","category-accion-politica"],"jetpack_featured_media_url":"https:\/\/atecordoba.org\/wp-content\/uploads\/2020\/05\/logo-nuevochico-e1561581322808.png","_links":{"self":[{"href":"https:\/\/atecordoba.org\/index.php?rest_route=\/wp\/v2\/posts\/9206","targetHints":{"allow":["GET"]}}],"collection":[{"href":"https:\/\/atecordoba.org\/index.php?rest_route=\/wp\/v2\/posts"}],"about":[{"href":"https:\/\/atecordoba.org\/index.php?rest_route=\/wp\/v2\/types\/post"}],"author":[{"embeddable":true,"href":"https:\/\/atecordoba.org\/index.php?rest_route=\/wp\/v2\/users\/1"}],"replies":[{"embeddable":true,"href":"https:\/\/atecordoba.org\/index.php?rest_route=%2Fwp%2Fv2%2Fcomments&post=9206"}],"version-history":[{"count":0,"href":"https:\/\/atecordoba.org\/index.php?rest_route=\/wp\/v2\/posts\/9206\/revisions"}],"wp:featuredmedia":[{"embeddable":true,"href":"https:\/\/atecordoba.org\/index.php?rest_route=\/wp\/v2\/media\/19220"}],"wp:attachment":[{"href":"https:\/\/atecordoba.org\/index.php?rest_route=%2Fwp%2Fv2%2Fmedia&parent=9206"}],"wp:term":[{"taxonomy":"category","embeddable":true,"href":"https:\/\/atecordoba.org\/index.php?rest_route=%2Fwp%2Fv2%2Fcategories&post=9206"},{"taxonomy":"post_tag","embeddable":true,"href":"https:\/\/atecordoba.org\/index.php?rest_route=%2Fwp%2Fv2%2Ftags&post=9206"}],"curies":[{"name":"wp","href":"https:\/\/api.w.org\/{rel}","templated":true}]}}