{"id":9200,"date":"2017-10-20T12:16:28","date_gmt":"2017-10-20T15:16:28","guid":{"rendered":"http:\/\/www.atecordoba.org\/?p=9200"},"modified":"2020-08-10T11:02:26","modified_gmt":"2020-08-10T14:02:26","slug":"ate-rechaza-la-creacion-de-la-fundacion-pami","status":"publish","type":"post","link":"https:\/\/atecordoba.org\/?p=9200","title":{"rendered":"ATE rechaza la creaci\u00f3n de la \u201cFundaci\u00f3n PAMI\u201d"},"content":{"rendered":"<p>Los trabajadores aseguran que la resoluci\u00f3n representa la antesala del vaciamiento y la privatizaci\u00f3n del organismo.<\/p>\n<p><img loading=\"lazy\" decoding=\"async\" class=\"aligncenter size-full wp-image-9202\" src=\"http:\/\/www.atecordoba.org\/wp-content\/uploads\/2017\/10\/855a70fd7f42b1b310481126068a3337_m-e1508512194546.jpg\" alt=\"\" width=\"600\" height=\"400\"><\/p>\n<p><b><strong style=\"font-style: inherit;\">La denuncia de Asociaci\u00f3n Trabajadores del Estado surge luego de una reuni\u00f3n de la Coordinaci\u00f3n Nacional del PAMI.<\/strong><\/b><\/p>\n<p>En el Anfiteatro Eva Per\u00f3n del Consejo Directivo Nacional de ATE se reuni\u00f3 la Coordinaci\u00f3n Nacional de los trabajadores y trabajadoras del PAMI para analizar la creaci\u00f3n de la Fundaci\u00f3n PAMI, a partir de una resoluci\u00f3n de las autoridades de ese organismo. La medida afecta a los trabajadores y trabajadoras \u2013en principio, a los del Sanatorio del PAMI de Mar del Plata-, pero tambi\u00e9n a los jubilados y jubiladas, ya que abre la posibilidad a que este ente privado absorba las dem\u00e1s funciones y dependencias del organismo p\u00fablico.<\/p>\n<p>El documento elaborado como s\u00edntesis de la asamblea declara que la organizaci\u00f3n gremial se pronuncia en contra<b><strong style=\"font-style: inherit;\"><em style=\"font-style: inherit; font-weight: inherit;\">\u201cde la resoluci\u00f3n 0956\/17 sobre la creaci\u00f3n de Fundaci\u00f3n PAMI. La misma se enmarca claramente en una concepci\u00f3n de salud mercantilista y de gesti\u00f3n de negocios. Mediante la citada resoluci\u00f3n se pone en marcha un proceso de vaciamiento de la obra social de los jubilados en abierta confrontaci\u00f3n con la ley N\u00ba 19032, y con los principios p\u00fablicos, solidarios y de administraci\u00f3n democr\u00e1tica, bases sobre las cuales se organiza la seguridad social (art\u00edculo 14 bis de la Constituci\u00f3n)\u201d.<\/em><\/strong><\/b><\/p>\n<p>La Resoluci\u00f3n que crea la Fundaci\u00f3n le atribuye la funci\u00f3n de manejar&nbsp; el Sanatorio de PAMI de Mar del Plata (el Eva Duarte de Per\u00f3n o Houssay). ATE denunci\u00f3 que la misma pone fuera del \u00e1mbito estatal a trabajadores y trabajadoras del nosocomio, que sostienen un reclamo salarial por la actualizaci\u00f3n de sus haberes, congelados hace dos a\u00f1os, y para ser incluidos en el CCT del PAMI. Pero, adem\u00e1s, la medida puede significar el vaciamiento del organismo y afectar gravemente a todos los jubilados y jubiladas.<\/p>\n<p><img loading=\"lazy\" decoding=\"async\" class=\"aligncenter size-full wp-image-9201\" src=\"http:\/\/www.atecordoba.org\/wp-content\/uploads\/2017\/10\/10902_6178-e1508512144796.jpg\" alt=\"\" width=\"550\" height=\"978\"><\/p>\n<p>Se trata de un ente que tiene las mismas autoridades, atribuciones, roles y tareas que le corresponden al PAMI, pero una personer\u00eda jur\u00eddica privada. Esto abre una \u201ccaja de pandora\u201d porque, en la pr\u00e1ctica, la Fundaci\u00f3n tiene la capacidad de actuar no solo sobre el Sanatorio sino podr\u00eda administrar todas las funciones del PAMI.<\/p>\n<p>ATE repudi\u00f3 que las autoridades modifiquen la estructura del organismo con la constituci\u00f3n de una entidad privada para administrar bienes p\u00fablicos. El gremio advierte que se deja librado a que suceda una transferencia de funciones que vac\u00ede al PAMI y lo quite definitivamente de la \u00f3rbita p\u00fablica.<\/p>\n<p><b><strong style=\"font-style: inherit;\"><em style=\"font-style: inherit; font-weight: inherit;\">Detr\u00e1s de la excusa que expone la nueva disposici\u00f3n (Ayudar a mejorar la gesti\u00f3n), se esconden los verdaderos motivos que sin duda alguna tiene que ver con un nuevo intento de las autoridades para debilitar el alcance y las responsabilidades del instituto.<\/em><\/strong><\/b><\/p>\n<p>En la reuni\u00f3n estuvieron, adem\u00e1s de Ram\u00f3n y Pablo de la Coordinaci\u00f3n de PAMI, el Secretario General del gremio, Hugo \u201cCachorro\u201d Godoy; Silvia Le\u00f3n, Secretaria de Organizaci\u00f3n; Lidia Meza, Noelia Guzm\u00e1n y Horacio Gonz\u00e1lez del Centro Nacional de Jubilados\/as; C\u00e9sar Bali\u00f1a, Secretario Gremial del CDP bonaerense.&nbsp;&nbsp;<\/p>\n<p><strong>La delegada Elisa Ojeda asisti\u00f3 en representaci\u00f3n de Pami ATE C\u00f3rdoba, en tanto Nora Oviedo represent\u00f3 a&nbsp; Rio Cuarto.<\/strong><\/p>\n","protected":false},"excerpt":{"rendered":"<p>Los trabajadores aseguran que la resoluci\u00f3n representa la antesala del vaciamiento y la privatizaci\u00f3n del organismo. La denuncia de Asociaci\u00f3n Trabajadores del Estado surge luego de una reuni\u00f3n de la Coordinaci\u00f3n Nacional del PAMI. En el Anfiteatro Eva Per\u00f3n del Consejo Directivo Nacional de ATE se reuni\u00f3 la Coordinaci\u00f3n Nacional de los trabajadores y trabajadoras [&hellip;]<\/p>\n","protected":false},"author":1,"featured_media":19220,"comment_status":"open","ping_status":"open","sticky":false,"template":"","format":"standard","meta":{"_exactmetrics_skip_tracking":false,"_exactmetrics_sitenote_active":false,"_exactmetrics_sitenote_note":"","_exactmetrics_sitenote_category":0,"jnews-multi-image_gallery":[],"jnews_single_post":[],"jnews_primary_category":[],"jnews_social_meta":[],"jnews_review":[],"enable_review":"","type":"","name":"","summary":"","brand":"","sku":"","good":[],"bad":[],"score_override":"","override_value":"","rating":[],"price":[],"jnews_override_counter":[],"jnews_post_split":[],"footnotes":""},"categories":[10,104,18,102],"tags":[],"class_list":["post-9200","post","type-post","status-publish","format-standard","has-post-thumbnail","hentry","category-accion-politica","category-departamento-de-salud","category-nacionales","category-salud-2"],"jetpack_featured_media_url":"https:\/\/atecordoba.org\/wp-content\/uploads\/2020\/05\/logo-nuevochico-e1561581322808.png","_links":{"self":[{"href":"https:\/\/atecordoba.org\/index.php?rest_route=\/wp\/v2\/posts\/9200","targetHints":{"allow":["GET"]}}],"collection":[{"href":"https:\/\/atecordoba.org\/index.php?rest_route=\/wp\/v2\/posts"}],"about":[{"href":"https:\/\/atecordoba.org\/index.php?rest_route=\/wp\/v2\/types\/post"}],"author":[{"embeddable":true,"href":"https:\/\/atecordoba.org\/index.php?rest_route=\/wp\/v2\/users\/1"}],"replies":[{"embeddable":true,"href":"https:\/\/atecordoba.org\/index.php?rest_route=%2Fwp%2Fv2%2Fcomments&post=9200"}],"version-history":[{"count":1,"href":"https:\/\/atecordoba.org\/index.php?rest_route=\/wp\/v2\/posts\/9200\/revisions"}],"predecessor-version":[{"id":21135,"href":"https:\/\/atecordoba.org\/index.php?rest_route=\/wp\/v2\/posts\/9200\/revisions\/21135"}],"wp:featuredmedia":[{"embeddable":true,"href":"https:\/\/atecordoba.org\/index.php?rest_route=\/wp\/v2\/media\/19220"}],"wp:attachment":[{"href":"https:\/\/atecordoba.org\/index.php?rest_route=%2Fwp%2Fv2%2Fmedia&parent=9200"}],"wp:term":[{"taxonomy":"category","embeddable":true,"href":"https:\/\/atecordoba.org\/index.php?rest_route=%2Fwp%2Fv2%2Fcategories&post=9200"},{"taxonomy":"post_tag","embeddable":true,"href":"https:\/\/atecordoba.org\/index.php?rest_route=%2Fwp%2Fv2%2Ftags&post=9200"}],"curies":[{"name":"wp","href":"https:\/\/api.w.org\/{rel}","templated":true}]}}