{"id":9194,"date":"2017-10-19T13:07:42","date_gmt":"2017-10-19T16:07:42","guid":{"rendered":"http:\/\/www.atecordoba.org\/?p=9194"},"modified":"2022-01-17T12:32:27","modified_gmt":"2022-01-17T15:32:27","slug":"discapacidad-carta-de-ate-al-presidente-de-la-nacion","status":"publish","type":"post","link":"https:\/\/atecordoba.org\/?p=9194","title":{"rendered":"Discapacidad: Carta de ATE al Presidente de la Naci\u00f3n"},"content":{"rendered":"<p>El Consejo Directivo Nacional de ATE envi\u00f3 una carta a Mauricio Macri pidiendo explicaciones sobre el \u201cPlan Nacional de Discapacidad&#8221;.<img loading=\"lazy\" decoding=\"async\" class=\"aligncenter size-full wp-image-9195\" src=\"http:\/\/atecordoba.org\/wp-content\/uploads\/2020\/05\/6122c5050559bc42fbbcd1861eaa5a72_m-e1508428933915.jpg\" alt=\"\" width=\"550\" height=\"712\" \/><\/p>\n<p>Durante el mes de mayo del corriente, y siendo que hasta el presente no se ha dado a conocer el marco legal de dicho plan, sus alcances y objetivos, y c\u00f3mo se garantizar\u00e1n a trav\u00e9s del mismo los derechos de las personas con discapacidad.<\/p>\n<p>As\u00ed tambi\u00e9n, resta que se brinde informaci\u00f3n relativa al sistema de previsi\u00f3n y seguridad social respecto de todas las personas que se han visto perjudicadas con la quita de pensiones y que han perdido el derecho de acceso a la salud.<\/p>\n<p><img loading=\"lazy\" decoding=\"async\" class=\"aligncenter size-full wp-image-9197\" src=\"http:\/\/atecordoba.org\/wp-content\/uploads\/2020\/05\/10893_6173-e1508429183351.jpg\" alt=\"\" width=\"550\" height=\"712\" \/><\/p>\n<p>Que, en el mes de Septiembre del corriente se crea de la Agencia Nacional de Discapacidad por Decreto de Necesidad y Urgencia N\u00ba698\/17, no obstante las observaciones y tacha de nulidad que tal Decreto merece por no existir la urgencia invocada para ello, y por configurar una violaci\u00f3n al principio de divisi\u00f3n de poderes consagrado en los art. 1 y 39 de nuestra Constituci\u00f3n Nacional, la misma se encuentra re\u00f1ida con los principios que establece la Convenci\u00f3n de los Derechos de las Personas con Discapacidad , aprobada por ley 26.378, y que cuenta con jerarqu\u00eda constitucional conforme ley 27.044.<\/p>\n<p><img loading=\"lazy\" decoding=\"async\" class=\"aligncenter size-full wp-image-9198\" src=\"http:\/\/atecordoba.org\/wp-content\/uploads\/2020\/05\/10893_6174-e1508429225761.jpg\" alt=\"\" width=\"550\" height=\"712\" \/><\/p>\n<p>En virtud de lo normado por los art. 1, 33, 41, 43, y 75 inc. 22 de la Constituci\u00f3n Nacional donde se consagra el \u201cDerecho al Acceso a la Informaci\u00f3n P\u00fablica\u201d, y lo dispuesto por la ley 27.275, por medio de la presente venimos a solicitar formalmente la informaci\u00f3n que a continuaci\u00f3n se detalla:<\/p>\n<ol>\n<li>Normativa Legal y Administrativa del Plan Nacional de Discapacidad que lo sustenta y su armonizaci\u00f3n con la Convenci\u00f3n de los Derechos de las Personas con Discapacidad, La Ley Nacional de Salud Mental 26.657,\u00a0 las reformas introducidas por el C\u00f3digo Civil y Comercial\u00a0 y las Observaciones del Comit\u00e9\u00a0 sobre los Derechos de las Personas con Discapacidad de la ONU.<\/li>\n<li>Autoridad de Aplicaci\u00f3n del Plan, organismos que establece y sus funciones.<\/li>\n<li>Presupuesto proyectado\u00a0 total para su ejecuci\u00f3n.<\/li>\n<li>Forma de implementaci\u00f3n en las diferentes provincias.<\/li>\n<li>Beneficios que garantizar\u00e1 el Plan Nacional.<\/li>\n<li>Medidas de Apoyo que prev\u00e9 para la inclusi\u00f3n en \u00e1reas como educaci\u00f3n, salud y la inclusi\u00f3n laboral en el \u00e1mbito p\u00fablico, privado y apoyo para la creaci\u00f3n de cooperativas sociales.<\/li>\n<li>Condiciones y garant\u00edas que otorgar\u00e1 a los fines del cumplimiento del cupo del 4% previsto en la Ley 25.689.<\/li>\n<li>Medidas de Apoyo que prev\u00e9 para la inclusi\u00f3n mediante educaci\u00f3n com\u00fan, integraci\u00f3n con las escuelas llamadas especiales y su adecuaci\u00f3n respecto a la Convenci\u00f3n de los derechos de las personas con discapacidad. Accesibilidad para el ingreso a Institutos terciarios y universidades.<\/li>\n<li>Medidas para generar el derecho igualitario en\u00a0 salud, el acceso irrestricto de pr\u00f3tesis, \u00f3rtesis y todas las ayudas t\u00e9cnicas que garanticen la autonom\u00eda de las personas con discapacidad.<\/li>\n<li>Las medidas a implementar para garantizar la accesibilidad en el transporte de corta, media y larga distancia. Para la movilidad segura en las grandes urbes y en los lugares m\u00e1s distantes del pa\u00eds.<\/li>\n<li>Compatibilidad con los beneficios otorgados por el Sistema de Previsi\u00f3n y de la Seguridad Social.<\/li>\n<li>De cuenta de c\u00f3mo se est\u00e1n restableciendo las pensiones y jubilaciones derivadas\u00a0 que han sido quitadas\/ rechazadas de manera arbitraria durante los \u00faltimos 16 meses.<\/li>\n<\/ol>\n<p>13.\u00a0\u00a0\u00a0\u00a0\u00a0\u00a0 Respecto de la Agencia Nacional de Discapacidad (dto. 689\/17) se solicita informe sobre las siguientes cuestiones: 1) Motivos y Fundamentos de la inclusi\u00f3n en el \u00e1mbito de la misma a la Comisi\u00f3n Nacional de Pensiones Asistenciales; 2) Criterio utilizado para incluir el otorgamiento de las Pensiones Asistenciales dentro las funciones de la Agencia mencionada. 3) Explique por qu\u00e9 no se consulto a las organizaciones de personas con discapacidad \u2013 previo a la creaci\u00f3n de la Agencia- tal como lo establece la Convenci\u00f3n (cfr. art. 4 pto. 3); 4) Explique por qu\u00e9 no se dio cumplimiento al art. 35 de la Convenci\u00f3n, dado que no se encuentra contemplada en las facultades de la Agencia la elaboraci\u00f3n del informe al Comit\u00e9 sobre los Derechos de las Personas con Discapacidad; 5) Atento a que no se pone fecha de inicio para el funcionamiento de la Agencia y se disuelven ipso facto la CONADIS y la Comisi\u00f3n Nacional de Pensiones Asistenciales, cu\u00e1l ser\u00e1 el impacto en los expedientes que se encuentran tramitando en ambos organismos, y d\u00f3nde tramitaran los mismos transitoriamente; 6) Informe las funciones actuales de las delegaciones provinciales y municipales de la Comisi\u00f3n de Pensiones Asistenciales, e indique lugares de\u00a0 tramitaci\u00f3n de nuevas pensiones y recursos; 8) Indique partidas involucradas en el Presupuesto 2018 para el funcionamiento de la Agencia; 9) En virtud de las pol\u00edticas de transparencia justifique la falta de llamado a concurso para el cargo de Director de la Agencia; 10) Informe si esta agencia cumplir\u00e1 con el cupo del %4 dentro de sus trabajadores.<\/p>\n","protected":false},"excerpt":{"rendered":"<p>El Consejo Directivo Nacional de ATE envi\u00f3 una carta a Mauricio Macri pidiendo explicaciones sobre el \u201cPlan Nacional de Discapacidad&#8221;. Durante el mes de mayo del corriente, y siendo que hasta el presente no se ha dado a conocer el marco legal de dicho plan, sus alcances y objetivos, y c\u00f3mo se garantizar\u00e1n a trav\u00e9s [&hellip;]<\/p>\n","protected":false},"author":1,"featured_media":15206,"comment_status":"open","ping_status":"open","sticky":false,"template":"","format":"standard","meta":{"_exactmetrics_skip_tracking":false,"_exactmetrics_sitenote_active":false,"_exactmetrics_sitenote_note":"","_exactmetrics_sitenote_category":0,"jnews-multi-image_gallery":[],"jnews_single_post":{"subtitle":"","format":"standard","video":"","gallery":"","source_name":"","source_url":"","via_name":"","via_url":"","override_template":"0","override":[{"template":"1","single_blog_custom":"","parallax":"1","fullscreen":"0","layout":"right-sidebar","sidebar":"default-sidebar","second_sidebar":"default-sidebar","sticky_sidebar":"1","share_position":"top","share_float_style":"share-monocrhome","show_share_counter":"1","show_view_counter":"1","show_featured":"1","show_post_meta":"1","show_post_author":"1","show_post_author_image":"1","show_post_date":"1","post_date_format":"default","post_date_format_custom":"Y\/m\/d","show_post_category":"1","show_post_reading_time":"0","post_reading_time_wpm":"300","show_zoom_button":"0","zoom_button_out_step":"2","zoom_button_in_step":"3","show_post_tag":"1","show_prev_next_post":"1","show_popup_post":"1","number_popup_post":"1","show_author_box":"0","show_post_related":"0","show_inline_post_related":"0"}],"override_image_size":"0","image_override":[{"single_post_thumbnail_size":"crop-500","single_post_gallery_size":"crop-500"}],"trending_post":"0","trending_post_position":"meta","trending_post_label":"Trending","sponsored_post":"0","sponsored_post_label":"Sponsored by","sponsored_post_name":"","sponsored_post_url":"","sponsored_post_logo_enable":"0","sponsored_post_logo":"","sponsored_post_desc":""},"jnews_primary_category":{"id":""},"jnews_social_meta":{"fb_title":"","fb_description":"","fb_image":"","twitter_title":"","twitter_description":"","twitter_image":""},"jnews_review":[],"enable_review":"0","type":"percentage","name":"","summary":"","brand":"","sku":"","good":[{"good_text":""}],"bad":[{"bad_text":""}],"score_override":"","override_value":"","rating":[{"rating_text":"","rating_number":"10"}],"price":[{"shop":"","price":"","link":"","icon":""}],"jnews_override_counter":{"override_view_counter":"0","view_counter_number":"0","override_share_counter":"0","share_counter_number":"0","override_like_counter":"0","like_counter_number":"0","override_dislike_counter":"0","dislike_counter_number":"0"},"jnews_post_split":{"enable_post_split":"0","post_split":[{"template":"1","tag":"h2","numbering":"asc","mode":"normal"}]},"footnotes":""},"categories":[10,53,18],"tags":[],"class_list":["post-9194","post","type-post","status-publish","format-standard","has-post-thumbnail","hentry","category-accion-politica","category-comunicados-de-prensa","category-nacionales"],"jetpack_featured_media_url":"https:\/\/atecordoba.org\/wp-content\/uploads\/2020\/05\/6122c5050559bc42fbbcd1861eaa5a72_m-e1508428933915.jpg","_links":{"self":[{"href":"https:\/\/atecordoba.org\/index.php?rest_route=\/wp\/v2\/posts\/9194","targetHints":{"allow":["GET"]}}],"collection":[{"href":"https:\/\/atecordoba.org\/index.php?rest_route=\/wp\/v2\/posts"}],"about":[{"href":"https:\/\/atecordoba.org\/index.php?rest_route=\/wp\/v2\/types\/post"}],"author":[{"embeddable":true,"href":"https:\/\/atecordoba.org\/index.php?rest_route=\/wp\/v2\/users\/1"}],"replies":[{"embeddable":true,"href":"https:\/\/atecordoba.org\/index.php?rest_route=%2Fwp%2Fv2%2Fcomments&post=9194"}],"version-history":[{"count":1,"href":"https:\/\/atecordoba.org\/index.php?rest_route=\/wp\/v2\/posts\/9194\/revisions"}],"predecessor-version":[{"id":19346,"href":"https:\/\/atecordoba.org\/index.php?rest_route=\/wp\/v2\/posts\/9194\/revisions\/19346"}],"wp:featuredmedia":[{"embeddable":true,"href":"https:\/\/atecordoba.org\/index.php?rest_route=\/wp\/v2\/media\/15206"}],"wp:attachment":[{"href":"https:\/\/atecordoba.org\/index.php?rest_route=%2Fwp%2Fv2%2Fmedia&parent=9194"}],"wp:term":[{"taxonomy":"category","embeddable":true,"href":"https:\/\/atecordoba.org\/index.php?rest_route=%2Fwp%2Fv2%2Fcategories&post=9194"},{"taxonomy":"post_tag","embeddable":true,"href":"https:\/\/atecordoba.org\/index.php?rest_route=%2Fwp%2Fv2%2Ftags&post=9194"}],"curies":[{"name":"wp","href":"https:\/\/api.w.org\/{rel}","templated":true}]}}