{"id":9191,"date":"2017-10-19T10:50:47","date_gmt":"2017-10-19T13:50:47","guid":{"rendered":"http:\/\/www.atecordoba.org\/?p=9191"},"modified":"2017-10-19T10:50:47","modified_gmt":"2017-10-19T13:50:47","slug":"memorias-y-testimonios-de-un-gigante-la-fabrica-militar-de-rio-tercero","status":"publish","type":"post","link":"https:\/\/atecordoba.org\/?p=9191","title":{"rendered":"\u201cMemorias y testimonios de un gigante: la F\u00e1brica Militar de R\u00edo Tercero\u201d"},"content":{"rendered":"<p>En la sede del CDN de ATE, finaliz\u00f3 hoy la realizaci\u00f3n documental \u201cMemorias y testimonios de un gigante: la F\u00e1brica Militar de R\u00edo Tercero\u201d.<\/p>\n<p><img loading=\"lazy\" decoding=\"async\" class=\"aligncenter size-full wp-image-9192\" src=\"http:\/\/www.atecordoba.org\/wp-content\/uploads\/2017\/10\/rio-3ro-e1508420579803.jpg\" alt=\"\" width=\"600\" height=\"337\"><\/p>\n<p>&nbsp;<\/p>\n<p>El mismo consta de tres partes, de una hora aproximadamente, con los respectivos cap\u00edtulos: \u201cEl Estado de Bienestar: F\u00e1brica Militar R\u00edo Tercero\u201d; \u201cEl hongo tr\u00e1gico de la mentira: el atentado del&nbsp; 3 de noviembre\u201d y \u201c\u00bfEl tiempo de la verdad y la justicia?\u201d.<\/p>\n<p>El documental hace un recorrido hist\u00f3rico desde la creaci\u00f3n del complejo industrial-militar y qu\u00edmico de la ciudad de R\u00edo Tercero en las d\u00e9cadas del \u00b430, \u00b440 y \u00b450, hasta su posterior desestructuraci\u00f3n y desmantelamiento durante los a\u00f1os del neoliberalismo, teniendo como an\u00e1lisis central el atentado del 3 de noviembre de 1995 que implic\u00f3 la voladura de la f\u00e1brica para esconder la triangulaci\u00f3n y el tr\u00e1fico de armas a Croacia y Ecuador, realizado por agentes y actores del poder nacional e internacional, en un entramado con consecuencias geopol\u00edticas de envergadura.<\/p>\n<p>En el marco del paro y movilizaci\u00f3n que se realizar\u00e1 el pr\u00f3ximo 3 de noviembre de los trabajadores de Fabricaciones Militares, el documental ser\u00e1 proyectado ese mismo d\u00eda en el anfiteatro de ATE, fecha que se conmemora un nuevo aniversario del atentado.<\/p>\n<p>Del documental forman parte el Secretario General de ATE nacional Hugo \u201cCachorro\u201d Godoy y Cristian Colman, Secretario General de ATE R\u00edo Tercero. Entre los presentes estuvieron el historiador cordob\u00e9s y documentalista Cristian Primo, el escritor reviosionista de ATE Daniel Parcero, y el productor cinematogr\u00e1fico Carlos Lencinas. Adem\u00e1s participaron los integrantes de la Agrupaci\u00f3n por el Esclarecimiento de la Masacre Impune de la AMIA, Laura Ginsberg y Pablo Gitter.<\/p>\n","protected":false},"excerpt":{"rendered":"<p>En la sede del CDN de ATE, finaliz\u00f3 hoy la realizaci\u00f3n documental \u201cMemorias y testimonios de un gigante: la F\u00e1brica Militar de R\u00edo Tercero\u201d. &nbsp; El mismo consta de tres partes, de una hora aproximadamente, con los respectivos cap\u00edtulos: \u201cEl Estado de Bienestar: F\u00e1brica Militar R\u00edo Tercero\u201d; \u201cEl hongo tr\u00e1gico de la mentira: el atentado [&hellip;]<\/p>\n","protected":false},"author":1,"featured_media":19220,"comment_status":"open","ping_status":"open","sticky":false,"template":"","format":"standard","meta":{"_exactmetrics_skip_tracking":false,"_exactmetrics_sitenote_active":false,"_exactmetrics_sitenote_note":"","_exactmetrics_sitenote_category":0,"jnews-multi-image_gallery":[],"jnews_single_post":[],"jnews_primary_category":[],"jnews_social_meta":[],"jnews_review":[],"enable_review":"","type":"","name":"","summary":"","brand":"","sku":"","good":[],"bad":[],"score_override":"","override_value":"","rating":[],"price":[],"jnews_override_counter":[],"jnews_post_split":[],"footnotes":""},"categories":[10,17],"tags":[],"class_list":["post-9191","post","type-post","status-publish","format-standard","has-post-thumbnail","hentry","category-accion-politica","category-fabricaciones-militares"],"jetpack_featured_media_url":"https:\/\/atecordoba.org\/wp-content\/uploads\/2020\/05\/logo-nuevochico-e1561581322808.png","_links":{"self":[{"href":"https:\/\/atecordoba.org\/index.php?rest_route=\/wp\/v2\/posts\/9191","targetHints":{"allow":["GET"]}}],"collection":[{"href":"https:\/\/atecordoba.org\/index.php?rest_route=\/wp\/v2\/posts"}],"about":[{"href":"https:\/\/atecordoba.org\/index.php?rest_route=\/wp\/v2\/types\/post"}],"author":[{"embeddable":true,"href":"https:\/\/atecordoba.org\/index.php?rest_route=\/wp\/v2\/users\/1"}],"replies":[{"embeddable":true,"href":"https:\/\/atecordoba.org\/index.php?rest_route=%2Fwp%2Fv2%2Fcomments&post=9191"}],"version-history":[{"count":0,"href":"https:\/\/atecordoba.org\/index.php?rest_route=\/wp\/v2\/posts\/9191\/revisions"}],"wp:featuredmedia":[{"embeddable":true,"href":"https:\/\/atecordoba.org\/index.php?rest_route=\/wp\/v2\/media\/19220"}],"wp:attachment":[{"href":"https:\/\/atecordoba.org\/index.php?rest_route=%2Fwp%2Fv2%2Fmedia&parent=9191"}],"wp:term":[{"taxonomy":"category","embeddable":true,"href":"https:\/\/atecordoba.org\/index.php?rest_route=%2Fwp%2Fv2%2Fcategories&post=9191"},{"taxonomy":"post_tag","embeddable":true,"href":"https:\/\/atecordoba.org\/index.php?rest_route=%2Fwp%2Fv2%2Ftags&post=9191"}],"curies":[{"name":"wp","href":"https:\/\/api.w.org\/{rel}","templated":true}]}}