{"id":9182,"date":"2017-10-18T11:33:19","date_gmt":"2017-10-18T14:33:19","guid":{"rendered":"http:\/\/www.atecordoba.org\/?p=9182"},"modified":"2017-10-18T11:33:19","modified_gmt":"2017-10-18T14:33:19","slug":"festejos-dia-de-la-madre-en-la-maternidad-provincial-de-cordoba","status":"publish","type":"post","link":"https:\/\/atecordoba.org\/?p=9182","title":{"rendered":"Festejos D\u00eda de la Madre en la Maternidad Provincial de C\u00f3rdoba"},"content":{"rendered":"<p>El pasado viernes 13 de octubre se desarroll\u00f3 en la Maternidad Provincial de C\u00f3rdoba, un festejo en las v\u00edsperas del D\u00eda de la madre. Participaron de la celebraci\u00f3n los pacientes y empleados del establecimiento compartiendo un agradable momento.<\/p>\n<p><img loading=\"lazy\" decoding=\"async\" class=\"aligncenter size-full wp-image-9183\" src=\"http:\/\/www.atecordoba.org\/wp-content\/uploads\/2017\/10\/WhatsApp-Image-2017-10-13-at-13.57.23-e1508337064383.jpeg\" alt=\"\" width=\"550\" height=\"330\"><\/p>\n<p>Por iniciativa de m\u00e9dicos y enfermeros del departamento de Obstetricia de la Maternidad cordobesa ubicada en barrio San Vicente, en la ma\u00f1ana del viernes pasado se organiz\u00f3 un festejo para agasajar a todas las madres presentes en el establecimiento, pacientes y personal participaron del evento que cont\u00f3 con el n\u00famero musical del \u201cCuarteto del amor\u201d.<\/p>\n<p>ATE como Gremio defensor de la salud p\u00fablica gratuita y de calidad, particip\u00f3 activamente del evento con la donaci\u00f3n de golosinas y alimentos, estuvieron presentes los delegados del sector Gabriela Garcia, Zelma Godoy, Roberto Calvetti y Omar Alercia. &nbsp;&nbsp;&nbsp;&nbsp;&nbsp;<\/p>\n<p><img loading=\"lazy\" decoding=\"async\" class=\"aligncenter size-full wp-image-9187\" src=\"http:\/\/www.atecordoba.org\/wp-content\/uploads\/2017\/10\/WhatsApp-Image-2017-10-13-at-13.57.22-e1508337051510.jpeg\" alt=\"\" width=\"550\" height=\"310\"><\/p>\n","protected":false},"excerpt":{"rendered":"<p>El pasado viernes 13 de octubre se desarroll\u00f3 en la Maternidad Provincial de C\u00f3rdoba, un festejo en las v\u00edsperas del D\u00eda de la madre. Participaron de la celebraci\u00f3n los pacientes y empleados del establecimiento compartiendo un agradable momento. Por iniciativa de m\u00e9dicos y enfermeros del departamento de Obstetricia de la Maternidad cordobesa ubicada en barrio [&hellip;]<\/p>\n","protected":false},"author":1,"featured_media":19220,"comment_status":"open","ping_status":"open","sticky":false,"template":"","format":"standard","meta":{"_exactmetrics_skip_tracking":false,"_exactmetrics_sitenote_active":false,"_exactmetrics_sitenote_note":"","_exactmetrics_sitenote_category":0,"jnews-multi-image_gallery":[],"jnews_single_post":[],"jnews_primary_category":[],"jnews_social_meta":[],"jnews_review":[],"enable_review":"","type":"","name":"","summary":"","brand":"","sku":"","good":[],"bad":[],"score_override":"","override_value":"","rating":[],"price":[],"jnews_override_counter":[],"jnews_post_split":[],"footnotes":""},"categories":[1],"tags":[],"class_list":["post-9182","post","type-post","status-publish","format-standard","has-post-thumbnail","hentry","category-sin-categoria"],"jetpack_featured_media_url":"https:\/\/atecordoba.org\/wp-content\/uploads\/2020\/05\/logo-nuevochico-e1561581322808.png","_links":{"self":[{"href":"https:\/\/atecordoba.org\/index.php?rest_route=\/wp\/v2\/posts\/9182","targetHints":{"allow":["GET"]}}],"collection":[{"href":"https:\/\/atecordoba.org\/index.php?rest_route=\/wp\/v2\/posts"}],"about":[{"href":"https:\/\/atecordoba.org\/index.php?rest_route=\/wp\/v2\/types\/post"}],"author":[{"embeddable":true,"href":"https:\/\/atecordoba.org\/index.php?rest_route=\/wp\/v2\/users\/1"}],"replies":[{"embeddable":true,"href":"https:\/\/atecordoba.org\/index.php?rest_route=%2Fwp%2Fv2%2Fcomments&post=9182"}],"version-history":[{"count":0,"href":"https:\/\/atecordoba.org\/index.php?rest_route=\/wp\/v2\/posts\/9182\/revisions"}],"wp:featuredmedia":[{"embeddable":true,"href":"https:\/\/atecordoba.org\/index.php?rest_route=\/wp\/v2\/media\/19220"}],"wp:attachment":[{"href":"https:\/\/atecordoba.org\/index.php?rest_route=%2Fwp%2Fv2%2Fmedia&parent=9182"}],"wp:term":[{"taxonomy":"category","embeddable":true,"href":"https:\/\/atecordoba.org\/index.php?rest_route=%2Fwp%2Fv2%2Fcategories&post=9182"},{"taxonomy":"post_tag","embeddable":true,"href":"https:\/\/atecordoba.org\/index.php?rest_route=%2Fwp%2Fv2%2Ftags&post=9182"}],"curies":[{"name":"wp","href":"https:\/\/api.w.org\/{rel}","templated":true}]}}