{"id":9178,"date":"2017-10-13T14:33:21","date_gmt":"2017-10-13T17:33:21","guid":{"rendered":"http:\/\/www.atecordoba.org\/?p=9178"},"modified":"2017-10-13T14:33:21","modified_gmt":"2017-10-13T17:33:21","slug":"presupuesto-nacional-2018-ajuste-tarifazo-y-endeudamiento","status":"publish","type":"post","link":"https:\/\/atecordoba.org\/?p=9178","title":{"rendered":"Presupuesto Nacional 2018: Ajuste, Tarifazo y Endeudamiento"},"content":{"rendered":"<p>Ayer se llev\u00f3 a cabo en la sede del Consejo Directivo Provincial de calle Entre R\u00edos, en el centro de la ciudad de C\u00f3rdoba, un taller debate sobre el Presupuesto Nacional 2018, a cargo del director del Instituto de Estudios sobre el Estado y la Participaci\u00f3n (IDEP), Horacio Fern\u00e1ndez.<\/p>\n<p><img loading=\"lazy\" decoding=\"async\" class=\"aligncenter size-full wp-image-9179\" src=\"http:\/\/www.atecordoba.org\/wp-content\/uploads\/2017\/10\/1.jpg\" alt=\"\" width=\"550\" height=\"412\"><\/p>\n<p>Participaron del encuentro miembros la comisi\u00f3n directiva del Consejo Directivo Provincial, los Secretarios generales de Villa Mar\u00eda, Rio tercero y Rio cuarto, delegados y activistas de nuestro gremio. La jornada se desarroll\u00f3 exitosamente con una importante concurrencia y participaci\u00f3n activa durante el debate con preguntas y respuestas que fueron esclarecedoras ante los fr\u00edos n\u00fameros que expone el Presupuesto Nacional 2018 y que permite tener una mirada m\u00e1s precisa del panorama que plantea el gobierno de Macri, el cual no es favorable para el crecimiento de la industria nacional. La quita de subsidios en el sector energ\u00e9tico afectar\u00e1 el bolsillo de todos los ciudadanos argentinos y un sideral endeudamiento de cr\u00e9dito internacional que, solamente en intereses de capital financiero, se proyecta pagar 284 mil millones de pesos condicionando el crecimiento de nuestra Naci\u00f3n. &nbsp;&nbsp;&nbsp;&nbsp;&nbsp;&nbsp;<\/p>\n<p>Horacio Fernandez, en cuanto a la din\u00e1mica de la charla dijo<em>: <\/em>\u201c<em>La idea de hoy es transmitir la informaci\u00f3n para que en conjunto podamos construir los conocimientos que son necesarios para poder manejar <strong>el presupuesto, que no es m\u00e1s que el plan de gobierno expresado en n\u00fameros<\/strong> y que muchas veces se hace dif\u00edcil de entender porque se trabaja con n\u00fameros grandes y distintas presentaciones que si los podemos separar y comprender en su l\u00f3gica, los trabajadores estamos capacitados para discutir el plan de gobierno que nos proponen el gobierno nacional, el provincial y el municipal\u201d<\/em><\/p>\n<p><em>\u201cSiempre las experiencias de formaci\u00f3n son muy ricas porque permite la construcci\u00f3n colectiva de conocimiento y as\u00ed encontrar la potencialidad que est\u00e1 en cada uno de los compa\u00f1eros de poder seguir analizando ellos puertas adentro, el presupuesto de la provincia, de su organismo\u201d<\/em> sostuvo Fern\u00e1ndez. En el mismo tono, la Secretaria general de ATE C\u00f3rdoba <strong>Mar\u00eda Liliana Salerno<\/strong> sostuvo: <em>\u201cHay varias formas de transmitir los pensamientos y la informaci\u00f3n, dentro de estas yo destaco la presencial, el cara a cara, el mirar a los ojos. Hoy Horacio Fern\u00e1ndez no solo transmiti\u00f3 sus conocimientos sino que permiti\u00f3 el intercambio entre \u00e9l y los que escuch\u00e1bamos y despejamos las dudas en el momento, haciendo todo m\u00e1s ameno e interesante\u201d<\/em><\/p>\n<p>El director de IDEP se mostr\u00f3 muy preocupado por la situaci\u00f3n econ\u00f3mica que se avecina: <em>\u201cEl presupuesto del a\u00f1o que viene tiene tres l\u00edneas directrices: un ajuste del gasto, un importante tarifazo y un brutal endeudamiento. Ajuste en el gasto significa la disminuci\u00f3n de las pol\u00edticas p\u00fablicas, no solo el achique en la masa salarial sino la p\u00e9rdida de calidad de las pol\u00edticas p\u00fablicas. Se va a dar un tarifazo muy importante porque no dicen que van a aumentar la tarifa pero se expresa claramente en el presupuesto que la partida de subsidios a la energ\u00eda va a bajar significativamente lo que va a ser compensado con aumento de tarifa. Y un endeudamiento brutal porque para el a\u00f1o 2018 este presupuesto lo que propone es un incremento de la deuda en 46.500 millones de d\u00f3lares. &nbsp;Estos tres elementos nos plantean hacia adelante un panorama complicado, La Argentina tiene historia, tiene memoria, es un pueblo que sabe lo que significan procesos de endeudamiento que se cortan cuando deja de aparecer financiamiento y los ajustes que se inducen son pavorosos, hemos tenido crisis marcadas por esa situaci\u00f3n\u201d<\/em><\/p>\n<p><em>&nbsp;\u201cSiempre el presupuesto es importante porque es el plan de gobierno para el a\u00f1o siguiente puesto en n\u00fameros y cada gesti\u00f3n hace uso de este recurso provechosamente, <strong>muchas veces los presupuestos dicen mas por lo que ocultan que por lo que muestran <\/strong>\u201d<\/em><\/p>\n<p><em>\u201cEl endeudamiento no va a provocar un caos social en el corto plazo pero es tan alto el monto de la deuda adquirida que genera condiciones en donde queda claro que la econom\u00eda argentina no tiene capacidad de repago de ese nivel de deuda\u201d<\/em><\/p>\n<p><em>\u201cComo ya se est\u00e1 dando una situaci\u00f3n de ajuste, tarifas altas entonces para cerrar los n\u00fameros toman m\u00e1s de 46.000 millones de d\u00f3lares de deuda y en esto no se trata de ser adivino o tarotista para adivinar cuando va a ser pero se est\u00e1n generando condiciones de insostenibilidad de la econom\u00eda argentina\u201d<\/em><\/p>\n<p>El taller se desarroll\u00f3 de forma muy participativa y colaborativa, sobre esto expres\u00f3: <em>\u201cEl nivel participaci\u00f3n ha sido impresionante, muchas preguntas, comentarios y esto es lo m\u00e1s interesante porque se construye en base al debate y eso es un conocimiento que queda y es fundamental que este conocimiento se pueda socializar hacia adentro de las diferentes reparticiones y llegue a todos los trabajadores\u201d<\/em><\/p>\n<p>La secretaria General Salerno calific\u00f3 a la jornada como muy productiva y dijo: <em>\u201cEsta es una formaci\u00f3n necesaria para todos los compa\u00f1eros que somos dirigentes y tenemos la obligaci\u00f3n de estar m\u00e1s preparados e instruidos en un momento tan importante como el actual, sabemos que se viene una profundizaci\u00f3n en el ajuste, especialmente sobre los trabajadores del estado\u201d<\/em><\/p>\n<p><em>\u201cHoy vimos con claridad cu\u00e1l es la situaci\u00f3n del presupuesto para el a\u00f1o que viene y cual es la situaci\u00f3n fiscal de cada provincia, entonces estos espacios nos ayudan y nos preparan en este sentido\u201d<\/em><\/p>\n","protected":false},"excerpt":{"rendered":"<p>Ayer se llev\u00f3 a cabo en la sede del Consejo Directivo Provincial de calle Entre R\u00edos, en el centro de la ciudad de C\u00f3rdoba, un taller debate sobre el Presupuesto Nacional 2018, a cargo del director del Instituto de Estudios sobre el Estado y la Participaci\u00f3n (IDEP), Horacio Fern\u00e1ndez. Participaron del encuentro miembros la comisi\u00f3n [&hellip;]<\/p>\n","protected":false},"author":1,"featured_media":19220,"comment_status":"open","ping_status":"open","sticky":false,"template":"","format":"standard","meta":{"_exactmetrics_skip_tracking":false,"_exactmetrics_sitenote_active":false,"_exactmetrics_sitenote_note":"","_exactmetrics_sitenote_category":0,"jnews-multi-image_gallery":[],"jnews_single_post":[],"jnews_primary_category":[],"jnews_social_meta":[],"jnews_review":[],"enable_review":"","type":"","name":"","summary":"","brand":"","sku":"","good":[],"bad":[],"score_override":"","override_value":"","rating":[],"price":[],"jnews_override_counter":[],"jnews_post_split":[],"footnotes":""},"categories":[1],"tags":[],"class_list":["post-9178","post","type-post","status-publish","format-standard","has-post-thumbnail","hentry","category-sin-categoria"],"jetpack_featured_media_url":"https:\/\/atecordoba.org\/wp-content\/uploads\/2020\/05\/logo-nuevochico-e1561581322808.png","_links":{"self":[{"href":"https:\/\/atecordoba.org\/index.php?rest_route=\/wp\/v2\/posts\/9178","targetHints":{"allow":["GET"]}}],"collection":[{"href":"https:\/\/atecordoba.org\/index.php?rest_route=\/wp\/v2\/posts"}],"about":[{"href":"https:\/\/atecordoba.org\/index.php?rest_route=\/wp\/v2\/types\/post"}],"author":[{"embeddable":true,"href":"https:\/\/atecordoba.org\/index.php?rest_route=\/wp\/v2\/users\/1"}],"replies":[{"embeddable":true,"href":"https:\/\/atecordoba.org\/index.php?rest_route=%2Fwp%2Fv2%2Fcomments&post=9178"}],"version-history":[{"count":0,"href":"https:\/\/atecordoba.org\/index.php?rest_route=\/wp\/v2\/posts\/9178\/revisions"}],"wp:featuredmedia":[{"embeddable":true,"href":"https:\/\/atecordoba.org\/index.php?rest_route=\/wp\/v2\/media\/19220"}],"wp:attachment":[{"href":"https:\/\/atecordoba.org\/index.php?rest_route=%2Fwp%2Fv2%2Fmedia&parent=9178"}],"wp:term":[{"taxonomy":"category","embeddable":true,"href":"https:\/\/atecordoba.org\/index.php?rest_route=%2Fwp%2Fv2%2Fcategories&post=9178"},{"taxonomy":"post_tag","embeddable":true,"href":"https:\/\/atecordoba.org\/index.php?rest_route=%2Fwp%2Fv2%2Ftags&post=9178"}],"curies":[{"name":"wp","href":"https:\/\/api.w.org\/{rel}","templated":true}]}}