{"id":9175,"date":"2017-10-13T10:39:09","date_gmt":"2017-10-13T13:39:09","guid":{"rendered":"http:\/\/www.atecordoba.org\/?p=9175"},"modified":"2020-06-09T15:38:54","modified_gmt":"2020-06-09T18:38:54","slug":"las-mujeres-de-ate-se-preparan-para-chaco","status":"publish","type":"post","link":"https:\/\/atecordoba.org\/?p=9175","title":{"rendered":"Las mujeres de ATE se preparan para Chaco"},"content":{"rendered":"<p>Alrededor de 900 estatales confluir\u00e1n en Resistencia para participar del 32\u00ba Encuentro Nacional de Mujeres.<\/p>\n<p><img loading=\"lazy\" decoding=\"async\" class=\"aligncenter size-full wp-image-9176\" src=\"http:\/\/atecordoba.org\/wp-content\/uploads\/2020\/06\/10841_6103-e1507901537601.jpg\" alt=\"\" width=\"550\" height=\"310\"><\/p>\n<p>Este viernes, alrededor de 900 mujeres de ATE de todo el pa\u00eds emprender\u00e1n su viaja hacia la ciudad de Resistencia, en Chaco, para participar del 32\u00ba Encuentro Nacional de Mujeres. Desde el CDN de ATE, esa tarde zarpar\u00e1n contingentes integrados por compa\u00f1eras de la Conducci\u00f3n Nacional, de &nbsp;juntas internas de la Capital Federal, del Centro Nacional de Jubilados\/as,&nbsp; as\u00ed como de Tierra del Fuego y Pico Truncado, Santa Cruz. Tambi\u00e9n se suma una compa\u00f1era de Uruguay.En tanto que mujeres de las organizaciones sociales de la CTA Aut\u00f3noma partir\u00e1n desde la sede de la Central, en calle Per\u00f3n.<\/p>\n<p>La Direcci\u00f3n de G\u00e9nero del gremio viene realizando un gran esfuerzo para que las mujeres de ATE pueda alojarse y viajar juntas. En ese sentido, la mayor\u00eda de ellas parar\u00e1n en el complejo \u00d1u Pora, en Resistencia: de Salta (Tartagal y la capital), Tucum\u00e1n, C\u00f3rdoba, Formosa, Misiones, Catamarca, San Juan, San Luis, Entre R\u00edos, R\u00edo Negro, Santa Cruz y Tierra del Fuego. Otro gran contingente de ATE Provincia de Buenos Aires, que sale desde ese CDP, y de juntas internas de Capital Federal, se alojaran en otros hoteles y escuelas, en Resistencia como en Corrientes.<\/p>\n<p><b><strong style=\"font-style: inherit;\">Reuni\u00f3n organizativa<\/strong><\/b><\/p>\n<p>El s\u00e1bado a las 19 horas, todas las estatales del gremio est\u00e1n convocadas a una reuni\u00f3n organizativa que se realizar\u00e1 en la sede de ATE Chaco, ubicada en Entre R\u00edos 357. Durante la misma, \u201cse reforzar\u00e1n las estrategia de autocuidado para garantizar la seguridad de las compa\u00f1eras en la marcha del domingo\u201d.<\/p>\n<p>\u201cValoramos el esfuerzo de las compa\u00f1eras de todas las provincias, que desde lugares tan remotos, de la punta m\u00e1s al norte como es Tartagal, hasta la punta m\u00e1s austral, como es Tierra del Fuego, han realizado una tarea de coordinaci\u00f3n para participar organizadas\u201d, expresaron desde la Direcci\u00f3n de G\u00e9nero de ATE Nacional, al tiempo que tambi\u00e9n destacaron el trabajo que vienen haciendo las compa\u00f1eras de ATE Chaco y de toda la Comisi\u00f3n Organizadora del XXII ENM \u2013del que forman parte- para recibir a las decenas de miles de mujeres que har\u00e1n el Encuentro.<\/p>\n<p><b><strong style=\"font-style: inherit;\">\u00bfDe qu\u00e9 se trata?<\/strong><\/b><\/p>\n<p>En 1986, un grupo de mujeres vio &nbsp;la necesidad de autoconvocarse para tratar la problem\u00e1tica espec\u00edfica de las mujeres en nuestro pa\u00eds, donde al igual que en el resto del mundo sufrimos una marcada discriminaci\u00f3n en el rol que tenemos en la sociedad.<\/p>\n<p>Cada a\u00f1o los encuentros son m\u00e1s masivos y exitosos. En el primero fueron 1000 mujeres mientras que en 2016, en Rosario, las que participaron fueron unas 100.000.<\/p>\n<p>El coraz\u00f3n de los encuentros son los talleres, que con una multiplicidad de tem\u00e1ticas cada vez intentan abarcar la diversidad de mujeres que participan. Este a\u00f1o habr\u00e1, de forma simult\u00e1nea, 71 talleres oficiales, a los que se suman talleres autogestionados, recitales, manifestaciones, charlas, ferias, entre otras tantas actividades.<\/p>\n<p>En cada uno, se re\u00fanen mujeres, trans y travestis de distintos \u00e1mbitos laborales, sociales, culturales, con distintas identidades de g\u00e9nero, edades, orientaci\u00f3n sexual, pertenencia pol\u00edtica y sindical.<\/p>\n<p>\u201cEsa energ\u00eda que se encuentra, en esos tres d\u00edas, en la ciudad que toque, es una fuerza que en el planeta Tierra se hace sentir\u201d.&nbsp; \u201c\u00a1El encuentro somos todas!\u201d.<\/p>\n<p><b><strong style=\"font-style: inherit;\">Prensa ATE<\/strong><\/b><\/p>\n","protected":false},"excerpt":{"rendered":"<p>Alrededor de 900 estatales confluir\u00e1n en Resistencia para participar del 32\u00ba Encuentro Nacional de Mujeres. Este viernes, alrededor de 900 mujeres de ATE de todo el pa\u00eds emprender\u00e1n su viaja hacia la ciudad de Resistencia, en Chaco, para participar del 32\u00ba Encuentro Nacional de Mujeres. Desde el CDN de ATE, esa tarde zarpar\u00e1n contingentes integrados [&hellip;]<\/p>\n","protected":false},"author":1,"featured_media":19220,"comment_status":"open","ping_status":"open","sticky":false,"template":"","format":"standard","meta":{"_exactmetrics_skip_tracking":false,"_exactmetrics_sitenote_active":false,"_exactmetrics_sitenote_note":"","_exactmetrics_sitenote_category":0,"jnews-multi-image_gallery":[],"jnews_single_post":[],"jnews_primary_category":[],"jnews_social_meta":[],"jnews_review":[],"enable_review":"","type":"","name":"","summary":"","brand":"","sku":"","good":[],"bad":[],"score_override":"","override_value":"","rating":[],"price":[],"jnews_override_counter":[],"jnews_post_split":[],"footnotes":""},"categories":[10,75,325,18],"tags":[],"class_list":["post-9175","post","type-post","status-publish","format-standard","has-post-thumbnail","hentry","category-accion-politica","category-accion-social","category-generos-y-diversidades","category-nacionales"],"jetpack_featured_media_url":"https:\/\/atecordoba.org\/wp-content\/uploads\/2020\/05\/logo-nuevochico-e1561581322808.png","_links":{"self":[{"href":"https:\/\/atecordoba.org\/index.php?rest_route=\/wp\/v2\/posts\/9175","targetHints":{"allow":["GET"]}}],"collection":[{"href":"https:\/\/atecordoba.org\/index.php?rest_route=\/wp\/v2\/posts"}],"about":[{"href":"https:\/\/atecordoba.org\/index.php?rest_route=\/wp\/v2\/types\/post"}],"author":[{"embeddable":true,"href":"https:\/\/atecordoba.org\/index.php?rest_route=\/wp\/v2\/users\/1"}],"replies":[{"embeddable":true,"href":"https:\/\/atecordoba.org\/index.php?rest_route=%2Fwp%2Fv2%2Fcomments&post=9175"}],"version-history":[{"count":1,"href":"https:\/\/atecordoba.org\/index.php?rest_route=\/wp\/v2\/posts\/9175\/revisions"}],"predecessor-version":[{"id":19970,"href":"https:\/\/atecordoba.org\/index.php?rest_route=\/wp\/v2\/posts\/9175\/revisions\/19970"}],"wp:featuredmedia":[{"embeddable":true,"href":"https:\/\/atecordoba.org\/index.php?rest_route=\/wp\/v2\/media\/19220"}],"wp:attachment":[{"href":"https:\/\/atecordoba.org\/index.php?rest_route=%2Fwp%2Fv2%2Fmedia&parent=9175"}],"wp:term":[{"taxonomy":"category","embeddable":true,"href":"https:\/\/atecordoba.org\/index.php?rest_route=%2Fwp%2Fv2%2Fcategories&post=9175"},{"taxonomy":"post_tag","embeddable":true,"href":"https:\/\/atecordoba.org\/index.php?rest_route=%2Fwp%2Fv2%2Ftags&post=9175"}],"curies":[{"name":"wp","href":"https:\/\/api.w.org\/{rel}","templated":true}]}}