{"id":9163,"date":"2017-10-09T13:31:16","date_gmt":"2017-10-09T16:31:16","guid":{"rendered":"http:\/\/www.atecordoba.org\/?p=9163"},"modified":"2020-06-09T16:48:52","modified_gmt":"2020-06-09T19:48:52","slug":"noticias-del-interior-provincial","status":"publish","type":"post","link":"https:\/\/atecordoba.org\/?p=9163","title":{"rendered":"Noticias del interior provincial"},"content":{"rendered":"<p><strong>Quilino: Recomposici\u00f3n salarial<\/strong><\/p>\n<p>Luego de las reuniones mantenidas\u00a0 con el Departamento Ejecutivo Municipal Y el Honorable Concejo Deliberante se logr\u00f3 a trav\u00e9s de la elevaci\u00f3n de proyecto de ordenanza de ATE la adhesi\u00f3n al Salario M\u00ednimo Vital y M\u00f3vil. El DEM elabor\u00f3 un proyecto de ordenanza para otorgar un incremento salarial de emergencia del 30% que sumado a la pauta de aumento otorgada en marzo del corriente a\u00f1o se elevar\u00e1 al 60% en dos cuotas de 30 %. Tambi\u00e9n se obtuvo la entrega de indumentaria y la disposici\u00f3n de un nuevo espacio para desayuno y merienda de los compa\u00f1eros.<\/p>\n<p><img loading=\"lazy\" decoding=\"async\" class=\"aligncenter size-full wp-image-9167\" src=\"http:\/\/atecordoba.org\/wp-content\/uploads\/2020\/05\/WhatsApp-Image-2017-10-09-at-09.55.38-e1507565534758.jpg\" alt=\"\" width=\"550\" height=\"917\" \/><\/p>\n<p><strong>Capilla del monte: 32 designaciones provisionales a planta permanente<\/strong><\/p>\n<p>Tras la renuncia del ex intendente Gustavo Sez, la intendente municipal interina, Sra Adriana Negri, cumpliendo lo pautado con los gremios por la gesti\u00f3n anterior, procedi\u00f3 a la designaci\u00f3n de 32 compa\u00f1eros provisionalmente a planta permanente. Los 32 trabajadores se encontraban bajo la modalidad de contratados los cuales son la primera tanda de otra pactada para marzo pr\u00f3ximo. Destacamos que estas designaciones vienen en funci\u00f3n de cubrir bajas por jubilaci\u00f3n.<\/p>\n<p><img loading=\"lazy\" decoding=\"async\" class=\"aligncenter size-full wp-image-9166\" src=\"http:\/\/atecordoba.org\/wp-content\/uploads\/2020\/05\/WhatsApp-Image-2017-10-09-at-11.03.30-e1507565167317.jpg\" alt=\"\" width=\"550\" height=\"978\" \/><\/p>\n<p><strong>San Marcos Sierras: A la espera de incorporaciones<\/strong><\/p>\n<p>Tras un acta firmada se espera que el pr\u00f3ximo mes de diciembre se produzcan incorporaciones tal cual fue el compromiso asumido por el intendente C\u00e9sar Bruguera y aprobado en el Concejo Deliberante local.<\/p>\n<p><strong>Cruz del Eje: Primera elecci\u00f3n de delegados ATE en INTA<\/strong><\/p>\n<p>Se llev\u00f3 a cabo la primera elecci\u00f3n de delegados ATE en INTA Cruz del Eje donde result\u00f3 electo el compa\u00f1ero Mario Daniel Allende, el sufragio se desarroll\u00f3 con normalidad, concurrieron a votar el 80 % de los afiliados de ATE.<\/p>\n<p><img loading=\"lazy\" decoding=\"async\" class=\"aligncenter size-full wp-image-9164\" src=\"http:\/\/atecordoba.org\/wp-content\/uploads\/2020\/05\/WhatsApp-Image-2017-10-09-at-09.55.34-e1507564777199.jpg\" alt=\"\" width=\"550\" height=\"413\" \/><\/p>\n<p style=\"text-align: center;\"><em>Mario Daniel Allende, Primer delegado ATE INTA Cruz del Eje<\/em><\/p>\n","protected":false},"excerpt":{"rendered":"<p>Quilino: Recomposici\u00f3n salarial Luego de las reuniones mantenidas\u00a0 con el Departamento Ejecutivo Municipal Y el Honorable Concejo Deliberante se logr\u00f3 a trav\u00e9s de la elevaci\u00f3n de proyecto de ordenanza de ATE la adhesi\u00f3n al Salario M\u00ednimo Vital y M\u00f3vil. El DEM elabor\u00f3 un proyecto de ordenanza para otorgar un incremento salarial de emergencia del 30% [&hellip;]<\/p>\n","protected":false},"author":1,"featured_media":15225,"comment_status":"open","ping_status":"open","sticky":false,"template":"","format":"standard","meta":{"_exactmetrics_skip_tracking":false,"_exactmetrics_sitenote_active":false,"_exactmetrics_sitenote_note":"","_exactmetrics_sitenote_category":0,"jnews-multi-image_gallery":[],"jnews_single_post":{"subtitle":"","format":"standard","video":"","gallery":"","source_name":"","source_url":"","via_name":"","via_url":"","override_template":"0","override":[{"template":"1","single_blog_custom":"","parallax":"1","fullscreen":"0","layout":"right-sidebar","sidebar":"default-sidebar","second_sidebar":"default-sidebar","sticky_sidebar":"1","share_position":"top","share_float_style":"share-monocrhome","show_share_counter":"1","show_view_counter":"1","show_featured":"1","show_post_meta":"1","show_post_author":"1","show_post_author_image":"1","show_post_date":"1","post_date_format":"default","post_date_format_custom":"Y\/m\/d","show_post_category":"1","show_post_reading_time":"0","post_reading_time_wpm":"300","show_zoom_button":"0","zoom_button_out_step":"2","zoom_button_in_step":"3","show_post_tag":"1","show_prev_next_post":"1","show_popup_post":"1","number_popup_post":"1","show_author_box":"0","show_post_related":"0","show_inline_post_related":"0"}],"override_image_size":"0","image_override":[{"single_post_thumbnail_size":"crop-500","single_post_gallery_size":"crop-500"}],"trending_post":"0","trending_post_position":"meta","trending_post_label":"Trending","sponsored_post":"0","sponsored_post_label":"Sponsored by","sponsored_post_name":"","sponsored_post_url":"","sponsored_post_logo_enable":"0","sponsored_post_logo":"","sponsored_post_desc":""},"jnews_primary_category":{"id":""},"jnews_social_meta":{"fb_title":"","fb_description":"","fb_image":"","twitter_title":"","twitter_description":"","twitter_image":""},"jnews_review":[],"enable_review":"0","type":"percentage","name":"","summary":"","brand":"","sku":"","good":[{"good_text":""}],"bad":[{"bad_text":""}],"score_override":"","override_value":"","rating":[{"rating_text":"","rating_number":"10"}],"price":[{"shop":"","price":"","link":"","icon":""}],"jnews_override_counter":{"override_view_counter":"0","view_counter_number":"0","override_share_counter":"0","share_counter_number":"0","override_like_counter":"0","like_counter_number":"0","override_dislike_counter":"0","dislike_counter_number":"0"},"jnews_post_split":{"enable_post_split":"0","post_split":[{"template":"1","tag":"h2","numbering":"asc","mode":"normal"}]},"footnotes":""},"categories":[10,8,34],"tags":[],"class_list":["post-9163","post","type-post","status-publish","format-standard","has-post-thumbnail","hentry","category-accion-politica","category-provinciales","category-seccionales"],"jetpack_featured_media_url":"https:\/\/atecordoba.org\/wp-content\/uploads\/2020\/05\/WhatsApp-Image-2017-10-09-at-09.55.34-e1507564777199.jpg","_links":{"self":[{"href":"https:\/\/atecordoba.org\/index.php?rest_route=\/wp\/v2\/posts\/9163","targetHints":{"allow":["GET"]}}],"collection":[{"href":"https:\/\/atecordoba.org\/index.php?rest_route=\/wp\/v2\/posts"}],"about":[{"href":"https:\/\/atecordoba.org\/index.php?rest_route=\/wp\/v2\/types\/post"}],"author":[{"embeddable":true,"href":"https:\/\/atecordoba.org\/index.php?rest_route=\/wp\/v2\/users\/1"}],"replies":[{"embeddable":true,"href":"https:\/\/atecordoba.org\/index.php?rest_route=%2Fwp%2Fv2%2Fcomments&post=9163"}],"version-history":[{"count":1,"href":"https:\/\/atecordoba.org\/index.php?rest_route=\/wp\/v2\/posts\/9163\/revisions"}],"predecessor-version":[{"id":19478,"href":"https:\/\/atecordoba.org\/index.php?rest_route=\/wp\/v2\/posts\/9163\/revisions\/19478"}],"wp:featuredmedia":[{"embeddable":true,"href":"https:\/\/atecordoba.org\/index.php?rest_route=\/wp\/v2\/media\/15225"}],"wp:attachment":[{"href":"https:\/\/atecordoba.org\/index.php?rest_route=%2Fwp%2Fv2%2Fmedia&parent=9163"}],"wp:term":[{"taxonomy":"category","embeddable":true,"href":"https:\/\/atecordoba.org\/index.php?rest_route=%2Fwp%2Fv2%2Fcategories&post=9163"},{"taxonomy":"post_tag","embeddable":true,"href":"https:\/\/atecordoba.org\/index.php?rest_route=%2Fwp%2Fv2%2Ftags&post=9163"}],"curies":[{"name":"wp","href":"https:\/\/api.w.org\/{rel}","templated":true}]}}