{"id":9157,"date":"2017-10-09T10:42:58","date_gmt":"2017-10-09T13:42:58","guid":{"rendered":"http:\/\/www.atecordoba.org\/?p=9157"},"modified":"2017-10-09T10:42:58","modified_gmt":"2017-10-09T13:42:58","slug":"fabricaciones-militares-ate-lanzo-un-paro-y-movilizacion-para-el-3-de-noviembre","status":"publish","type":"post","link":"https:\/\/atecordoba.org\/?p=9157","title":{"rendered":"Fabricaciones Militares: ATE lanz\u00f3 un paro y movilizaci\u00f3n para el 3 de noviembre"},"content":{"rendered":"<p>Lo anunciaron en una conferencia en la Sede Central con la presencia de los delegados de todas las F\u00e1bricas, y dirigentes gremiales.<\/p>\n<div class=\"epyt-video-wrapper\"><iframe loading=\"lazy\"  style=\"display: block; margin: 0px auto;\"  id=\"_ytid_67270\"  width=\"480\" height=\"270\"  data-origwidth=\"480\" data-origheight=\"270\" src=\"https:\/\/www.youtube.com\/embed\/neVtlDWMEIw?enablejsapi=1&#038;autoplay=0&#038;cc_load_policy=0&#038;cc_lang_pref=&#038;iv_load_policy=3&#038;loop=0&#038;rel=0&#038;fs=1&#038;playsinline=0&#038;autohide=2&#038;theme=dark&#038;color=red&#038;controls=1&#038;disablekb=0&#038;\" class=\"__youtube_prefs__  epyt-is-override  no-lazyload\" title=\"YouTube player\"  allow=\"fullscreen; accelerometer; autoplay; clipboard-write; encrypted-media; gyroscope; picture-in-picture; web-share\" referrerpolicy=\"strict-origin-when-cross-origin\" allowfullscreen data-no-lazy=\"1\" data-skipgform_ajax_framebjll=\"\"><\/iframe><\/div>\n<p><img loading=\"lazy\" decoding=\"async\" class=\"size-full wp-image-9158 alignleft\" src=\"http:\/\/www.atecordoba.org\/wp-content\/uploads\/2017\/10\/10805_6048-e1507556125799.jpg\" alt=\"\" width=\"550\" height=\"367\"><\/p>\n<p>&nbsp;<\/p>\n<p>&nbsp;<\/p>\n<p>&nbsp;<\/p>\n<p>&nbsp;<\/p>\n<p>&nbsp;<\/p>\n<p>&nbsp;<\/p>\n<p>&nbsp;<\/p>\n<p>&nbsp;<\/p>\n<p>&nbsp;<\/p>\n<p>&nbsp;<\/p>\n<p>&nbsp;<\/p>\n<p>&nbsp;<\/p>\n<p>&nbsp;<\/p>\n<p>En la ma\u00f1ana del viernes, en la Sede Central de Fabricaciones Militares en Capital Federal, los trabajadores de Villa Mar\u00eda, R\u00edo Tercero, J\u00e1chal, Beltr\u00e1n, Azul y sede central, anunciaron en conferencia de prensa un paro y movilizaci\u00f3n para el 3 de noviembre. Tambi\u00e9n denunciaron el vaciamiento de esta industria emblema y la ausencia de respuesta por parte del ministro de Defensa, Oscar Aguad, ante los reiterados pedidos de audiencia solicitados por ATE. La fecha coincide con el 22 aniversario de la explosi\u00f3n de la F\u00e1brica de R\u00edo Tercero.<\/p>\n<p>La medida es para reclamar ante la falta de recursos e insumos para la producci\u00f3n, la par\u00e1lisis de a\u00e9reas productivas clave y la p\u00e9rdida de contratos. Adem\u00e1s, los trabajadores advierten que no se ha avanzado en el pase a planta del 85% de los trabajadores que est\u00e1n precarizados y cuyos contratos vencen este 31 de diciembre; &nbsp;ni con la reincorporaci\u00f3n de los 140 trabajadores que fueron despedidos a principios de la gesti\u00f3n macrista.<\/p>\n<p>&nbsp;\u201cSi no cesa el vaciamiento de Fabricaciones Militares, el d\u00eda 3 de noviembre pararemos y movilizaremos en todo el pa\u00eds para decirle a Aguad y a Macri que los trabajadores defendemos el patrimonio nacional, nuestra estabilidad laboral y la construcci\u00f3n de un Estado al servicio de las mayor\u00edas populares\u201d, dijo &nbsp;Hugo \u201cCachorro\u201d Godoy, Secretario General de ATE Nacional, al dar a conocer la medida.<\/p>\n<p>Otro de los oradores fue Fernando Mercado, Secretario General de Villa Mar\u00eda, que expres\u00f3: \u201cDicen que los trabajadores s\u00f3lo generamos gastos al Estado y es una falaz mentira\u201d. &nbsp;\u201cNosotros queremos que esta industria este puesta al servicio del pueblo, pero vemos que el Gobierno quiere esperar que pasen las elecciones, vaciar a la empresa, dejarnos en la calle, y terminar con este emblema\u201d, se\u00f1al\u00f3.<\/p>\n<p>Marcelo Laporte, delegado de Azul, destac\u00f3: \u201cEs un hecho hist\u00f3rico que estemos todos los delegados de las F\u00e1bricas ante este conflicto. Yo estuve en el vaciamiento del `96 y es muy triste ver a compa\u00f1eros que se quedan sin trabajo, por eso estamos en alerta y movilizaci\u00f3n\u201d. Quien tambi\u00e9n habl\u00f3 de la medida resuelta fue Juan Aragon, de Sede Central: \u201cSabemos que tienen un plan de achique, por eso, el plenario decidi\u00f3 que si ellos no dialogan con nosotros sobre cu\u00e1l va a ser el futuro de las F\u00e1bricas Militares, vamos a venir ac\u00e1 a pedir explicaciones\u201d.<\/p>\n<p>David Salto, de R\u00edo Tercero, dio detalles de la ca\u00edda de la producci\u00f3n en esa planta: \u201cSe cay\u00f3 el convenio con Belgrano Cargas para la producci\u00f3n de vagones, se cay\u00f3 el convenio con INVAP para construir radares, el acuerdo con el Ej\u00e9rcito para la construcci\u00f3n de ca\u00f1ones, el proyecto Gaucho, y tambi\u00e9n cayeron las ventas para la industria qu\u00edmica\u201d. Y denunci\u00f3: \u201cLa reforma laboral la venimos sufriendo desde que asumi\u00f3 este gobierno con el no pago de horas extras y la falta de &nbsp;personal\u201d.<\/p>\n<p>Carlos Oviedo, de la FM de Fray Luis Beltr\u00e1n de Rosario, se refiri\u00f3 a la importancia de las F\u00e1bricas para la sociedad: \u201cEn el cord\u00f3n industrial somos 400 personas trabajando en la F\u00e1brica y la plata de esos sueldos se vuelca en la ciudad\u201d, indic\u00f3. Al respecto, Gustavo Vilchez, dijo: \u201cTratamos de visibilizar la problem\u00e1tica a la sociedad porque, m\u00e1s all\u00e1 de las 500 familias que viven de la F\u00e1brica de Villa Mar\u00eda, es&nbsp; muy importante lo que este sector significa para toda la industria nacional\u201d.<\/p>\n<p>Por su parte, Luciano Fern\u00e1ndez, secretario gremial de ATE Capital subray\u00f3 la importancia del conflicto para el pa\u00eds y puntualiz\u00f3 sobre la situaci\u00f3n en sede central: \u201cLamentablemente tuvimos 142 despidos que no pudimos revertir, pero &nbsp;este joven cuerpo de delegados se inscribe en la historia grande de Fabricaciones, que ha sabido resurgir y resistir\u201d.<\/p>\n<p>Tambi\u00e9n participaron de la conferencia, Mar\u00eda Liliana Salerno, secretaria general de ATE C\u00f3rdoba; Ra\u00fal Daz, secretario general de ATE Rosario; Vanina Zurita, secretaria general de ATE Azul y Cristian Colman, secretario general de R\u00edo Tercero.<\/p>\n<p><b><strong style=\"font-style: inherit;\">Prensa ATE<\/strong><\/b><\/p>\n","protected":false},"excerpt":{"rendered":"<p>Lo anunciaron en una conferencia en la Sede Central con la presencia de los delegados de todas las F\u00e1bricas, y dirigentes gremiales. &nbsp; &nbsp; &nbsp; &nbsp; &nbsp; &nbsp; &nbsp; &nbsp; &nbsp; &nbsp; &nbsp; &nbsp; &nbsp; En la ma\u00f1ana del viernes, en la Sede Central de Fabricaciones Militares en Capital Federal, los trabajadores de Villa Mar\u00eda, [&hellip;]<\/p>\n","protected":false},"author":1,"featured_media":19220,"comment_status":"open","ping_status":"open","sticky":false,"template":"","format":"standard","meta":{"_exactmetrics_skip_tracking":false,"_exactmetrics_sitenote_active":false,"_exactmetrics_sitenote_note":"","_exactmetrics_sitenote_category":0,"jnews-multi-image_gallery":[],"jnews_single_post":[],"jnews_primary_category":[],"jnews_social_meta":[],"jnews_review":[],"enable_review":"","type":"","name":"","summary":"","brand":"","sku":"","good":[],"bad":[],"score_override":"","override_value":"","rating":[],"price":[],"jnews_override_counter":[],"jnews_post_split":[],"footnotes":""},"categories":[10,18,21],"tags":[],"class_list":["post-9157","post","type-post","status-publish","format-standard","has-post-thumbnail","hentry","category-accion-politica","category-nacionales","category-paro-nacional"],"jetpack_featured_media_url":"https:\/\/atecordoba.org\/wp-content\/uploads\/2020\/05\/logo-nuevochico-e1561581322808.png","_links":{"self":[{"href":"https:\/\/atecordoba.org\/index.php?rest_route=\/wp\/v2\/posts\/9157","targetHints":{"allow":["GET"]}}],"collection":[{"href":"https:\/\/atecordoba.org\/index.php?rest_route=\/wp\/v2\/posts"}],"about":[{"href":"https:\/\/atecordoba.org\/index.php?rest_route=\/wp\/v2\/types\/post"}],"author":[{"embeddable":true,"href":"https:\/\/atecordoba.org\/index.php?rest_route=\/wp\/v2\/users\/1"}],"replies":[{"embeddable":true,"href":"https:\/\/atecordoba.org\/index.php?rest_route=%2Fwp%2Fv2%2Fcomments&post=9157"}],"version-history":[{"count":0,"href":"https:\/\/atecordoba.org\/index.php?rest_route=\/wp\/v2\/posts\/9157\/revisions"}],"wp:featuredmedia":[{"embeddable":true,"href":"https:\/\/atecordoba.org\/index.php?rest_route=\/wp\/v2\/media\/19220"}],"wp:attachment":[{"href":"https:\/\/atecordoba.org\/index.php?rest_route=%2Fwp%2Fv2%2Fmedia&parent=9157"}],"wp:term":[{"taxonomy":"category","embeddable":true,"href":"https:\/\/atecordoba.org\/index.php?rest_route=%2Fwp%2Fv2%2Fcategories&post=9157"},{"taxonomy":"post_tag","embeddable":true,"href":"https:\/\/atecordoba.org\/index.php?rest_route=%2Fwp%2Fv2%2Ftags&post=9157"}],"curies":[{"name":"wp","href":"https:\/\/api.w.org\/{rel}","templated":true}]}}