{"id":9154,"date":"2017-10-06T14:08:23","date_gmt":"2017-10-06T17:08:23","guid":{"rendered":"http:\/\/www.atecordoba.org\/?p=9154"},"modified":"2017-10-06T14:08:23","modified_gmt":"2017-10-06T17:08:23","slug":"el-plenario-de-fabricaciones-militares-definio-un-plan-de-lucha-unificado","status":"publish","type":"post","link":"https:\/\/atecordoba.org\/?p=9154","title":{"rendered":"El plenario de Fabricaciones Militares defini\u00f3 un plan de lucha unificado"},"content":{"rendered":"<p>Hoy se realizar\u00e1 una conferencia de prensa en la Sede Central en la que se denunciar\u00e1 el vaciamiento y se anunciar\u00e1 una medida de fuerza.<\/p>\n<p><img loading=\"lazy\" decoding=\"async\" class=\"aligncenter size-full wp-image-9155\" src=\"http:\/\/www.atecordoba.org\/wp-content\/uploads\/2017\/10\/10795_6041-e1507309524264.jpg\" alt=\"\" width=\"550\" height=\"365\"><\/p>\n<p>&nbsp;<\/p>\n<p><span style=\"font-style: inherit; font-weight: inherit;\">En el Hotel H\u00e9ctor Quagliaro de ATE se realiz\u00f3 un nuevo plenario de las F\u00e1bricas Militares de todo el pa\u00eds para definir acciones que enfrenten la estrategia de vaciamiento con la que arremete el Gobierno Nacional. Los trabajadores y delegados de R\u00edo Tercero, Azul, Beltr\u00e1n, Villa Mar\u00eda, J\u00e1chal y sede central definieron convocar a una conferencia de prensa para hoy, en la sede central de Fabricaciones Militares (Avenida Cabildo 65, &nbsp;Capital Federal).<\/span><\/p>\n<p><span style=\"font-style: inherit; font-weight: inherit;\">En la conferencia se denunciar\u00e1 la estrategia del Gobierno Nacional de achicar y despedir trabajadores en esa industria, clave para la defensa y la seguridad nacional. Adem\u00e1s, se presentar\u00e1 un informe sobre la situaci\u00f3n de las F\u00e1bricas y se anunciar\u00e1 una medida de fuerza que fue definida en el mismo plenario.<\/span><\/p>\n<p><span style=\"font-style: inherit; font-weight: inherit;\">Luego, a las 14 horas, est\u00e1 prevista una Audiencia P\u00fablica en el Congreso Nacional que contar\u00e1 con la presencia de legisladores de distintos bloques.<\/span><\/p>\n<p><span style=\"font-style: inherit; font-weight: inherit;\"><b><strong style=\"font-style: inherit;\">\u201cVienen a reducir y a echar a la mayor cantidad de gente posible\u201d<\/strong><\/b><\/span><\/p>\n<p><span style=\"font-style: inherit; font-weight: inherit;\">Antes de definir el plan de acci\u00f3n, los delegados y trabajadores de las F\u00e1bricas pusieron en com\u00fan la situaci\u00f3n en cada lugar de trabajo y debatieron las acciones necesarias para continuar la lucha. Entre ellos, un trabajador de la FM de Beltr\u00e1n, Rosario se\u00f1al\u00f3 la necesidad de salir del plenario con un plan unificado. \u201cEsto no es un intento, es una realidad. Los tipos que tenemos hoy vienen a reducir y a echar la mayor cantidad de gente posible\u201d, advirti\u00f3.<\/span><\/p>\n<p><span style=\"font-style: inherit; font-weight: inherit;\">Respecto a las reuniones que se vienen concretando en todas las provincias donde hay F\u00e1bricas con legisladores y candidatos, entreg\u00e1ndoles el documento conjunto, indic\u00f3: \u201cTenemos que tener un presupuesto acorde a la producci\u00f3n de la defensa que es un \u00e1rea estrat\u00e9gica. Ese es el compromiso que tenemos que asumir con diputados y funcionaros\u201d.<\/span><\/p>\n<p><span style=\"font-style: inherit; font-weight: inherit;\">En ese sentido, un trabajador de R\u00edo Tercero, inform\u00f3: \u201cAc\u00e1 hemos articulado con todos los precandidatos y tenemos su compromiso\u201d. Sin embargo, \u201cla situaci\u00f3n es de mucha incertidumbre\u201d, grafic\u00f3.<\/span><\/p>\n<p><span style=\"font-style: inherit; font-weight: inherit;\">Por su parte, los trabajadores de Sede Central contaron sobre la preocupante situaci\u00f3n que se vive all\u00ed: \u201cEstamos hace 20 d\u00edas con rumores de despidos\u201d. El delegado agreg\u00f3: \u201cEstos tipos son poderosos y vienen por todo\u201d.<\/span><\/p>\n<p><span style=\"font-style: inherit; font-weight: inherit;\">De la reuni\u00f3n tambi\u00e9n participaron dirigentes nacionales como Silvia Le\u00f3n, secretaria de Organizaci\u00f3n; provinciales, como Mar\u00eda Liliana Salerno, secretaria general de ATE C\u00f3rdoba y Carlos Gonz\u00e1lez, secretario Gremial de ATE PBA. Tambi\u00e9n estuvieron Fernando Mercado, secretario general de ATE Villa Mar\u00eda; Cristi\u00e1n Colman, secretario general de R\u00edo Tercero; Ra\u00fal Daz, secretario general de ATE Rosario; Dabel Robl\u00edn, secretario general de Magdalena-Ver\u00f3nica-Punta Indio; y Vanina Zurita, secretaria general de ATE Azul. &nbsp;<\/span><\/p>\n<p><span style=\"font-style: inherit; font-weight: inherit;\"><b><strong style=\"font-style: inherit;\">Nuevas estrategias en un mundo globalizado<\/strong><\/b><\/span><\/p>\n<p>La apertura del plenario hab\u00eda estado a cargo de Hugo &#8220;Cachorro&#8221; Godoy, Secretario General de ATE, quien se\u00f1al\u00f3 que la medida resuelta en el plenario es una continuidad de la lucha que vienen llevando los fabriqueros y todos los estatales. En ese sentido, destac\u00f3 la importancia del Paro Nacional del 4, en rechazo al Presupuesto 2018. \u201cEs un presupuesto de ajuste que si queda como est\u00e1 va a perjudicar a la mayor\u00eda de la poblaci\u00f3n y en nuestro caso, nos van a planchar los salarios y van a perpetuar en la precariedad laboral a 600 mil estatales\u201d. Esto se replica en Fabricaciones Militares, donde el 85% de los trabajadores est\u00e1n precarizados.<\/p>\n<p><span style=\"font-style: inherit; font-weight: inherit;\">A su vez, Godoy estableci\u00f3 cu\u00e1l eran los lineamientos propuestos desde la conducci\u00f3n nacional. \u201cLa estrategia del gobierno es el vaciamiento de las f\u00e1bricas\u201d, repuso Godoy quien agreg\u00f3 que, ante esto, \u201chay que contraponer &nbsp;una estrategia para defender a las F\u00e1bricas y a una visi\u00f3n de Estado con responsabilidad en las \u00e1reas estrat\u00e9gicas, como es la &nbsp;producci\u00f3n para la Defensa. Para vencer es necesario fortalecer la organizaci\u00f3n interna pero tambi\u00e9n construir consenso en la sociedad\u201d.<\/span><\/p>\n<p><span style=\"font-style: inherit; font-weight: inherit;\">&nbsp;\u201cLa tercer reforma del estado que promueve el Gobierno no va a tener caracter\u00edsticas de los &#8217;90 de vender las joyas de la abuela, porque quedaron pocas y se recuperaron muy pocas. Van a avanzar en \u00e1reas productivas pero, b\u00e1sicamente, su plan es incorporar el Estado Nacional dentro de gobernanza mundial, a partir de acuerdos de librecomercio, transacciones con la OMC, acuerdos con el FMI y el Banco Mundial. En este nuevo hurac\u00e1n neoliberal van a avanzar sobre la soberan\u00eda del pa\u00eds y sacar al Estado de la regulaci\u00f3n de \u00e1reas clave\u201d. Por ello, reforz\u00f3: \u201cLa pelea se debe articular a nivel local, continental e internacional\u201d.<\/span><\/p>\n<p><span style=\"font-style: inherit; font-weight: inherit;\">En este marco, al cierre del plenario se celebr\u00f3 una reuni\u00f3n con Adolfo \u201cFito\u201d Aguirre, secretario de Relaciones Internacionales de la CTA Aut\u00f3noma y con Marino Vani, Secretario regional General de Industri All para Am\u00e9rica Latina y el Caribe. ATE est\u00e1 tejiendo una alianza con esta Federaci\u00f3n trasnacional de sindicatos de industrias.<\/span><\/p>\n<p><span style=\"font-style: inherit; font-weight: inherit;\">Marino Vani explic\u00f3: \u201cSomos una federaci\u00f3n que enfrenta los desaf\u00edos actuales de una econom\u00eda globalizada, donde se discute el lugar del Tercer Mundo en la producci\u00f3n, en el marco de la irrupci\u00f3n de las nuevas tecnolog\u00edas\u201d. Al respecto, tambi\u00e9n se expres\u00f3 Aguirre quien concluy\u00f3: \u201cEstamos en una fase distinta, entonces tenemos que prepararnos para los desaf\u00edos de este tiempo\u201d.<\/span><\/p>\n<p><b><strong style=\"font-style: inherit;\">Prensa ATE<\/strong><\/b><\/p>\n","protected":false},"excerpt":{"rendered":"<p>Hoy se realizar\u00e1 una conferencia de prensa en la Sede Central en la que se denunciar\u00e1 el vaciamiento y se anunciar\u00e1 una medida de fuerza. &nbsp; En el Hotel H\u00e9ctor Quagliaro de ATE se realiz\u00f3 un nuevo plenario de las F\u00e1bricas Militares de todo el pa\u00eds para definir acciones que enfrenten la estrategia de vaciamiento [&hellip;]<\/p>\n","protected":false},"author":1,"featured_media":19220,"comment_status":"open","ping_status":"open","sticky":false,"template":"","format":"standard","meta":{"_exactmetrics_skip_tracking":false,"_exactmetrics_sitenote_active":false,"_exactmetrics_sitenote_note":"","_exactmetrics_sitenote_category":0,"jnews-multi-image_gallery":[],"jnews_single_post":[],"jnews_primary_category":[],"jnews_social_meta":[],"jnews_review":[],"enable_review":"","type":"","name":"","summary":"","brand":"","sku":"","good":[],"bad":[],"score_override":"","override_value":"","rating":[],"price":[],"jnews_override_counter":[],"jnews_post_split":[],"footnotes":""},"categories":[10,17],"tags":[],"class_list":["post-9154","post","type-post","status-publish","format-standard","has-post-thumbnail","hentry","category-accion-politica","category-fabricaciones-militares"],"jetpack_featured_media_url":"https:\/\/atecordoba.org\/wp-content\/uploads\/2020\/05\/logo-nuevochico-e1561581322808.png","_links":{"self":[{"href":"https:\/\/atecordoba.org\/index.php?rest_route=\/wp\/v2\/posts\/9154","targetHints":{"allow":["GET"]}}],"collection":[{"href":"https:\/\/atecordoba.org\/index.php?rest_route=\/wp\/v2\/posts"}],"about":[{"href":"https:\/\/atecordoba.org\/index.php?rest_route=\/wp\/v2\/types\/post"}],"author":[{"embeddable":true,"href":"https:\/\/atecordoba.org\/index.php?rest_route=\/wp\/v2\/users\/1"}],"replies":[{"embeddable":true,"href":"https:\/\/atecordoba.org\/index.php?rest_route=%2Fwp%2Fv2%2Fcomments&post=9154"}],"version-history":[{"count":0,"href":"https:\/\/atecordoba.org\/index.php?rest_route=\/wp\/v2\/posts\/9154\/revisions"}],"wp:featuredmedia":[{"embeddable":true,"href":"https:\/\/atecordoba.org\/index.php?rest_route=\/wp\/v2\/media\/19220"}],"wp:attachment":[{"href":"https:\/\/atecordoba.org\/index.php?rest_route=%2Fwp%2Fv2%2Fmedia&parent=9154"}],"wp:term":[{"taxonomy":"category","embeddable":true,"href":"https:\/\/atecordoba.org\/index.php?rest_route=%2Fwp%2Fv2%2Fcategories&post=9154"},{"taxonomy":"post_tag","embeddable":true,"href":"https:\/\/atecordoba.org\/index.php?rest_route=%2Fwp%2Fv2%2Ftags&post=9154"}],"curies":[{"name":"wp","href":"https:\/\/api.w.org\/{rel}","templated":true}]}}