{"id":9143,"date":"2017-10-05T14:33:09","date_gmt":"2017-10-05T17:33:09","guid":{"rendered":"http:\/\/www.atecordoba.org\/?p=9143"},"modified":"2017-10-05T14:33:09","modified_gmt":"2017-10-05T17:33:09","slug":"paro-nacional-vamos-a-ponerle-limites-a-las-politicas-neoliberales","status":"publish","type":"post","link":"https:\/\/atecordoba.org\/?p=9143","title":{"rendered":"Paro Nacional: &#8216;Vamos a ponerle l\u00edmites a las pol\u00edticas neoliberales&#8217;"},"content":{"rendered":"<p>ATE y la CTA-A, junto a organizaciones sociales y sindicales, le dijeron \u201cno\u201d al presupuesto del ajuste.<\/p>\n<div class=\"epyt-video-wrapper\"><iframe loading=\"lazy\"  style=\"display: block; margin: 0px auto;\"  id=\"_ytid_80165\"  width=\"480\" height=\"270\"  data-origwidth=\"480\" data-origheight=\"270\" src=\"https:\/\/www.youtube.com\/embed\/3NT9_ROiEdI?enablejsapi=1&#038;autoplay=0&#038;cc_load_policy=0&#038;cc_lang_pref=&#038;iv_load_policy=3&#038;loop=0&#038;rel=0&#038;fs=1&#038;playsinline=0&#038;autohide=2&#038;theme=dark&#038;color=red&#038;controls=1&#038;disablekb=0&#038;\" class=\"__youtube_prefs__  epyt-is-override  no-lazyload\" title=\"YouTube player\"  allow=\"fullscreen; accelerometer; autoplay; clipboard-write; encrypted-media; gyroscope; picture-in-picture; web-share\" referrerpolicy=\"strict-origin-when-cross-origin\" allowfullscreen data-no-lazy=\"1\" data-skipgform_ajax_framebjll=\"\"><\/iframe><\/div>\n<div>\u201cHoy ATE est\u00e1 en cada lugar del pa\u00eds, frente a cada Legislatura provincial, parando y movilizando para decirle no al proyecto de ley de Presupuesto 2018 de Macri\u201d, dijo el Secretario General de ATE Nacional, Hugo \u201cCachorro\u201d Godoy, al abrir el acto frente al Congreso Nacional en el que confluy\u00f3 la caravana de organizaciones sociales -la CCC, la CTEP, Barios de Pie, el Movimiento de Acci\u00f3n Barrial, el Movimiento de Acci\u00f3n Popular, el Movimiento Evita-, la CTA Aut\u00f3noma y organizaciones sindicales, como la AAPM, FESPROSA y CONADUH.<\/div>\n<div>La contundente marcha se expres\u00f3 en contra de un proyecto de presupuesto que va significar m\u00e1s ajuste, m\u00e1s tarifazo y m\u00e1s deuda externa para la especulaci\u00f3n financiera, y exigi\u00f3 una ley que incluya la plena aplicaci\u00f3n de la Ley de Emergencia Social, la aprobaci\u00f3n de la Ley de Emergencia Alimentaria y por un salario b\u00e1sico universal de 15 mil pesos.&nbsp;<\/div>\n<p><img loading=\"lazy\" decoding=\"async\" class=\"aligncenter size-full wp-image-9144\" src=\"http:\/\/www.atecordoba.org\/wp-content\/uploads\/2017\/10\/BSAS-1-e1507224260866.jpg\" alt=\"\" width=\"550\" height=\"343\"><\/p>\n<div>La columna de ATE estuvo nutrida por miembros de la Conducci\u00f3n Nacional, seccionales y juntas internas de diversos sectores, organismos nacionales, y de la provincia de Buenos Aires y la Capital Federal.&nbsp;<\/div>\n<div>\u201cSi somos los que generamos la riqueza cotidianamente, los diputados y senadores deben escuchar nuestra voz y nuestra propuestas\u201d, sigui\u00f3 \u201cCachorro\u201d, quien tambi\u00e9n cuestion\u00f3 al ajuste que afecta a las provincias y los municipios: \u201cNo puede ser que el Gobierno Nacional se comporte como si fuera el Fondo Monetario Internacional, imponi\u00e9ndoles el ajuste, bajar salarios, bajar personal, bajar jubilaciones, rematar los institutos previsionales y sociales\u201d.<\/div>\n<div>\u201cCachorro\u201d tambi\u00e9n agradeci\u00f3 la presencia de las organizaciones y se\u00f1al\u00f3: \u201cLos que estamos ac\u00e1 no solamente vamos a seguir peleando por justicia, por libertad y democracia sindical, para terminar con el hambre y la precariedad laboral, sino que vamos a ponerle l\u00edmites al intento de los organismos internacionales, como la OMC y el FMI, que nos quieren imponer reformas previsionales y a la seguridad social, que nos quieren enga\u00f1ar con eso de que hay bajar los costos laborales\u201d, y concluy\u00f3 apuntando: \u201cLo que hay que bajar son las ganancias de los vivos, que se las llevan al exterior y las ponen en bancos extranjeros\u201d.<img loading=\"lazy\" decoding=\"async\" class=\"aligncenter size-full wp-image-9145\" src=\"http:\/\/www.atecordoba.org\/wp-content\/uploads\/2017\/10\/BSAS2-e1507224441832.jpg\" alt=\"\" width=\"550\" height=\"367\"><\/div>\n<div>&nbsp;<\/div>\n<div>\n<div><b>\u201cPor un presupuesto que nos incluya a todos\u201d<\/b><\/div>\n<div>As\u00ed expres\u00f3 Esteban el \u201cGringo\u201d Castro el reclamo de las organizaciones populares. El dirigente de la CTEP llam\u00f3 a comprender: \u201cLa dimensi\u00f3n pol\u00edtica es empezar a construir la unidad que necesitamos para discutir un presupuesto a favor de las masas populares\u201d. \u201cTenemos que ver bien contra lo que nos enfrentamos, porque nadie pueden pensar que el Gobierno de los monopolios va a favorecer a los intereses populares\u201d, analiz\u00f3 y finaliz\u00f3: \u201cPor eso, agradecemos la convocatoria a discutir un presupuesto que nos incluya a todos, que tenga en cuenta la alimentaci\u00f3n, la salud el trabajo, la tierra, porque eso es lo que garantiza la paz social\u201d.<\/div>\n<div>Laura Aquino, de Barrios de Pie, se sum\u00f3 al agradecimiento y subray\u00f3: \u201cVamos a seguir en la calle peleando por la emergencia alimentaria\u201d.<\/div>\n<div>Desde la Corriente Clasista y Combativa, Freddy Mari\u00f1o manifest\u00f3: \u201cNo pod\u00edamos estar ausentes porque entre todos le hemos ganado a este Gobierno la ley de Emergencia Social y hoy, desde la calle, queremos imponerle un presupuesto sin ajuste, sin hambre para nuestro pueblo; rechazamos este presupuesto de la Reforma Laboral y la Reforma Previsional\u201d.<\/div>\n<div><img loading=\"lazy\" decoding=\"async\" class=\"aligncenter size-full wp-image-9146\" src=\"http:\/\/www.atecordoba.org\/wp-content\/uploads\/2017\/10\/BS-AS3-e1507224612479.jpg\" alt=\"\" width=\"550\" height=\"367\"><\/div>\n<div><b>&nbsp;<\/b><\/div>\n<div><b>En todo el pa\u00eds<\/b><\/div>\n<div>En representaci\u00f3n del car\u00e1cter federal de la medida, que se replico en todas las capitales del pa\u00eds, estuvieron presentes secretarios generales de los CDP, como Guillermo Quiroga de ATE Chubut y Alejandro Garz\u00f3n, secretario general de ATE Santa Cruz, quien se dirigi\u00f3 a los presentes para traer el saludo de la Patagonia. \u201cEn mi provincia no hay duda que ATE pelea por los derechos de los trabajadores pero debo decir con tristeza que en mi provincia, muchos sufren desnutrici\u00f3n, o comen una sola vez al d\u00eda, eso s\u00ed es una inmoralidad y estos tipos planifican el hambre mientras nosotros peleamos\u201d, alert\u00f3.<\/div>\n<div>Previo a la marcha a Congreso, \u201cCachorro\u201d Godoy junto a miembros de la ATE bonaerense, la seccional Ensenada y trabajadores de Astilleros R\u00edo Santiago, se manifestaron frente al Ministerio de Defensa para exigir presupuesto y un astillero \u201c100% estatal\u201d y, frente al Ministerio de Energ\u00eda, repudiaron los despidos en la mina de R\u00edo Turbio.&nbsp;&nbsp;<\/div>\n<div>En el acto frente al Congreso tambi\u00e9n dijo presente Oscar \u201cel Colo\u201d de Isasi, secretario general de ATE Provincia de Buenos Aires, quien salud\u00f3 especialmente a los compa\u00f1eros y compa\u00f1eras de las barriadas m\u00e1s pobres de la provincia y, a la vez, felicit\u00f3 a los trabajadores del Astillero. \u201cLa l\u00f3gica del enemigo hubiera dicho que se suban a los micros y se vayan a su casa porque, la verdad, la reuni\u00f3n que tuvimos fue un \u00e9xito. Se habilit\u00f3 un espacio para discutir algunos niveles de pol\u00edticas de defensa y de construcci\u00f3n de embarcaciones. Pero con mucha claridad y con mucho cansancio, los compa\u00f1eros y compa\u00f1eras de ATE Ensenada, del Astillero Naval R\u00edo Santiago, transitaron con convicci\u00f3n las calles de la Capital Federal y est\u00e1n ac\u00e1 haciendo historia con nosotros, en la disputa contra el presupuesto\u201d, dijo, levantando la bandera de \u201cla unidad que \u201ces poner el cuerpo en cada batalla en la calle\u201d.<\/div>\n<div>El cierre del acto estuvo a cargo de Ricardo Peidr\u00f3, Secretario General Adjunto de la CTA Aut\u00f3noma, quien cont\u00f3 que el 7 de octubre, a nivel mundial se llevar\u00e1 a cabo una jornada de lucha convocada por la Confederaci\u00f3n Sindical Internacional y la Confederaci\u00f3n Sindical de las Am\u00e9ricas por el trabajo decente, es decir, por&nbsp; trabajo digno. \u201cEn Latinoam\u00e9rica la lucha se va a basar en la defensa de los derechos previsionales\u201d, se\u00f1al\u00f3 el dirigente.<\/div>\n<div>En ese marco, sigui\u00f3: \u201cHoy la Gobernadora Vidal dijo, en la inauguraci\u00f3n de una planta de una multinacional, que van a poder invertir tranquilos porque no va a haber, en este pa\u00eds, extorsiones de los sindicalistas. Le voy a dar una mala noticia: Los que estamos ac\u00e1 somos representantes gremiales, tambi\u00e9n sindicalistas, que venimos luchando por la democracia, por la libertad sindical, y eso es lo que nos dio fuerza para resistir todas las avanzadas patronales sobre nuestros derechos; y vamos a seguir en nuestro camino. Le vamos a poner l\u00edmites a los mafiosos de toda \u00edndole\u201d. \u201cNuestra historia, nuestra lucha, y el ejemplo de generaciones de luchadores dicen: \u00a1No pasar\u00e1n!\u201d, cerr\u00f3 Peidr\u00f3.<\/div>\n<div>&nbsp;<\/div>\n<p><strong>Prensa ATE<\/strong><\/p>\n<\/div>\n","protected":false},"excerpt":{"rendered":"<p>ATE y la CTA-A, junto a organizaciones sociales y sindicales, le dijeron \u201cno\u201d al presupuesto del ajuste. \u201cHoy ATE est\u00e1 en cada lugar del pa\u00eds, frente a cada Legislatura provincial, parando y movilizando para decirle no al proyecto de ley de Presupuesto 2018 de Macri\u201d, dijo el Secretario General de ATE Nacional, Hugo \u201cCachorro\u201d Godoy, [&hellip;]<\/p>\n","protected":false},"author":1,"featured_media":19220,"comment_status":"open","ping_status":"open","sticky":false,"template":"","format":"standard","meta":{"_exactmetrics_skip_tracking":false,"_exactmetrics_sitenote_active":false,"_exactmetrics_sitenote_note":"","_exactmetrics_sitenote_category":0,"jnews-multi-image_gallery":[],"jnews_single_post":[],"jnews_primary_category":[],"jnews_social_meta":[],"jnews_review":[],"enable_review":"","type":"","name":"","summary":"","brand":"","sku":"","good":[],"bad":[],"score_override":"","override_value":"","rating":[],"price":[],"jnews_override_counter":[],"jnews_post_split":[],"footnotes":""},"categories":[10,21],"tags":[],"class_list":["post-9143","post","type-post","status-publish","format-standard","has-post-thumbnail","hentry","category-accion-politica","category-paro-nacional"],"jetpack_featured_media_url":"https:\/\/atecordoba.org\/wp-content\/uploads\/2020\/05\/logo-nuevochico-e1561581322808.png","_links":{"self":[{"href":"https:\/\/atecordoba.org\/index.php?rest_route=\/wp\/v2\/posts\/9143","targetHints":{"allow":["GET"]}}],"collection":[{"href":"https:\/\/atecordoba.org\/index.php?rest_route=\/wp\/v2\/posts"}],"about":[{"href":"https:\/\/atecordoba.org\/index.php?rest_route=\/wp\/v2\/types\/post"}],"author":[{"embeddable":true,"href":"https:\/\/atecordoba.org\/index.php?rest_route=\/wp\/v2\/users\/1"}],"replies":[{"embeddable":true,"href":"https:\/\/atecordoba.org\/index.php?rest_route=%2Fwp%2Fv2%2Fcomments&post=9143"}],"version-history":[{"count":0,"href":"https:\/\/atecordoba.org\/index.php?rest_route=\/wp\/v2\/posts\/9143\/revisions"}],"wp:featuredmedia":[{"embeddable":true,"href":"https:\/\/atecordoba.org\/index.php?rest_route=\/wp\/v2\/media\/19220"}],"wp:attachment":[{"href":"https:\/\/atecordoba.org\/index.php?rest_route=%2Fwp%2Fv2%2Fmedia&parent=9143"}],"wp:term":[{"taxonomy":"category","embeddable":true,"href":"https:\/\/atecordoba.org\/index.php?rest_route=%2Fwp%2Fv2%2Fcategories&post=9143"},{"taxonomy":"post_tag","embeddable":true,"href":"https:\/\/atecordoba.org\/index.php?rest_route=%2Fwp%2Fv2%2Ftags&post=9143"}],"curies":[{"name":"wp","href":"https:\/\/api.w.org\/{rel}","templated":true}]}}