{"id":9133,"date":"2017-10-04T14:26:50","date_gmt":"2017-10-04T17:26:50","guid":{"rendered":"http:\/\/www.atecordoba.org\/?p=9133"},"modified":"2017-10-04T14:26:50","modified_gmt":"2017-10-04T17:26:50","slug":"taller-de-formacion-sobre-el-presupuesto-nacional","status":"publish","type":"post","link":"https:\/\/atecordoba.org\/?p=9133","title":{"rendered":"Taller de formaci\u00f3n sobre el presupuesto nacional"},"content":{"rendered":"<p><em>El pr\u00f3ximo jueves 12 de octubre se llevar\u00e1 a cabo una charla formativa sobre el Presupuesto Nacional 2018, a cargo del director del Instituto de Estudios sobre el Estado y la Participaci\u00f3n (IDEP), Horacio Fern\u00e1ndez.<\/em><\/p>\n<p><img loading=\"lazy\" decoding=\"async\" class=\"aligncenter size-full wp-image-9134\" src=\"http:\/\/www.atecordoba.org\/wp-content\/uploads\/2017\/10\/horacio-fernandez-e1507137918132.jpg\" alt=\"\" width=\"550\" height=\"275\"><\/p>\n<p>El mismo est\u00e1 dirigido a miembros de comisi\u00f3n directiva del Consejo Directivo Provincial, delegados, dirigentes y activistas de ATE en C\u00f3rdoba, en el marco del debate que envuelve al proyecto de ley de presupuesto presentado por el gobierno de Mauricio Macri en el Congreso Nacional.<\/p>\n<p>El proyecto incluye una proyecci\u00f3n de inflaci\u00f3n del 21% y una recomposici\u00f3n salarial para los estatales nacionales del 16%, entre otros puntos de preocupaci\u00f3n para nuestro gremio.<\/p>\n<p>La cita es las 9 horas en la sede del CDP, Entre R\u00edos 450.<\/p>\n","protected":false},"excerpt":{"rendered":"<p>El pr\u00f3ximo jueves 12 de octubre se llevar\u00e1 a cabo una charla formativa sobre el Presupuesto Nacional 2018, a cargo del director del Instituto de Estudios sobre el Estado y la Participaci\u00f3n (IDEP), Horacio Fern\u00e1ndez. El mismo est\u00e1 dirigido a miembros de comisi\u00f3n directiva del Consejo Directivo Provincial, delegados, dirigentes y activistas de ATE en [&hellip;]<\/p>\n","protected":false},"author":1,"featured_media":19220,"comment_status":"open","ping_status":"open","sticky":false,"template":"","format":"standard","meta":{"_exactmetrics_skip_tracking":false,"_exactmetrics_sitenote_active":false,"_exactmetrics_sitenote_note":"","_exactmetrics_sitenote_category":0,"jnews-multi-image_gallery":[],"jnews_single_post":[],"jnews_primary_category":[],"jnews_social_meta":[],"jnews_review":[],"enable_review":"","type":"","name":"","summary":"","brand":"","sku":"","good":[],"bad":[],"score_override":"","override_value":"","rating":[],"price":[],"jnews_override_counter":[],"jnews_post_split":[],"footnotes":""},"categories":[88],"tags":[],"class_list":["post-9133","post","type-post","status-publish","format-standard","has-post-thumbnail","hentry","category-formacion"],"jetpack_featured_media_url":"https:\/\/atecordoba.org\/wp-content\/uploads\/2020\/05\/logo-nuevochico-e1561581322808.png","_links":{"self":[{"href":"https:\/\/atecordoba.org\/index.php?rest_route=\/wp\/v2\/posts\/9133","targetHints":{"allow":["GET"]}}],"collection":[{"href":"https:\/\/atecordoba.org\/index.php?rest_route=\/wp\/v2\/posts"}],"about":[{"href":"https:\/\/atecordoba.org\/index.php?rest_route=\/wp\/v2\/types\/post"}],"author":[{"embeddable":true,"href":"https:\/\/atecordoba.org\/index.php?rest_route=\/wp\/v2\/users\/1"}],"replies":[{"embeddable":true,"href":"https:\/\/atecordoba.org\/index.php?rest_route=%2Fwp%2Fv2%2Fcomments&post=9133"}],"version-history":[{"count":0,"href":"https:\/\/atecordoba.org\/index.php?rest_route=\/wp\/v2\/posts\/9133\/revisions"}],"wp:featuredmedia":[{"embeddable":true,"href":"https:\/\/atecordoba.org\/index.php?rest_route=\/wp\/v2\/media\/19220"}],"wp:attachment":[{"href":"https:\/\/atecordoba.org\/index.php?rest_route=%2Fwp%2Fv2%2Fmedia&parent=9133"}],"wp:term":[{"taxonomy":"category","embeddable":true,"href":"https:\/\/atecordoba.org\/index.php?rest_route=%2Fwp%2Fv2%2Fcategories&post=9133"},{"taxonomy":"post_tag","embeddable":true,"href":"https:\/\/atecordoba.org\/index.php?rest_route=%2Fwp%2Fv2%2Ftags&post=9133"}],"curies":[{"name":"wp","href":"https:\/\/api.w.org\/{rel}","templated":true}]}}