{"id":9114,"date":"2017-09-29T13:39:37","date_gmt":"2017-09-29T16:39:37","guid":{"rendered":"http:\/\/www.atecordoba.org\/?p=9114"},"modified":"2017-09-29T13:39:37","modified_gmt":"2017-09-29T16:39:37","slug":"plenario-resolvio-radio-abierta-y-volanteada-para-el-4-de-octubre","status":"publish","type":"post","link":"https:\/\/atecordoba.org\/?p=9114","title":{"rendered":"Plenario resolvi\u00f3 radio abierta y volanteada para el 4 de octubre"},"content":{"rendered":"<p><em>Con la participaci\u00f3n de delegados nacionales, provinciales y municipales, se realiz\u00f3 un plenario de cara a las medidas de fuerza resueltas para la semana que viene en el Consejo Directivo Nacional.<\/em><\/p>\n<p><img loading=\"lazy\" decoding=\"async\" class=\"aligncenter size-full wp-image-9115\" src=\"http:\/\/www.atecordoba.org\/wp-content\/uploads\/2017\/09\/20170928_105746-e1506701179295.jpg\" alt=\"\" width=\"550\" height=\"309\"><\/p>\n<p>Con la presencia de la secretaria General, Mar\u00edoa Liliana Salerno, la concurrencia abarco compa\u00f1eros de hospitales provinciales, la Universidad Nacional de C\u00f3rdoba, Ministerio de Educaci\u00f3n provincial, Iosfa, Trabajadores Civiles de las FF.AA., Fabricaciones Militares, docentes de Gendarmer\u00eda, Anses, Agricultura Familiar, Anac, Dioxitek, Senasa y municipales de San Marcos&nbsp; Sierra.<\/p>\n<p><img loading=\"lazy\" decoding=\"async\" class=\"aligncenter size-full wp-image-9116\" src=\"http:\/\/www.atecordoba.org\/wp-content\/uploads\/2017\/09\/uno.png\" alt=\"\" width=\"550\" height=\"309\"><\/p>\n<p>Tras las palabras de la conducci\u00f3n del CDP y el an\u00e1lisis de los compa\u00f1eros de cada sector de trabajo, el secretario de Prensa, Daniel Pawluchuzk, resumi\u00f3 las resoluciones, informando que Comisi\u00f3n directiva, Cuerpo Org\u00e1nicos y trabajadores que adhieran al paro realizar\u00e1n una radio abierta, con entrega de volantes a la comunidad, el mi\u00e9rcoles 4 de octubre, a partir de las 10 horas, en la Plaza San Mart\u00edn, frente al Anses.<\/p>\n","protected":false},"excerpt":{"rendered":"<p>Con la participaci\u00f3n de delegados nacionales, provinciales y municipales, se realiz\u00f3 un plenario de cara a las medidas de fuerza resueltas para la semana que viene en el Consejo Directivo Nacional. Con la presencia de la secretaria General, Mar\u00edoa Liliana Salerno, la concurrencia abarco compa\u00f1eros de hospitales provinciales, la Universidad Nacional de C\u00f3rdoba, Ministerio de [&hellip;]<\/p>\n","protected":false},"author":1,"featured_media":19220,"comment_status":"open","ping_status":"open","sticky":false,"template":"","format":"standard","meta":{"_exactmetrics_skip_tracking":false,"_exactmetrics_sitenote_active":false,"_exactmetrics_sitenote_note":"","_exactmetrics_sitenote_category":0,"jnews-multi-image_gallery":[],"jnews_single_post":[],"jnews_primary_category":[],"jnews_social_meta":[],"jnews_review":[],"enable_review":"","type":"","name":"","summary":"","brand":"","sku":"","good":[],"bad":[],"score_override":"","override_value":"","rating":[],"price":[],"jnews_override_counter":[],"jnews_post_split":[],"footnotes":""},"categories":[1],"tags":[],"class_list":["post-9114","post","type-post","status-publish","format-standard","has-post-thumbnail","hentry","category-sin-categoria"],"jetpack_featured_media_url":"https:\/\/atecordoba.org\/wp-content\/uploads\/2020\/05\/logo-nuevochico-e1561581322808.png","_links":{"self":[{"href":"https:\/\/atecordoba.org\/index.php?rest_route=\/wp\/v2\/posts\/9114","targetHints":{"allow":["GET"]}}],"collection":[{"href":"https:\/\/atecordoba.org\/index.php?rest_route=\/wp\/v2\/posts"}],"about":[{"href":"https:\/\/atecordoba.org\/index.php?rest_route=\/wp\/v2\/types\/post"}],"author":[{"embeddable":true,"href":"https:\/\/atecordoba.org\/index.php?rest_route=\/wp\/v2\/users\/1"}],"replies":[{"embeddable":true,"href":"https:\/\/atecordoba.org\/index.php?rest_route=%2Fwp%2Fv2%2Fcomments&post=9114"}],"version-history":[{"count":0,"href":"https:\/\/atecordoba.org\/index.php?rest_route=\/wp\/v2\/posts\/9114\/revisions"}],"wp:featuredmedia":[{"embeddable":true,"href":"https:\/\/atecordoba.org\/index.php?rest_route=\/wp\/v2\/media\/19220"}],"wp:attachment":[{"href":"https:\/\/atecordoba.org\/index.php?rest_route=%2Fwp%2Fv2%2Fmedia&parent=9114"}],"wp:term":[{"taxonomy":"category","embeddable":true,"href":"https:\/\/atecordoba.org\/index.php?rest_route=%2Fwp%2Fv2%2Fcategories&post=9114"},{"taxonomy":"post_tag","embeddable":true,"href":"https:\/\/atecordoba.org\/index.php?rest_route=%2Fwp%2Fv2%2Ftags&post=9114"}],"curies":[{"name":"wp","href":"https:\/\/api.w.org\/{rel}","templated":true}]}}