{"id":9111,"date":"2017-09-29T12:51:51","date_gmt":"2017-09-29T15:51:51","guid":{"rendered":"http:\/\/www.atecordoba.org\/?p=9111"},"modified":"2017-09-29T12:51:51","modified_gmt":"2017-09-29T15:51:51","slug":"bariloche-contundente-jornada-de-protesta-de-trabajadores-de-parques-nacionales-de-todo-el-pais","status":"publish","type":"post","link":"https:\/\/atecordoba.org\/?p=9111","title":{"rendered":"Bariloche: contundente Jornada de Protesta de trabajadores de Parques Nacionales de todo el pa\u00eds"},"content":{"rendered":"<p><em>Los trabajadores de los&nbsp;Parques Nacionales de todo pa\u00eds, nucleados en ATE&nbsp;desarrollaron el mi\u00e9rcoles pasado una&nbsp;Jornada Nacional de Protesta, concentrando sus acciones en San Carlos de Bariloche. El compa\u00f1ero de C\u00f3rdoba Leonardo Barrios Caro, integrante de la Coordinaci\u00f3n Federal estuvieron presentes en R\u00edo Negro.<\/em><\/p>\n<p><img loading=\"lazy\" decoding=\"async\" class=\"aligncenter size-full wp-image-9112\" src=\"http:\/\/www.atecordoba.org\/wp-content\/uploads\/2017\/09\/barrios-caro-_-parques-nacionales-e1506700256303.jpeg\" alt=\"\" width=\"550\" height=\"309\"><\/p>\n<p>Las actividades comenzaron con&nbsp;una concentraci\u00f3n&nbsp;en la Intendencia del Parque Nacional Nahuel Huapi&nbsp;y continuaron con una&nbsp;movilizaci\u00f3n al Centro&nbsp;C\u00edvico donde se realiz\u00f3 una gran Asamblea.<\/p>\n<p>Llegaron a la ciudad representantes de los Parques Nacionales de todo el pa\u00eds: Los Alerces, Lago Puelo, Lan\u00edn y Los Glaciares, de la Regional NOA, de Salta, de la Regional Centro, desde C\u00f3rdoba, de la&nbsp; Regional Patagonia Sur y del NEA.<\/p>\n<p>\u201cEsta jornada se hizo en el marco del estado de Asamblea y Movilizaci\u00f3n declarado por la Seccional para todos los Organismos del Estado Nacional\u201d, se\u00f1al\u00f3&nbsp;Egar Actis, Secretario General de la Seccional Bariloche, agregando que los representantes de todo el pa\u00eds se re\u00fanen para articular estrategias comunes y expresar masivamente &nbsp;el desacuerdo con el Directorio de la Instituci\u00f3n.<\/p>\n<p>\u201cArribamos a Bariloche nuevamente para acompa\u00f1ar la lucha que llevan adelante todos los Organismos Nacionales\u201d, se\u00f1al\u00f3&nbsp;Rodrigo Vicente, Coordinador de los Organismos Nacionales de la provincia. \u201cComo dijimos, organismo que intente despedir a un trabajador es organismo donde vamos a tomar medidas fuertes y esto lo estamos viendo en distintos lugares. Como fue en SENASA a principio de a\u00f1o, ANSES luego y Parques ahora\u201d, detall\u00f3.<\/p>\n<p>\u201cNos movilizamos porque no estamos siendo escuchados, exigimos al Ministro que abra los concursos y que solicite los concursos para pasar a planta permanente a los m\u00e1s de 740 trabajadores precarizados\u201d, manifest\u00f3&nbsp;Jos\u00e9 Quintriqueo, Delegado de ATE en el Parque Nahuel Huapi&nbsp;y agreg\u00f3: \u201cHoy se congreg\u00f3 la Coordinaci\u00f3n Nacional de ATE en Parques, que est\u00e1 integrada por representantes de los diferentes Parques del pa\u00eds y levanta la bandera de la problem\u00e1tica del conjunto\u201d.<\/p>\n<div class=\"epyt-video-wrapper\"><iframe loading=\"lazy\"  style=\"display: block; margin: 0px auto;\"  id=\"_ytid_14125\"  width=\"480\" height=\"270\"  data-origwidth=\"480\" data-origheight=\"270\" src=\"https:\/\/www.youtube.com\/embed\/dCUXERlhm90?enablejsapi=1&#038;autoplay=0&#038;cc_load_policy=0&#038;cc_lang_pref=&#038;iv_load_policy=3&#038;loop=0&#038;rel=0&#038;fs=1&#038;playsinline=0&#038;autohide=2&#038;theme=dark&#038;color=red&#038;controls=1&#038;disablekb=0&#038;\" class=\"__youtube_prefs__  epyt-is-override  no-lazyload\" title=\"YouTube player\"  allow=\"fullscreen; accelerometer; autoplay; clipboard-write; encrypted-media; gyroscope; picture-in-picture; web-share\" referrerpolicy=\"strict-origin-when-cross-origin\" allowfullscreen data-no-lazy=\"1\" data-skipgform_ajax_framebjll=\"\"><\/iframe><\/div>\n<p><strong><u>Reclamos en Parques Nacionales<\/u><\/strong><\/p>\n<p>Tal como se\u00f1al\u00f3 el Delegado Sindical Quintriqueo, desde ATE se&nbsp;reclama estabilidad laboral para todos los trabajadores de la Administraci\u00f3n de Parques Nacionales<strong>,<\/strong>&nbsp;uno de los sectores m\u00e1s precarizados dentro de los Organismos Nacionales.<\/p>\n<p>Actualmente, los informes del Sindicato detallan la situaci\u00f3n de al menos&nbsp;280 Brigadistas de Incendio<strong>s<\/strong>&nbsp;que reclaman el pase a Planta Permanente en lugar de los contratos temporarios. Esto se fundamenta en que no son trabajadores de temporada, ya que desarrollan tareas de manera permanente, adem\u00e1s de estar capacitados en comunicaci\u00f3n, atenci\u00f3n de emergencias, incendios y prevenci\u00f3n, entre otros. Del mismo modo, se demanda a la patronal la posibilidad de la Jubilaci\u00f3n Anticipada y Profesionalizaci\u00f3n.&nbsp;<\/p>\n<p>En la Asamblea, tambi\u00e9n se expuso la situaci\u00f3n de los<strong>&nbsp;<\/strong><strong>o<\/strong>570 &nbsp;trabajadores&nbsp;con Contratos Anuales del Sistema Nacional de Empleo P\u00fablico. Bajo esta modalidad est\u00e1n los profesionales que realizan tareas sustanciales para el organismo como estudios de impacto ambiental, investigaciones y los administrativos y contables, que trabajan en lugares remotos y tienen la responsabilidad del manejo de patrimonio, fondos y presupuesto, sin estabilidad laboral.<\/p>\n<p>Del mismo modo, hay&nbsp;303 Guardas de Apoyo que piden la regularizaci\u00f3n de la carrera, ya que si bien cuentan con mucha experiencia territorial y amplios conocimientos ambientales, no poseen una Carrera Administrativa que les permita ascender o promover de nivel.<\/p>\n<p>La situaci\u00f3n de vulnerabilidad se puso en evidencia recientemente con el despido de Carla Pozzi, que lleva trabajando 14 a\u00f1os como contratada y que afront\u00f3 un sumario incomprensible, por la muerte de un huemul en 2016. Gracias a la lucha del Sindicato la trabajadora fue reincorporada la semana pasada. El caso dej\u00f3 a la vista que los trabajadores no cuentan con los elementos para poder garantizar su trabajo y sus tareas.&nbsp;<\/p>\n<p><strong><u>En otros organismos nacionales<\/u><\/strong><\/p>\n<p>La jornada cont\u00f3 con el apoyo y la participaci\u00f3n de representantes y trabajadores de otros Organismos Nacionales que padecen situaciones similares.<\/p>\n<p>En&nbsp;PAMI de Bariloche<strong>&nbsp;<\/strong>se anunciaron sumarios a trabajadores del Centro de Atenci\u00f3n Personalizada (CAP) del Alto, por haber puesto de relieve y repudiado la desaparici\u00f3n de Santiago Maldonado en el marco de una asamblea ampliada.&nbsp;<\/p>\n<p>La amenaza de despidos tambi\u00e9n se reflejan en otros organismos, como es el&nbsp;Ministerio de Trabajo<strong>.<\/strong>&nbsp; Y en el caso de&nbsp;ANSES&nbsp;los trabajadores reclaman para que se abran las Paritarias.<\/p>\n<p>En todos los Organismos Nacionales se est\u00e1n enfrentado los embates de un&nbsp;Gobierno que, valiendo de la precarizaci\u00f3n laboral, avanza con despidos y flexibilizaci\u00f3n laboral.<\/p>\n<p>&nbsp;<\/p>\n<p>&nbsp;<\/p>\n","protected":false},"excerpt":{"rendered":"<p>Los trabajadores de los&nbsp;Parques Nacionales de todo pa\u00eds, nucleados en ATE&nbsp;desarrollaron el mi\u00e9rcoles pasado una&nbsp;Jornada Nacional de Protesta, concentrando sus acciones en San Carlos de Bariloche. El compa\u00f1ero de C\u00f3rdoba Leonardo Barrios Caro, integrante de la Coordinaci\u00f3n Federal estuvieron presentes en R\u00edo Negro. Las actividades comenzaron con&nbsp;una concentraci\u00f3n&nbsp;en la Intendencia del Parque Nacional Nahuel Huapi&nbsp;y [&hellip;]<\/p>\n","protected":false},"author":1,"featured_media":19220,"comment_status":"open","ping_status":"open","sticky":false,"template":"","format":"standard","meta":{"_exactmetrics_skip_tracking":false,"_exactmetrics_sitenote_active":false,"_exactmetrics_sitenote_note":"","_exactmetrics_sitenote_category":0,"jnews-multi-image_gallery":[],"jnews_single_post":[],"jnews_primary_category":[],"jnews_social_meta":[],"jnews_review":[],"enable_review":"","type":"","name":"","summary":"","brand":"","sku":"","good":[],"bad":[],"score_override":"","override_value":"","rating":[],"price":[],"jnews_override_counter":[],"jnews_post_split":[],"footnotes":""},"categories":[18,96],"tags":[],"class_list":["post-9111","post","type-post","status-publish","format-standard","has-post-thumbnail","hentry","category-nacionales","category-parques-nacionales-2"],"jetpack_featured_media_url":"https:\/\/atecordoba.org\/wp-content\/uploads\/2020\/05\/logo-nuevochico-e1561581322808.png","_links":{"self":[{"href":"https:\/\/atecordoba.org\/index.php?rest_route=\/wp\/v2\/posts\/9111","targetHints":{"allow":["GET"]}}],"collection":[{"href":"https:\/\/atecordoba.org\/index.php?rest_route=\/wp\/v2\/posts"}],"about":[{"href":"https:\/\/atecordoba.org\/index.php?rest_route=\/wp\/v2\/types\/post"}],"author":[{"embeddable":true,"href":"https:\/\/atecordoba.org\/index.php?rest_route=\/wp\/v2\/users\/1"}],"replies":[{"embeddable":true,"href":"https:\/\/atecordoba.org\/index.php?rest_route=%2Fwp%2Fv2%2Fcomments&post=9111"}],"version-history":[{"count":0,"href":"https:\/\/atecordoba.org\/index.php?rest_route=\/wp\/v2\/posts\/9111\/revisions"}],"wp:featuredmedia":[{"embeddable":true,"href":"https:\/\/atecordoba.org\/index.php?rest_route=\/wp\/v2\/media\/19220"}],"wp:attachment":[{"href":"https:\/\/atecordoba.org\/index.php?rest_route=%2Fwp%2Fv2%2Fmedia&parent=9111"}],"wp:term":[{"taxonomy":"category","embeddable":true,"href":"https:\/\/atecordoba.org\/index.php?rest_route=%2Fwp%2Fv2%2Fcategories&post=9111"},{"taxonomy":"post_tag","embeddable":true,"href":"https:\/\/atecordoba.org\/index.php?rest_route=%2Fwp%2Fv2%2Ftags&post=9111"}],"curies":[{"name":"wp","href":"https:\/\/api.w.org\/{rel}","templated":true}]}}