{"id":9103,"date":"2017-09-25T12:38:47","date_gmt":"2017-09-25T15:38:47","guid":{"rendered":"http:\/\/www.atecordoba.org\/?p=9103"},"modified":"2017-09-25T12:38:47","modified_gmt":"2017-09-25T15:38:47","slug":"ate-va-al-paro-nacional-y-repudia-a-las-patotas-dentro-del-sindicato","status":"publish","type":"post","link":"https:\/\/atecordoba.org\/?p=9103","title":{"rendered":"ATE va al Paro Nacional y repudia a las patotas dentro del sindicato"},"content":{"rendered":"<p><em>El Consejo Directivo Nacional resolvi\u00f3 hoy medidas de fuerza que no pudieron ser opacadas por actitudes violentas de la Verde y Blanca.<\/em><\/p>\n<p><img loading=\"lazy\" decoding=\"async\" class=\"aligncenter size-full wp-image-9106\" src=\"http:\/\/www.atecordoba.org\/wp-content\/uploads\/2017\/09\/1-e1506353598373.jpg\" alt=\"\" width=\"550\" height=\"321\"><\/p>\n<p>&nbsp;<\/p>\n<p>El Consejo Directivo Nacional representado por la mayor\u00eda de los Secretarios Generales &nbsp;rechaza y repudia la actitud violenta de la agrupaci\u00f3n Verde y Blanca al impedir el debate democr\u00e1tico e intentar entorpecer el normal funcionamiento de este \u00e1mbito org\u00e1nico como hace tiempo atr\u00e1s sucedi\u00f3 con el congreso Confederal.<\/p>\n<p>Se convoc\u00f3 para el d\u00eda de hoy en el Hotel Quagliaro una reuni\u00f3n del Consejo Directivo Nacional representada por todas las provincias para debatir las pol\u00edticas de ajuste del Estado Nacional, de las provincias y los municipios; el plan de acci\u00f3n y los pasos a seguir dentro de la org\u00e1nica del gremio.<\/p>\n<p>Al comenzar dicha reuni\u00f3n, previo al informe pol\u00edtico, el Secretario General Hugo \u201cCachorro\u201d Godoy cedi\u00f3 la palabra a Horacio Fern\u00e1ndez, titular del IDEP, para presentar un an\u00e1lisis cr\u00edtico del presupuesto 2018 propuesto por el Gobierno Nacional.<\/p>\n<p>Al momento del desarrollo del mismo irrumpieron, de manera patoteril, dirigentes y militantes de la Agrupaci\u00f3n Verde y Blanca encabezada por los Secretarios Generales Jorge Hoffmann, de Santa Fe; Carlos Quintriqueo, de Neuqu\u00e9n; Daniel Catalano, de Capital Federal; Mat\u00edas Brizuela, de Jujuy, Feliciano Romero, de Corrientes; y Domingo Palacios, Secretario Gremial de La Rioja.<\/p>\n<p><img loading=\"lazy\" decoding=\"async\" class=\"aligncenter size-full wp-image-9104\" src=\"http:\/\/www.atecordoba.org\/wp-content\/uploads\/2017\/09\/3-e1506353547752.jpg\" alt=\"\" width=\"550\" height=\"334\"><\/p>\n<p>Mientras todos los Secretario Generales del pa\u00eds permanecieron sentados, este grupo de dirigentes se agruparon de pie y a los gritos comenzaron a cuestionar diferentes particularidades de sus provincias.<\/p>\n<p>Ante ese marco, Hugo Godoy hizo uso de la palabra e invit\u00f3 a sentarse a los Secretarios Generales e inst\u00f3 a que se retiraran del lugar quienes no formaban parte de ese \u00e1mbito institucional del sindicato.<\/p>\n<p>Al negarse al debate democr\u00e1tico, los dirigentes de dicha agrupaci\u00f3n continuaron con sus exabruptos y al cabo de unos minutos se retiraron en su totalidad emitiendo una vez m\u00e1s frases amenazantes.<\/p>\n<p>El repudio a esta actitud &#8211; que nos remite a los hechos de violencia protagonizados por ese espacio pol\u00edtico en el marco del Confederal realizado el a\u00f1o pasado en el Hotel Bauen \u2013 lleva la firma de las provincias representadas por sus Secretarios Generales: Tierra del Fuego, Santa Cruz, Chubut, R\u00edo Negro, La Pampa, Buenos Aires, San Luis, Mendoza, San Juan, C\u00f3rdoba, Entre R\u00edos, Catamarca, Tucum\u00e1n, Santiago del Estero, Misiones, Formosa y Salta y de los miembros del secretariado nacional.<\/p>\n<p><b><strong style=\"font-style: inherit;\">Plan de lucha<\/strong><\/b><\/p>\n<p>A pesar de estos hechos lamentables, se sigui\u00f3 sesionando y se resolvi\u00f3 continuar el plan de lucha con un Paro Nacional y movilizaciones en todo el pa\u00eds para el pr\u00f3ximo 4 de octubre en rechazo al proyecto del presupuesto nacional presentado por el gobierno de Macri y el pacto fiscal que significar\u00e1n m\u00e1s ajuste, m\u00e1s tarifazos y m\u00e1s endeudamiento contra el pueblo argentino.<\/p>\n<p>Tambi\u00e9n se ratific\u00f3 el rechazo a la reforma del sistema previsional y se comprometi\u00f3 a participar de la jornada de lucha de diferentes sectores de la Cultura para el pr\u00f3ximo 29 de septiembre. Adem\u00e1s de acompa\u00f1ar la lucha que llevan adelante los trabajadores de R\u00edo Turbio y Astilleros R\u00edo Santiago.<\/p>\n<p><img loading=\"lazy\" decoding=\"async\" class=\"aligncenter size-full wp-image-9107\" src=\"http:\/\/www.atecordoba.org\/wp-content\/uploads\/2017\/09\/rio-santiago-e1506353800636.jpg\" alt=\"\" width=\"550\" height=\"398\"><\/p>\n<p>Finalmente los presentes ratificaron su apoyo al Encuentro Nacional de Mujeres que se realizar\u00e1 los d\u00edas 14, 15 y 16 de octubre y el Paro Nacional que llevar\u00e1n adelante el pr\u00f3ximo 24 de octubre. Como as\u00ed tambi\u00e9n el rechazo a la aprobaci\u00f3n del Senado del ingreso de tropas norteamericanas al pa\u00eds.<\/p>\n<p>La reuni\u00f3n termin\u00f3 con la exigencia por el esclarecimiento inmediato por la desaparici\u00f3n de Santiago Maldonado.<\/p>\n","protected":false},"excerpt":{"rendered":"<p>El Consejo Directivo Nacional resolvi\u00f3 hoy medidas de fuerza que no pudieron ser opacadas por actitudes violentas de la Verde y Blanca. &nbsp; El Consejo Directivo Nacional representado por la mayor\u00eda de los Secretarios Generales &nbsp;rechaza y repudia la actitud violenta de la agrupaci\u00f3n Verde y Blanca al impedir el debate democr\u00e1tico e intentar entorpecer [&hellip;]<\/p>\n","protected":false},"author":1,"featured_media":19220,"comment_status":"open","ping_status":"open","sticky":false,"template":"","format":"standard","meta":{"_exactmetrics_skip_tracking":false,"_exactmetrics_sitenote_active":false,"_exactmetrics_sitenote_note":"","_exactmetrics_sitenote_category":0,"jnews-multi-image_gallery":[],"jnews_single_post":[],"jnews_primary_category":[],"jnews_social_meta":[],"jnews_review":[],"enable_review":"","type":"","name":"","summary":"","brand":"","sku":"","good":[],"bad":[],"score_override":"","override_value":"","rating":[],"price":[],"jnews_override_counter":[],"jnews_post_split":[],"footnotes":""},"categories":[10,21],"tags":[],"class_list":["post-9103","post","type-post","status-publish","format-standard","has-post-thumbnail","hentry","category-accion-politica","category-paro-nacional"],"jetpack_featured_media_url":"https:\/\/atecordoba.org\/wp-content\/uploads\/2020\/05\/logo-nuevochico-e1561581322808.png","_links":{"self":[{"href":"https:\/\/atecordoba.org\/index.php?rest_route=\/wp\/v2\/posts\/9103","targetHints":{"allow":["GET"]}}],"collection":[{"href":"https:\/\/atecordoba.org\/index.php?rest_route=\/wp\/v2\/posts"}],"about":[{"href":"https:\/\/atecordoba.org\/index.php?rest_route=\/wp\/v2\/types\/post"}],"author":[{"embeddable":true,"href":"https:\/\/atecordoba.org\/index.php?rest_route=\/wp\/v2\/users\/1"}],"replies":[{"embeddable":true,"href":"https:\/\/atecordoba.org\/index.php?rest_route=%2Fwp%2Fv2%2Fcomments&post=9103"}],"version-history":[{"count":0,"href":"https:\/\/atecordoba.org\/index.php?rest_route=\/wp\/v2\/posts\/9103\/revisions"}],"wp:featuredmedia":[{"embeddable":true,"href":"https:\/\/atecordoba.org\/index.php?rest_route=\/wp\/v2\/media\/19220"}],"wp:attachment":[{"href":"https:\/\/atecordoba.org\/index.php?rest_route=%2Fwp%2Fv2%2Fmedia&parent=9103"}],"wp:term":[{"taxonomy":"category","embeddable":true,"href":"https:\/\/atecordoba.org\/index.php?rest_route=%2Fwp%2Fv2%2Fcategories&post=9103"},{"taxonomy":"post_tag","embeddable":true,"href":"https:\/\/atecordoba.org\/index.php?rest_route=%2Fwp%2Fv2%2Ftags&post=9103"}],"curies":[{"name":"wp","href":"https:\/\/api.w.org\/{rel}","templated":true}]}}