{"id":9097,"date":"2017-09-22T14:21:46","date_gmt":"2017-09-22T17:21:46","guid":{"rendered":"http:\/\/www.atecordoba.org\/?p=9097"},"modified":"2017-09-22T14:21:46","modified_gmt":"2017-09-22T17:21:46","slug":"se-realizo-el-plenario-de-delegados-provinciales-de-salud","status":"publish","type":"post","link":"https:\/\/atecordoba.org\/?p=9097","title":{"rendered":"Se realiz\u00f3 el plenario de delegados provinciales de salud"},"content":{"rendered":"<p><em>En reuni\u00f3n plenario realizada ayer, representantes de los hospitales provinciales, junto a otros delegados de la administraci\u00f3n p\u00fablica, abordaron diversas problem\u00e1ticas que atraviesa la administraci\u00f3n p\u00fablica cordobesa y especialmente el \u00e1rea salud.<\/em><\/p>\n<p><img loading=\"lazy\" decoding=\"async\" class=\"aligncenter size-full wp-image-9099\" src=\"http:\/\/www.atecordoba.org\/wp-content\/uploads\/2017\/09\/WhatsApp-Image-2017-09-22-at-12.38.57-e1506100804228.jpeg\" alt=\"\" width=\"550\" height=\"330\"><\/p>\n<p>En la oportunidad estuvieron presentes el secretario Gremial del CDP, Diego Guerra, el se Prensa, Daniel Pawluchuzk, y el vocal, Hugo Duran.<\/p>\n<p>Estuvieron representados el Hospital de Ni\u00f1os, Maternidad Provincial, &nbsp;Hospital Pedi\u00e1trico, Neonatal, Misericordia, Neuropsiqui\u00e1trico, Casa del Joven, Hospital C\u00f3rdoba, Senaf, Hospital Rawson y Ministerio de Salud.<\/p>\n<p><img loading=\"lazy\" decoding=\"async\" class=\"aligncenter size-full wp-image-9098\" src=\"http:\/\/www.atecordoba.org\/wp-content\/uploads\/2017\/09\/WhatsApp-Image-2017-09-22-at-12.43.00-e1506100829646.jpeg\" alt=\"\" width=\"550\" height=\"330\"><\/p>\n<p>Los compa\u00f1eros acordaron llevara a cabo asambleas en los distintos sectores para debatir y lograr mandato de los trabajadores sobre&nbsp;la situaci\u00f3n salarial,&nbsp;las condiciones laborales y contractuales vigentes,&nbsp;la falta de recursos humanos,&nbsp;panorama de las org\u00e1nicas de los hospitales y el an\u00e1lisis de las leyes 7233 y 7625 dentro de los hospitales.<\/p>\n<p>El compromiso asumido es realizar las asambleas para definir los pasos a seguir.<\/p>\n","protected":false},"excerpt":{"rendered":"<p>En reuni\u00f3n plenario realizada ayer, representantes de los hospitales provinciales, junto a otros delegados de la administraci\u00f3n p\u00fablica, abordaron diversas problem\u00e1ticas que atraviesa la administraci\u00f3n p\u00fablica cordobesa y especialmente el \u00e1rea salud. En la oportunidad estuvieron presentes el secretario Gremial del CDP, Diego Guerra, el se Prensa, Daniel Pawluchuzk, y el vocal, Hugo Duran. Estuvieron [&hellip;]<\/p>\n","protected":false},"author":1,"featured_media":19220,"comment_status":"open","ping_status":"open","sticky":false,"template":"","format":"standard","meta":{"_exactmetrics_skip_tracking":false,"_exactmetrics_sitenote_active":false,"_exactmetrics_sitenote_note":"","_exactmetrics_sitenote_category":0,"jnews-multi-image_gallery":[],"jnews_single_post":[],"jnews_primary_category":[],"jnews_social_meta":[],"jnews_review":[],"enable_review":"","type":"","name":"","summary":"","brand":"","sku":"","good":[],"bad":[],"score_override":"","override_value":"","rating":[],"price":[],"jnews_override_counter":[],"jnews_post_split":[],"footnotes":""},"categories":[7,8,97],"tags":[],"class_list":["post-9097","post","type-post","status-publish","format-standard","has-post-thumbnail","hentry","category-hospitales","category-provinciales","category-senaf"],"jetpack_featured_media_url":"https:\/\/atecordoba.org\/wp-content\/uploads\/2020\/05\/logo-nuevochico-e1561581322808.png","_links":{"self":[{"href":"https:\/\/atecordoba.org\/index.php?rest_route=\/wp\/v2\/posts\/9097","targetHints":{"allow":["GET"]}}],"collection":[{"href":"https:\/\/atecordoba.org\/index.php?rest_route=\/wp\/v2\/posts"}],"about":[{"href":"https:\/\/atecordoba.org\/index.php?rest_route=\/wp\/v2\/types\/post"}],"author":[{"embeddable":true,"href":"https:\/\/atecordoba.org\/index.php?rest_route=\/wp\/v2\/users\/1"}],"replies":[{"embeddable":true,"href":"https:\/\/atecordoba.org\/index.php?rest_route=%2Fwp%2Fv2%2Fcomments&post=9097"}],"version-history":[{"count":0,"href":"https:\/\/atecordoba.org\/index.php?rest_route=\/wp\/v2\/posts\/9097\/revisions"}],"wp:featuredmedia":[{"embeddable":true,"href":"https:\/\/atecordoba.org\/index.php?rest_route=\/wp\/v2\/media\/19220"}],"wp:attachment":[{"href":"https:\/\/atecordoba.org\/index.php?rest_route=%2Fwp%2Fv2%2Fmedia&parent=9097"}],"wp:term":[{"taxonomy":"category","embeddable":true,"href":"https:\/\/atecordoba.org\/index.php?rest_route=%2Fwp%2Fv2%2Fcategories&post=9097"},{"taxonomy":"post_tag","embeddable":true,"href":"https:\/\/atecordoba.org\/index.php?rest_route=%2Fwp%2Fv2%2Ftags&post=9097"}],"curies":[{"name":"wp","href":"https:\/\/api.w.org\/{rel}","templated":true}]}}