{"id":9093,"date":"2017-09-22T14:00:58","date_gmt":"2017-09-22T17:00:58","guid":{"rendered":"http:\/\/www.atecordoba.org\/?p=9093"},"modified":"2017-09-22T14:00:58","modified_gmt":"2017-09-22T17:00:58","slug":"trabajadores-de-dioxitek-eligieron-los-delegados-de-ate","status":"publish","type":"post","link":"https:\/\/atecordoba.org\/?p=9093","title":{"rendered":"Trabajadores de Dioxitek eligieron los delegados de ATE"},"content":{"rendered":"<p><em>Ayer se llev\u00f3 a cabo la elecci\u00f3n con alta participaci\u00f3n de los trabajadores del sector.<\/em><\/p>\n<p><img loading=\"lazy\" decoding=\"async\" class=\"aligncenter size-full wp-image-9095\" src=\"http:\/\/www.atecordoba.org\/wp-content\/uploads\/2017\/09\/WhatsApp-Image-2017-09-22-at-10.09.35-e1506099600245.jpeg\" alt=\"\" width=\"550\" height=\"978\"><\/p>\n<p>La planta de tratamiento de uranio de Alta C\u00f3rdoba eligi\u00f3 ayer dos delegados de ATE con una participaci\u00f3n cercana al 65% del padr\u00f3n habilitado. En la oportunidad resultaron electos los compa\u00f1eros Claudio Coeroborga y Leonardo Ledesma Arias.<\/p>\n<p>Los compa\u00f1eros tendr\u00e1n mandato por los pr\u00f3ximos dos a\u00f1os y tienen en agenda la negociaci\u00f3n salarial del segundo semestre del a\u00f1o, donde los trabajadores plantean una recomposici\u00f3n por encima del 20% que estableci\u00f3 el gobierno nacional para el 2017, recategorizaciones pendientes y el pago del t\u00edtulo.<\/p>\n<p><img loading=\"lazy\" decoding=\"async\" class=\"aligncenter size-full wp-image-9094\" src=\"http:\/\/www.atecordoba.org\/wp-content\/uploads\/2017\/09\/WhatsApp-Image-2017-09-22-at-10.08.52-e1506099625432.jpeg\" alt=\"\" width=\"550\" height=\"978\"><\/p>\n","protected":false},"excerpt":{"rendered":"<p>Ayer se llev\u00f3 a cabo la elecci\u00f3n con alta participaci\u00f3n de los trabajadores del sector. La planta de tratamiento de uranio de Alta C\u00f3rdoba eligi\u00f3 ayer dos delegados de ATE con una participaci\u00f3n cercana al 65% del padr\u00f3n habilitado. En la oportunidad resultaron electos los compa\u00f1eros Claudio Coeroborga y Leonardo Ledesma Arias. Los compa\u00f1eros tendr\u00e1n [&hellip;]<\/p>\n","protected":false},"author":1,"featured_media":19220,"comment_status":"open","ping_status":"open","sticky":false,"template":"","format":"standard","meta":{"_exactmetrics_skip_tracking":false,"_exactmetrics_sitenote_active":false,"_exactmetrics_sitenote_note":"","_exactmetrics_sitenote_category":0,"jnews-multi-image_gallery":[],"jnews_single_post":[],"jnews_primary_category":[],"jnews_social_meta":[],"jnews_review":[],"enable_review":"","type":"","name":"","summary":"","brand":"","sku":"","good":[],"bad":[],"score_override":"","override_value":"","rating":[],"price":[],"jnews_override_counter":[],"jnews_post_split":[],"footnotes":""},"categories":[135],"tags":[],"class_list":["post-9093","post","type-post","status-publish","format-standard","has-post-thumbnail","hentry","category-dioxitek"],"jetpack_featured_media_url":"https:\/\/atecordoba.org\/wp-content\/uploads\/2020\/05\/logo-nuevochico-e1561581322808.png","_links":{"self":[{"href":"https:\/\/atecordoba.org\/index.php?rest_route=\/wp\/v2\/posts\/9093","targetHints":{"allow":["GET"]}}],"collection":[{"href":"https:\/\/atecordoba.org\/index.php?rest_route=\/wp\/v2\/posts"}],"about":[{"href":"https:\/\/atecordoba.org\/index.php?rest_route=\/wp\/v2\/types\/post"}],"author":[{"embeddable":true,"href":"https:\/\/atecordoba.org\/index.php?rest_route=\/wp\/v2\/users\/1"}],"replies":[{"embeddable":true,"href":"https:\/\/atecordoba.org\/index.php?rest_route=%2Fwp%2Fv2%2Fcomments&post=9093"}],"version-history":[{"count":0,"href":"https:\/\/atecordoba.org\/index.php?rest_route=\/wp\/v2\/posts\/9093\/revisions"}],"wp:featuredmedia":[{"embeddable":true,"href":"https:\/\/atecordoba.org\/index.php?rest_route=\/wp\/v2\/media\/19220"}],"wp:attachment":[{"href":"https:\/\/atecordoba.org\/index.php?rest_route=%2Fwp%2Fv2%2Fmedia&parent=9093"}],"wp:term":[{"taxonomy":"category","embeddable":true,"href":"https:\/\/atecordoba.org\/index.php?rest_route=%2Fwp%2Fv2%2Fcategories&post=9093"},{"taxonomy":"post_tag","embeddable":true,"href":"https:\/\/atecordoba.org\/index.php?rest_route=%2Fwp%2Fv2%2Ftags&post=9093"}],"curies":[{"name":"wp","href":"https:\/\/api.w.org\/{rel}","templated":true}]}}