{"id":9087,"date":"2017-09-20T16:58:04","date_gmt":"2017-09-20T19:58:04","guid":{"rendered":"http:\/\/www.atecordoba.org\/?p=9087"},"modified":"2017-09-20T16:58:04","modified_gmt":"2017-09-20T19:58:04","slug":"autoridades-de-parques-nacionales-garantizaron-a-ate-la-continuidad-de-todos-los-contratos","status":"publish","type":"post","link":"https:\/\/atecordoba.org\/?p=9087","title":{"rendered":"Autoridades de Parques Nacionales garantizaron a ATE la continuidad de todos los contratos"},"content":{"rendered":"<p><em>En una audiencia realizada ayer, a pedido de la Coordinaci\u00f3n de ATE Parques Nacionales, funcionarios de mayor responsabilidad informaron que en 2018 tendr\u00e1n continuidad todos los contratos de brigadistas y resoluci\u00f3n 48\/02. Adem\u00e1s mantendr\u00e1 su puesto de trabajo la compa\u00f1era Carla Pozzi, injustamente sumariada.<\/em><\/p>\n<p><img loading=\"lazy\" decoding=\"async\" class=\"aligncenter size-full wp-image-9088\" src=\"http:\/\/www.atecordoba.org\/wp-content\/uploads\/2017\/09\/movilizacion-parques-nacionales.jpg\" alt=\"\" width=\"410\" height=\"308\"><\/p>\n<p>La reuni\u00f3n se llev\u00f3 a cabo en la sede central del organismo y cont\u00f3 con la presencia de dos representantes de la Coordinaci\u00f3n Nacional de Parques de ATE, Jos\u00e9 Luis Quinticreo y Leonardo Barrios Caro \u2013delegado en C\u00f3rdoba-, junto a un miembro de asesor\u00eda letrada y la representaci\u00f3n paritaria del sector. Por la parte patronal estuvieron el Vicepresidente Emiliano Ezcurra, el Jefe de Gabinete Santiago Montanaro y el Director de Recursos Humanos Alejandro Rom\u00e1n.<\/p>\n<p>Los funcionarios notificaron que habr\u00e1 continuidad de brigadistas y resoluci\u00f3n 48\/02, que no exist\u00eda ninguna idea ni orden de bajar ning\u00fan contrato; y que la idea del Directorio es que dichos contratos fuesen firmados antes de fin del a\u00f1o en curso. Adem\u00e1s, informaron la continuidad al contrato de la compa\u00f1era Carla Pozzi, que estaba sumariada injustamente.<\/p>\n<p>Terminada la audiencia, los representantes de la Coordinaci\u00f3n Nacional anticiparon al Directorio que ATE pedir\u00e1 nueva reuni\u00f3n para tratar de forma exhaustiva los temas relacionados al pase a planta permanente de los compa\u00f1eros brigadistas, resoluci\u00f3n 48 y voluntarios rentados.<\/p>\n<p>As\u00ed mismo se acord\u00f3 con el Directorio mantener de forma fluida la comunicaci\u00f3n con nuestra Coordinaci\u00f3n como se viene suscitando hasta nuestros d\u00edas.<\/p>\n<p>\u201cCada paso sostenido en la lucha en defensa de los derechos adquiridos del trabajador, se gana con unidad en las bases, con conocimiento y empoderamiento de los mismos; y con el respaldo entre y con los trabajadores\/as\u201d, concluyeron los compa\u00f1eros al salir de la reuni\u00f3n.<\/p>\n","protected":false},"excerpt":{"rendered":"<p>En una audiencia realizada ayer, a pedido de la Coordinaci\u00f3n de ATE Parques Nacionales, funcionarios de mayor responsabilidad informaron que en 2018 tendr\u00e1n continuidad todos los contratos de brigadistas y resoluci\u00f3n 48\/02. Adem\u00e1s mantendr\u00e1 su puesto de trabajo la compa\u00f1era Carla Pozzi, injustamente sumariada. La reuni\u00f3n se llev\u00f3 a cabo en la sede central del [&hellip;]<\/p>\n","protected":false},"author":1,"featured_media":19220,"comment_status":"open","ping_status":"open","sticky":false,"template":"","format":"standard","meta":{"_exactmetrics_skip_tracking":false,"_exactmetrics_sitenote_active":false,"_exactmetrics_sitenote_note":"","_exactmetrics_sitenote_category":0,"jnews-multi-image_gallery":[],"jnews_single_post":[],"jnews_primary_category":[],"jnews_social_meta":[],"jnews_review":[],"enable_review":"","type":"","name":"","summary":"","brand":"","sku":"","good":[],"bad":[],"score_override":"","override_value":"","rating":[],"price":[],"jnews_override_counter":[],"jnews_post_split":[],"footnotes":""},"categories":[18,96],"tags":[],"class_list":["post-9087","post","type-post","status-publish","format-standard","has-post-thumbnail","hentry","category-nacionales","category-parques-nacionales-2"],"jetpack_featured_media_url":"https:\/\/atecordoba.org\/wp-content\/uploads\/2020\/05\/logo-nuevochico-e1561581322808.png","_links":{"self":[{"href":"https:\/\/atecordoba.org\/index.php?rest_route=\/wp\/v2\/posts\/9087","targetHints":{"allow":["GET"]}}],"collection":[{"href":"https:\/\/atecordoba.org\/index.php?rest_route=\/wp\/v2\/posts"}],"about":[{"href":"https:\/\/atecordoba.org\/index.php?rest_route=\/wp\/v2\/types\/post"}],"author":[{"embeddable":true,"href":"https:\/\/atecordoba.org\/index.php?rest_route=\/wp\/v2\/users\/1"}],"replies":[{"embeddable":true,"href":"https:\/\/atecordoba.org\/index.php?rest_route=%2Fwp%2Fv2%2Fcomments&post=9087"}],"version-history":[{"count":0,"href":"https:\/\/atecordoba.org\/index.php?rest_route=\/wp\/v2\/posts\/9087\/revisions"}],"wp:featuredmedia":[{"embeddable":true,"href":"https:\/\/atecordoba.org\/index.php?rest_route=\/wp\/v2\/media\/19220"}],"wp:attachment":[{"href":"https:\/\/atecordoba.org\/index.php?rest_route=%2Fwp%2Fv2%2Fmedia&parent=9087"}],"wp:term":[{"taxonomy":"category","embeddable":true,"href":"https:\/\/atecordoba.org\/index.php?rest_route=%2Fwp%2Fv2%2Fcategories&post=9087"},{"taxonomy":"post_tag","embeddable":true,"href":"https:\/\/atecordoba.org\/index.php?rest_route=%2Fwp%2Fv2%2Ftags&post=9087"}],"curies":[{"name":"wp","href":"https:\/\/api.w.org\/{rel}","templated":true}]}}