{"id":9082,"date":"2017-09-20T15:44:44","date_gmt":"2017-09-20T18:44:44","guid":{"rendered":"http:\/\/www.atecordoba.org\/?p=9082"},"modified":"2017-09-20T15:44:44","modified_gmt":"2017-09-20T18:44:44","slug":"20-de-septiembre-dia-de-jubilado","status":"publish","type":"post","link":"https:\/\/atecordoba.org\/?p=9082","title":{"rendered":"20 de septiembre, D\u00eda de Jubilado"},"content":{"rendered":"<p><em>El Consejo Directivo Provincial env\u00eda a todos sus afiliados jubilados, dese\u00e1ndole una feliz jornada y comprometi\u00e9ndose a mantener siempre vigente la lucha &nbsp;en defensa de sus derechos previsionales.<\/em><\/p>\n<p><img loading=\"lazy\" decoding=\"async\" class=\"aligncenter size-full wp-image-9084\" src=\"http:\/\/www.atecordoba.org\/wp-content\/uploads\/2017\/09\/logo-ate-cordoba-verde-e1505932880604.jpg\" alt=\"\" width=\"550\" height=\"646\"><\/p>\n<p>De la misma manera, este CDP saluda a nuestro Centro de Jubilados Provincial y a todos los centros de jubilados de cada localidad donde ATE tiene presencia, ya que es importante hacer un reconocimiento de la importante actividad que realizan permanentemente.&nbsp;<\/p>\n<p style=\"text-align: right;\">Mar\u00eda Liliana Salerno<\/p>\n<p style=\"text-align: right;\">Secretaria General<\/p>\n<p>&nbsp;<\/p>\n","protected":false},"excerpt":{"rendered":"<p>El Consejo Directivo Provincial env\u00eda a todos sus afiliados jubilados, dese\u00e1ndole una feliz jornada y comprometi\u00e9ndose a mantener siempre vigente la lucha &nbsp;en defensa de sus derechos previsionales. De la misma manera, este CDP saluda a nuestro Centro de Jubilados Provincial y a todos los centros de jubilados de cada localidad donde ATE tiene presencia, [&hellip;]<\/p>\n","protected":false},"author":1,"featured_media":19220,"comment_status":"open","ping_status":"open","sticky":false,"template":"","format":"standard","meta":{"_exactmetrics_skip_tracking":false,"_exactmetrics_sitenote_active":false,"_exactmetrics_sitenote_note":"","_exactmetrics_sitenote_category":0,"jnews-multi-image_gallery":[],"jnews_single_post":[],"jnews_primary_category":[],"jnews_social_meta":[],"jnews_review":[],"enable_review":"","type":"","name":"","summary":"","brand":"","sku":"","good":[],"bad":[],"score_override":"","override_value":"","rating":[],"price":[],"jnews_override_counter":[],"jnews_post_split":[],"footnotes":""},"categories":[22],"tags":[],"class_list":["post-9082","post","type-post","status-publish","format-standard","has-post-thumbnail","hentry","category-jubilados"],"jetpack_featured_media_url":"https:\/\/atecordoba.org\/wp-content\/uploads\/2020\/05\/logo-nuevochico-e1561581322808.png","_links":{"self":[{"href":"https:\/\/atecordoba.org\/index.php?rest_route=\/wp\/v2\/posts\/9082","targetHints":{"allow":["GET"]}}],"collection":[{"href":"https:\/\/atecordoba.org\/index.php?rest_route=\/wp\/v2\/posts"}],"about":[{"href":"https:\/\/atecordoba.org\/index.php?rest_route=\/wp\/v2\/types\/post"}],"author":[{"embeddable":true,"href":"https:\/\/atecordoba.org\/index.php?rest_route=\/wp\/v2\/users\/1"}],"replies":[{"embeddable":true,"href":"https:\/\/atecordoba.org\/index.php?rest_route=%2Fwp%2Fv2%2Fcomments&post=9082"}],"version-history":[{"count":0,"href":"https:\/\/atecordoba.org\/index.php?rest_route=\/wp\/v2\/posts\/9082\/revisions"}],"wp:featuredmedia":[{"embeddable":true,"href":"https:\/\/atecordoba.org\/index.php?rest_route=\/wp\/v2\/media\/19220"}],"wp:attachment":[{"href":"https:\/\/atecordoba.org\/index.php?rest_route=%2Fwp%2Fv2%2Fmedia&parent=9082"}],"wp:term":[{"taxonomy":"category","embeddable":true,"href":"https:\/\/atecordoba.org\/index.php?rest_route=%2Fwp%2Fv2%2Fcategories&post=9082"},{"taxonomy":"post_tag","embeddable":true,"href":"https:\/\/atecordoba.org\/index.php?rest_route=%2Fwp%2Fv2%2Ftags&post=9082"}],"curies":[{"name":"wp","href":"https:\/\/api.w.org\/{rel}","templated":true}]}}