{"id":9076,"date":"2017-09-20T15:27:26","date_gmt":"2017-09-20T18:27:26","guid":{"rendered":"http:\/\/www.atecordoba.org\/?p=9076"},"modified":"2017-09-20T15:27:26","modified_gmt":"2017-09-20T18:27:26","slug":"la-pampa-gran-encuentro-en-defensa-del-sistema-previsional","status":"publish","type":"post","link":"https:\/\/atecordoba.org\/?p=9076","title":{"rendered":"La Pampa: gran encuentro en defensa del Sistema Previsional"},"content":{"rendered":"<p><em>El viernes 16 de septiembre se realiz\u00f3 una jornada nacional de ATE, con dirigentes nacionales y provinciales junto a trabajadores de PAMI y ANSES.<\/em><\/p>\n<div class=\"epyt-video-wrapper\"><iframe loading=\"lazy\"  style=\"display: block; margin: 0px auto;\"  id=\"_ytid_48776\"  width=\"480\" height=\"270\"  data-origwidth=\"480\" data-origheight=\"270\" src=\"https:\/\/www.youtube.com\/embed\/zsgdnY3Qtvo?enablejsapi=1&#038;autoplay=0&#038;cc_load_policy=0&#038;cc_lang_pref=&#038;iv_load_policy=3&#038;loop=0&#038;rel=0&#038;fs=1&#038;playsinline=0&#038;autohide=2&#038;theme=dark&#038;color=red&#038;controls=1&#038;disablekb=0&#038;\" class=\"__youtube_prefs__  epyt-is-override  no-lazyload\" title=\"YouTube player\"  allow=\"fullscreen; accelerometer; autoplay; clipboard-write; encrypted-media; gyroscope; picture-in-picture; web-share\" referrerpolicy=\"strict-origin-when-cross-origin\" allowfullscreen data-no-lazy=\"1\" data-skipgform_ajax_framebjll=\"\"><\/iframe><\/div>\n<p>En la ciudad de Santa Rosa se realiz\u00f3 una gran Jornada de Seguridad Social y Trabajo promovido por el Centro Nacional de Jubilados y Pensionados de ATE, junto a dirigentes de PAMI y ANSES.<\/p>\n<p>El evento se desarroll\u00f3 en el sal\u00f3n el \u201cMirador de la Laguna\u201d, en el centro de la ciudad capital, desde las 16 horas, con una nutrida concurrencia de m\u00e1s de 300 trabajadores y trabajadoras de las delegaciones de todo el pa\u00eds, con dirigentes y referentes de los Centros de Jubilados de ATE de una gran cantidad de provincias, como instancia de concientizaci\u00f3n y organizaci\u00f3n para defender los derechos previsionales, en defensa del 82 % y contra la pretendida armonizaci\u00f3n de la caja jubilatoria.<\/p>\n<p>Antes de dar comienzo a los paneles de exposici\u00f3n y debates, se emiti\u00f3 para los presentes el video de la Campa\u00f1a continental de Seguridad Social de la Confederaci\u00f3n Latinoamericana y del Caribe de Trabajadores Estatales \/ CLATE.<\/p>\n<p><img loading=\"lazy\" decoding=\"async\" class=\"aligncenter size-full wp-image-9077\" src=\"http:\/\/www.atecordoba.org\/wp-content\/uploads\/2017\/09\/10624_5861-e1505931910585.jpg\" alt=\"\" width=\"550\" height=\"367\"><\/p>\n<p>El objetivo del encuentro es informar y desarrollar las herramientas que permitan defender el sistema y promover y apoyar a la postura del gobierno pampeano, que se opuso a la nacionalizaci\u00f3n de la caja provincial que la Casa Rosada intenta imponer a todos los gobernadores.<\/p>\n<p>Durante la apertura, el&nbsp;<b><strong style=\"font-style: inherit;\">Secretario General del consejo Directivo Provincial local de la Asociaci\u00f3n Trabajadores del Estado, Ricardo Araujo<\/strong><\/b>, explic\u00f3 a los presentes que \u201ctodos sabemos que estamos siendo sometidos a un avance neoliberal que intenta arrasar con las conquistas de los trabajadores y uno de esos avances se da sobre nuestro sistema previsional. se intenta terminar un sistema que ha sido creado por los trabajadores, que ha sido sostenido econ\u00f3micamente por los trabajadores, y se avanza hacia un sistema en el que a los trabajadores se les saca el jugo hasta el l\u00edmite, hasta que a la hora de retirarse en vez de tener un jubileo tengan que pasar miseria y hambre como est\u00e1n pasando muchos jubilados\u201d. Para finalizar, el dirigente estatal pampeano, levant\u00f3 la voz para hablar de la lucha de los trabajadores en la provincia: \u201cnosotros hoy en defensa de nuestra caja, hemos levantado en conjunto con nuestros compa\u00f1eros de la Mesa Inter-sindical, la consigna \u201cla caja no se toca\u201d, para que retumbe en todos los rincones de nuestra rep\u00fablica\u201d.<\/p>\n<p><img loading=\"lazy\" decoding=\"async\" class=\"aligncenter size-full wp-image-9078\" src=\"http:\/\/www.atecordoba.org\/wp-content\/uploads\/2017\/09\/10624_5862-e1505931936788.jpg\" alt=\"\" width=\"550\" height=\"367\"><\/p>\n<p>Antes de iniciarse el multitudinario encuentro, ATE se reuni\u00f3 con el gobernador por la defensa del sistema previsional. El Secretario General de ATE nacional Hugo Cachorro Godoy y dirigentes del Centro Nacional de Jubilados y Pensionados, se reunieron con Carlos Verna. La delegaci\u00f3n estuvo encabezada adem\u00e1s por Ricardo Araujo, titular de ATE La Pampa y Noelia Guzm\u00e1n, miembro de la conducci\u00f3n del Centro Nacional de Jubilados y Pensionados.<\/p>\n<p>Junto al gobernador estuvieron su ministro de Hacienda, Ernesto Franco, y el diputado Roberto Robledo.<\/p>\n<p>Participaron en representaci\u00f3n del<b><strong style=\"font-style: inherit;\">&nbsp;Centro Nacional de Jubilados de ATE, Lidia Meza, Olivia Ruiz, y<\/strong><\/b>&nbsp;<b><strong style=\"font-style: inherit;\">Noelia Guzm\u00e1n&nbsp;<\/strong><\/b>que durante el encuentro explic\u00f3 que \u201cHace un a\u00f1o que nosotros venimos recorriendo el pa\u00eds, en defensa de las cajas que el gobierno quiere llevarse con esta armonizaci\u00f3n, y no pod\u00edamos no estar ac\u00e1 porque yo pertenezco a la caja de La Pampa, y quiero hacerle un llamado especial a los m\u00e1s j\u00f3venes, porque esta pol\u00edtica de ajuste que se viene hoy para los jubilados, los mas perjudicados van a ser los que est\u00e1n prontos a jubilarse. No van&nbsp; a poder contar con una jubilaci\u00f3n que les permita vivir dignamente, van a tener un subsidio de vejez, que d\u00e9 a cuerdo a los estudios que han hecho nuestros compa\u00f1eros va a ser un 80% de lo que cobran los jubilados de ANSES con la m\u00ednima, que no les alcanza para llegar a fin de mes\u201d. Guzm\u00e1n llam\u00f3 a valorar el ejemplo del gobierno pampeano: \u201cas\u00ed que les hago un llamado muy especial a que se unan a esta lucha, acompa\u00f1en la decisi\u00f3n que el gobierno de La Pampa ha tomado en defensa de nuestra previsi\u00f3n social\u201d.<\/p>\n<p>Luego del encuentro con el gobernador Verna y antes de comenzar la jornada, los dirigentes estatales fueron recibidos en la C\u00e1mara de Diputados por su presidente, Mariano Fern\u00e1ndez, vicegobernador provincial, a quien se le entreg\u00f3 un proyecto de ley que fuera presentado en su momento en el Congreso de la Naci\u00f3n por los ex diputados V\u00edctor De Gennaro y Graciela Iturraspe. Con el compromiso de ser debatido en el recinto pampeano, Fern\u00e1ndez adem\u00e1s agradeci\u00f3 la lucha que lleva adelante ATE a nivel nacional y se comprometi\u00f3 a que los diputados nacionales de La Pampa har\u00e1n lo propio en el Congreso nacional.<\/p>\n<p><img loading=\"lazy\" decoding=\"async\" class=\"aligncenter size-full wp-image-9079\" src=\"http:\/\/www.atecordoba.org\/wp-content\/uploads\/2017\/09\/10624_5863-e1505931963498.jpg\" alt=\"\" width=\"550\" height=\"367\"><\/p>\n<p>A su turno, el&nbsp;<b><strong style=\"font-style: inherit;\">Secretario General de ATE CDN<\/strong><\/b>&nbsp;resalt\u00f3 que \u201clos trabajadores activos tenemos que reflexionar, porque son los jubilados y jubiladas, los que sostienen principalmente esta pelea, los que pelearon en los a\u00f1os 90 para que no se privatice el sistema previsional, y despu\u00e9s son los que mantuvieron la conciencia colectiva para que lo que hab\u00eda sido privatizado en los 90 pudi\u00e9ramos recuperarlo a principio de este siglo, un sistema previsional solidario, p\u00fablico, y tenemos que reflexionar los activos porque ellos sostienen una bandera que tienen que ver con nuestros intereses, porque la jubilaci\u00f3n que ellos tienen ya la tienen, la reforma que plantea el gobierno nacional y los gobernadores, aun de distintas identidades partidarias que sostienen el mismo planteo, es terminar con las jubilaciones como derecho, y establecer el&nbsp;<em style=\"font-style: inherit; font-weight: inherit;\">subsidio a la vejez<\/em>, que nuestra jubilaci\u00f3n ya no sea un producto de solidaridad entre generaciones, que no est\u00e9 atada a la lucha cotidiana de los trabajadores activos por sus salario que posibilitan que la jubilaci\u00f3n sea un porcentaje del salario del trabajadores activos\u201d.<\/p>\n<p>Godoy, adem\u00e1s, caracteriz\u00f3 el conflicto a nivel nacional: \u201cLo que buscan es que las provincias y algunos municipios, que tienen la capacidad de conducir esos Institutos Previsionales, lo entreguen al manejo discrecional de estos funcionarios que hoy manejan el ANSES. La vieja oligarqu\u00eda argentina reconvertida en gerentes de los bancos internacionales y ubicados en el fondo de la ANSES, hace que para los trabajadores jubilados y activos sea vital esta pelea. A principio de este a\u00f1o creamos la mesa en defensa de la seguridad previsional, con los trabajadores jubilados, los de la ANSES, del PAMI, y los institutos previsionales de las provincias, porque sabemos que el avance sobre el sistema de seguridad social es parte fundamental de la estrategia del presidente Macri, para terminar con la seguridad social en la argentina.<\/p>\n<p><img loading=\"lazy\" decoding=\"async\" class=\"aligncenter size-full wp-image-9080\" src=\"http:\/\/www.atecordoba.org\/wp-content\/uploads\/2017\/09\/10624_5865-e1505931986685.jpg\" alt=\"\" width=\"550\" height=\"367\"><\/p>\n<p>Por su parte,&nbsp;<b><strong style=\"font-style: inherit;\">Horacio Gonz\u00e1lez, asesor de la ATE y de la CTA Aut\u00f3noma<\/strong><\/b>, alert\u00f3 sobre algunos puntos del proyecto de ley para nacionalizar las cajas provinciales \u201ces importante el que se refiere a la financiaci\u00f3n del mismo, nosotros sostenemos que debe est\u00e1 basado en una financiaci\u00f3n de reparto que garantice prestaciones definidas, y esto est\u00e1 directamente vinculado a garantizar una prestaci\u00f3n previsional vinculada al salario del activo, por eso tomamos como eje de la campa\u00f1a la idea del 82%, que naci\u00f3n hace mas de 50 a\u00f1os como eje y n\u00facleo de la llamada movilidad jubilatoria. Y en la interpretaci\u00f3n que ha dado tradicionalmente la jurisprudencia de la Corte Suprema esto implica que debe existir proporcionalidad ente la jubilaci\u00f3n y el salario del activo, que cuando se rompe esta relaci\u00f3n, estamos provocando una ruptura del sistema y obligando a la gente a vivir en condiciones indignas. Adem\u00e1s, el abogado previsionalista&nbsp; explic\u00f3 que el sistema de capitalizaci\u00f3n \u201ccomo lo vimos en los \u00b490 y como lo vemos en pa\u00edses como Chile, en estos sistemas las prestaciones son indefinidas, no hay certidumbre sobre lo que va a percibir el trabajador cuando se jubile, y es importante que el trabajador sepa que va a percibir el 82 por ciento de su salario en actividad, no solo en el haber inicial, sino garantizado a lo largo del tiempo\u201d.<\/p>\n<p>\u201cLas cajas provinciales subsistentes, alrededor de 13 estados provinciales que no transfirieron sus cajas, son el modelo sobre el cual tenemos que trabajar una ley previsional. No se trata de una asistencia, es un verdadero derecho&nbsp; porque la Coparticipaci\u00f3n Federal est\u00e1 prevista en la Constituci\u00f3n Nacional y el reparto de los recursos debe ser proporcionales a las necesidades provinciales con un criterio objetivo y equitativo entre las provincias, hoy eso no se est\u00e1 respetando y se est\u00e1 utilizando la masa de recursos como elemento de extorsi\u00f3n para obligar a reformar las legislaciones previsionales. La seguridad social es propiedad colectiva de todos los trabajadores, as\u00ed como la clase capitalista tiene la propiedad privada, nosotros decimos que&nbsp; la seguridad social es propiedad fundamental de los trabajadores\u201d concluy\u00f3 Gonz\u00e1lez.&nbsp;<\/p>\n<p><b><strong style=\"font-style: inherit;\">Javier Pernigotti, de ATE ANSES<\/strong><\/b>, habl\u00f3 de la preocupaci\u00f3n de los trabajadores del organismo, que \u201cest\u00e1 atravesando una crisis gradual, que tiene que ver con el uso indiscriminado del Fondo de Garant\u00eda de Sustentabilidad, que se compone con intereses diversos de afiliados y aportes de trabajadores y trabajadoras, y ese fondo se ha tornado para solvencia de las apetencias del poder Ejecutivo. Nosotros estamos anunciando que ese Fondo es nuestro futuro,&nbsp; por eso decimos&nbsp; no sedamos un \u00e1pice en esta lucha, la organizaci\u00f3n es lo m\u00e1s importante que tenemos como herramienta de transformaci\u00f3n\u201d<\/p>\n<p>M\u00e1s temprano, ante la coincidencia por parte del gobernador con la posici\u00f3n de los trabajadores, Hugo Godoy destac\u00f3 tras la reuni\u00f3n con el mandatario que &#8220;hemos encontrado una actitud positiva de su parte. Lo demuestra el hecho de que muchos gobernadores han firmado un nuevo pacto fiscal, inentendible porque est\u00e1n aceptando esta imposici\u00f3n que recuerda los pactos fiscales de cuando estaba Cavallo en el gobierno. Encontrar esta excepci\u00f3n en el gobernador de La Pampa es alentador&#8221;.<\/p>\n<p><b><strong style=\"font-style: inherit;\">El secretario general de ATE Entre R\u00edos, Oscar Muntes&nbsp;<\/strong><\/b>expuso ante las cerca de 300 personas presentes en la jornada de defensa del Sistema Previsional, sobre la avanzada del Gobierno Nacional: \u201cpretende de todas formas para que la provincia armonice el sistema jubilatorio. Y esto tiene que ver con una realidad que a los trabajadores nos atraviesa debido al desmanejo de los fondos y especialmente de los gobiernos que no hay trabajado cuidando nuestros intereses. Nuestra provincia fue la primera que sufri\u00f3 esta situaci\u00f3n que estamos viviendo los entrerrianos, tiene que ver con el ahogamiento que est\u00e1 haciendo el gobierno nacional, y ah\u00ed nos tenemos que parar en un problema que tenemos todas las provincias, es a trav\u00e9s de los pactos fiscales, que han llevado a las provincias a depender del Estado Nacional para poder subsistir\u201d<\/p>\n<p><b><strong style=\"font-style: inherit;\">Para finalizar, Graciela Iturraspe, dirigente de ATE y CTA-A especialista en temas jubilatorios,&nbsp;<\/strong><\/b>lament\u00f3 que \u201cnos quieren convencer de que es imposible sostener el nivel de prestaciones que tenemos en las cajas provinciales, nos dicen que no tenemos plata para financiar eso y por eso nos van a apretar para que nacionalicen las cajas, y lo que van a financiar son miserias, subsidios a la pobreza del adulto mayor. Hoy hay en la sociedad una gerontofobia, hay un desprecio hacia los viejos, porque lo viejo est\u00e1 asociado al castigo, a una etapa de la vida en la que la vamos a pasar muy mal\u201d<\/p>\n<p>La referente de los trabajadores en ANSES record\u00f3 que \u201cCuando se crearon los sistemas de seguridad social exist\u00eda solo el trabajo, sin adjetivos, no hab\u00eda trabajo en blanco, en negro, precarios, independientes, etc., la proporci\u00f3n era que cada 5 a portantes se sosten\u00eda un buen sueldo de un jubilado, y ahora dicen que no se puede, porque hoy la proporci\u00f3n es de un trabajador y medio, activo aportarte, por cada jubilado, pero la responsabilidad de eso no es de los trabajadores, todos trabajamos, algunos tienen el privilegio de hacerlo en blanco, y lamentablemente desde hace muchos a\u00f1os hay muchos que no lo pueden hacer\u201d.<\/p>\n<p>Iturraspe, que durante su<b><strong style=\"font-style: inherit;\">&nbsp;<\/strong><\/b>&nbsp;mandato de Diputada Nacional del espacio Unidad Popular por la Provincia de Buenos Aires fue la que present\u00f3 el proyecto de ley de revisi\u00f3n integral del sistema de seguridad social, advirti\u00f3 que la reforma que el gobierno pretenden imponer en este momento es para que \u201cdentro de 15 a\u00f1os el 70% de los argentinos va a llegar a la edad jubilatoria sin tener los 30 a\u00f1os de aporte, en el caso de que podamos mantenerlo en 30 a\u00f1os. O sea todos vamos a cobrar el subsidio a la vejez, que adem\u00e1s no genera derecho, una vez que el beneficiario se muere no genera pensi\u00f3n para el compa\u00f1ero\u201d<\/p>\n<p>\u201cLo que nos tenemos que dar es una estrategia para resistir, con las herramientas tradicionales de los trabajadores, con encuentros de este tipo, con marchas en la calle, pero tenemos que exigir en cada provincia que los gobernadores sigan el ejemplo del gobernador Verna, y a los trabajadores y los j\u00f3venes que se pongan al frente de esta batalla. La justicia est\u00e1 de nuestro lado y vamos por m\u00e1s!\u201d, finaliz\u00f3 Iturraspe.<\/p>\n","protected":false},"excerpt":{"rendered":"<p>El viernes 16 de septiembre se realiz\u00f3 una jornada nacional de ATE, con dirigentes nacionales y provinciales junto a trabajadores de PAMI y ANSES. En la ciudad de Santa Rosa se realiz\u00f3 una gran Jornada de Seguridad Social y Trabajo promovido por el Centro Nacional de Jubilados y Pensionados de ATE, junto a dirigentes de [&hellip;]<\/p>\n","protected":false},"author":1,"featured_media":19220,"comment_status":"open","ping_status":"open","sticky":false,"template":"","format":"standard","meta":{"_exactmetrics_skip_tracking":false,"_exactmetrics_sitenote_active":false,"_exactmetrics_sitenote_note":"","_exactmetrics_sitenote_category":0,"jnews-multi-image_gallery":[],"jnews_single_post":[],"jnews_primary_category":[],"jnews_social_meta":[],"jnews_review":[],"enable_review":"","type":"","name":"","summary":"","brand":"","sku":"","good":[],"bad":[],"score_override":"","override_value":"","rating":[],"price":[],"jnews_override_counter":[],"jnews_post_split":[],"footnotes":""},"categories":[22],"tags":[],"class_list":["post-9076","post","type-post","status-publish","format-standard","has-post-thumbnail","hentry","category-jubilados"],"jetpack_featured_media_url":"https:\/\/atecordoba.org\/wp-content\/uploads\/2020\/05\/logo-nuevochico-e1561581322808.png","_links":{"self":[{"href":"https:\/\/atecordoba.org\/index.php?rest_route=\/wp\/v2\/posts\/9076","targetHints":{"allow":["GET"]}}],"collection":[{"href":"https:\/\/atecordoba.org\/index.php?rest_route=\/wp\/v2\/posts"}],"about":[{"href":"https:\/\/atecordoba.org\/index.php?rest_route=\/wp\/v2\/types\/post"}],"author":[{"embeddable":true,"href":"https:\/\/atecordoba.org\/index.php?rest_route=\/wp\/v2\/users\/1"}],"replies":[{"embeddable":true,"href":"https:\/\/atecordoba.org\/index.php?rest_route=%2Fwp%2Fv2%2Fcomments&post=9076"}],"version-history":[{"count":0,"href":"https:\/\/atecordoba.org\/index.php?rest_route=\/wp\/v2\/posts\/9076\/revisions"}],"wp:featuredmedia":[{"embeddable":true,"href":"https:\/\/atecordoba.org\/index.php?rest_route=\/wp\/v2\/media\/19220"}],"wp:attachment":[{"href":"https:\/\/atecordoba.org\/index.php?rest_route=%2Fwp%2Fv2%2Fmedia&parent=9076"}],"wp:term":[{"taxonomy":"category","embeddable":true,"href":"https:\/\/atecordoba.org\/index.php?rest_route=%2Fwp%2Fv2%2Fcategories&post=9076"},{"taxonomy":"post_tag","embeddable":true,"href":"https:\/\/atecordoba.org\/index.php?rest_route=%2Fwp%2Fv2%2Ftags&post=9076"}],"curies":[{"name":"wp","href":"https:\/\/api.w.org\/{rel}","templated":true}]}}