{"id":9072,"date":"2017-09-20T15:14:37","date_gmt":"2017-09-20T18:14:37","guid":{"rendered":"http:\/\/www.atecordoba.org\/?p=9072"},"modified":"2020-06-09T15:38:55","modified_gmt":"2020-06-09T18:38:55","slug":"cupo-femenino-para-salerno-deberia-ser-por-condiciones","status":"publish","type":"post","link":"https:\/\/atecordoba.org\/?p=9072","title":{"rendered":"Cupo femenino: para Salerno deber\u00eda ser por condiciones"},"content":{"rendered":"<p><em>Entrevistada por el diario La Voz del Interior sobre el cupo femenino en los sindicatos y en las listas de los partidos para integrar el Congreso de la Naci\u00f3n, la secretaria General de ATE C\u00f3rdoba volc\u00f3 su perspectiva y experiencia al respecto.&nbsp;<\/em><\/p>\n<p><img loading=\"lazy\" decoding=\"async\" class=\"aligncenter size-full wp-image-9073\" src=\"http:\/\/atecordoba.org\/wp-content\/uploads\/2020\/06\/salerno_4-e1505930540855.jpg\" alt=\"\" width=\"550\" height=\"302\"><\/p>\n<p>\u201cDeber\u00eda ser que por las condiciones y las capacidades personales lleguemos a los lugares que nos corresponden, m\u00e1s all\u00e1 de los cupos\u201d, dice convencida Liliana Salerno, quien desde 2015 conduce la Asociaci\u00f3n de Trabajadores del Estado (ATE) de C\u00f3rdoba.<\/p>\n<p>Salerno viene de un sector predominantemente masculino, ya que ingreso en 1984 como empleada de la F\u00e1brica Militar de R\u00edo Tercero, desde donde desarroll\u00f3 su carrera sindical en la seccional del ATE de esa ciudad.<\/p>\n<p>\u201cNo he tenido muchos inconvenientes a pesar de que vengo de un sector netamente masculino\u201d, reconoce.<\/p>\n<div class=\"inlineBanner\">\n<div id=\"sas_20895\">La gremialista cuenta una an\u00e9cdota que le sucedi\u00f3 a finales de los \u201990, cuando ven\u00edan las elecciones para la renovaci\u00f3n de autoridades en la seccional R\u00edo Tercero de ATE y un sector la impulsaba como candidata para presidir el gremio. \u201cAl otro d\u00eda que se supo de mi candidatura, un compa\u00f1ero dentro de la f\u00e1brica me empez\u00f3 a hablar y a elogiarme y por poco me dec\u00eda que era la Virgen Mar\u00eda, pero al final, junto con otros, me dijeron: necesitamos que nos conduzca un hombre, m\u00e1s all\u00e1 de tus m\u00e9ritos\u201d.<\/div>\n<\/div>\n<p>Salerno dice que acept\u00f3 la demanda. \u201cMe qued\u00e9 en el molde y cuando volv\u00ed a casa, me recagu\u00e9 llorando; pero los a\u00f1os me compensaron de ese traspi\u00e9\u201d, resalta. Rememora que nunca qued\u00f3 resentida por ese hecho porque no le dijeron nada ofensivo.<\/p>\n<aside class=\"relacionadas\">\n<header class=\"tit-modulo\">&#8220;De todas maneras, en t\u00e9rminos generales es necesario el cupo porque a veces se llenan los lugares con compa\u00f1eros y ponen a las mujeres como un relleno. Y no debe ser as\u00ed, porque estamos en igualdad de condiciones y de capacidades personales\u201d, eval\u00faa.<\/header>\n<\/aside>\n<p>Salerno se\u00f1ala que ahora las diputadas nacionales van por el 50 por ciento de las bancas. \u201cLo veo bien, siempre y cuando quienes vayan no lo hagan solamente para cumplir una ley y que todas tengan las capacidades necesarias y no sean candidatas por ser la esposa de&#8230; o la novia de un pol\u00edtico\u201d.<\/p>\n<p>Resalt\u00f3 que, actualmente, ATE cuenta con mujeres al frente del gremio en C\u00f3rdoba, en San Luis, en La Rioja y en Santiago del Estero.<\/p>\n<p class=\"SubTitulo\"><strong>Por el 50 por ciento<\/strong><\/p>\n<p>Salerno remarca que en ATE se \u201ctrabaja mucho\u201d para que cada uno tenga el lugar que le corresponde, ya sean hombres o mujeres. \u201cEs necesario obtener m\u00e1s espacio, pero tambi\u00e9n hace falta la participaci\u00f3n activa\u201d, seg\u00fan interpreta la dirigente gremial.<\/p>\n<p>Respecto de ir por el 50 por ciento de los cargos electorales y la alternativa de que ese porcentaje se extienda al sindicalismo, lo considera positivo en \u201cla medida en que las compa\u00f1eras que se coloquen no lo hagan solamente para cumplir con un cupo\u201d.<\/p>\n<p>\u201cA veces es necesario imponer el cupo en determinados lugares, pero en ATE estamos m\u00e1s evolucionados con respecto a este tema\u201d, subraya.<\/p>\n<p>entrevista http:\/\/www.lavoz.com.ar\/politica\/salerno-deberia-ser-por-condiciones-mas-alla-del-cupo<\/p>\n<p>informe sobre cupo femenino&nbsp;http:\/\/www.lavoz.com.ar\/node\/1129451?rc=1#!#_=_<\/p>\n<p>&nbsp;<\/p>\n","protected":false},"excerpt":{"rendered":"<p>Entrevistada por el diario La Voz del Interior sobre el cupo femenino en los sindicatos y en las listas de los partidos para integrar el Congreso de la Naci\u00f3n, la secretaria General de ATE C\u00f3rdoba volc\u00f3 su perspectiva y experiencia al respecto.&nbsp; \u201cDeber\u00eda ser que por las condiciones y las capacidades personales lleguemos a los [&hellip;]<\/p>\n","protected":false},"author":1,"featured_media":19220,"comment_status":"open","ping_status":"open","sticky":false,"template":"","format":"standard","meta":{"_exactmetrics_skip_tracking":false,"_exactmetrics_sitenote_active":false,"_exactmetrics_sitenote_note":"","_exactmetrics_sitenote_category":0,"jnews-multi-image_gallery":[],"jnews_single_post":[],"jnews_primary_category":[],"jnews_social_meta":[],"jnews_review":[],"enable_review":"","type":"","name":"","summary":"","brand":"","sku":"","good":[],"bad":[],"score_override":"","override_value":"","rating":[],"price":[],"jnews_override_counter":[],"jnews_post_split":[],"footnotes":""},"categories":[325],"tags":[],"class_list":["post-9072","post","type-post","status-publish","format-standard","has-post-thumbnail","hentry","category-generos-y-diversidades"],"jetpack_featured_media_url":"https:\/\/atecordoba.org\/wp-content\/uploads\/2020\/05\/logo-nuevochico-e1561581322808.png","_links":{"self":[{"href":"https:\/\/atecordoba.org\/index.php?rest_route=\/wp\/v2\/posts\/9072","targetHints":{"allow":["GET"]}}],"collection":[{"href":"https:\/\/atecordoba.org\/index.php?rest_route=\/wp\/v2\/posts"}],"about":[{"href":"https:\/\/atecordoba.org\/index.php?rest_route=\/wp\/v2\/types\/post"}],"author":[{"embeddable":true,"href":"https:\/\/atecordoba.org\/index.php?rest_route=\/wp\/v2\/users\/1"}],"replies":[{"embeddable":true,"href":"https:\/\/atecordoba.org\/index.php?rest_route=%2Fwp%2Fv2%2Fcomments&post=9072"}],"version-history":[{"count":1,"href":"https:\/\/atecordoba.org\/index.php?rest_route=\/wp\/v2\/posts\/9072\/revisions"}],"predecessor-version":[{"id":19972,"href":"https:\/\/atecordoba.org\/index.php?rest_route=\/wp\/v2\/posts\/9072\/revisions\/19972"}],"wp:featuredmedia":[{"embeddable":true,"href":"https:\/\/atecordoba.org\/index.php?rest_route=\/wp\/v2\/media\/19220"}],"wp:attachment":[{"href":"https:\/\/atecordoba.org\/index.php?rest_route=%2Fwp%2Fv2%2Fmedia&parent=9072"}],"wp:term":[{"taxonomy":"category","embeddable":true,"href":"https:\/\/atecordoba.org\/index.php?rest_route=%2Fwp%2Fv2%2Fcategories&post=9072"},{"taxonomy":"post_tag","embeddable":true,"href":"https:\/\/atecordoba.org\/index.php?rest_route=%2Fwp%2Fv2%2Ftags&post=9072"}],"curies":[{"name":"wp","href":"https:\/\/api.w.org\/{rel}","templated":true}]}}