{"id":9062,"date":"2017-09-20T15:17:25","date_gmt":"2017-09-20T18:17:25","guid":{"rendered":"http:\/\/www.atecordoba.org\/?p=9062"},"modified":"2017-09-20T15:17:25","modified_gmt":"2017-09-20T18:17:25","slug":"encuentro-provincial-avanza-la-organizacion-de-los-trabajadores-no-docentes-de-universidades-nacionales-en-ate","status":"publish","type":"post","link":"https:\/\/atecordoba.org\/?p=9062","title":{"rendered":"Encuentro Provincial: avanza la organizaci\u00f3n de los trabajadores no docentes de universidades nacionales en ATE"},"content":{"rendered":"<p><em>El pasado 8 de septiembre los cuerpos de delegados de la Universidad Nacional de C\u00f3rdoba y la Universidad Nacional de R\u00edo Cuarto realizaron un encuentro provincial para acordar pol\u00edticas y acciones a los fines de unificar criterios organizativos y gremiales, atento al lugar que nuestra organizaci\u00f3n viene mostrando en el sector.<\/em><\/p>\n<p><img loading=\"lazy\" decoding=\"async\" class=\"aligncenter size-full wp-image-9069\" src=\"http:\/\/www.atecordoba.org\/wp-content\/uploads\/2017\/09\/20170908_162857-e1505837691971.jpg\" alt=\"\" width=\"550\" height=\"309\"><\/p>\n<p>En la oportunidad estuvieron la secretaria General del Consejo Directivo Provincial, Mar\u00eda Liliana Salerno, el Adjunto, Luis Barcena, y el miembro del Centro Nacional de Jubilados de ATE, Oscar Mengarelli, entre otros dirigentes.<\/p>\n<p>La reuni\u00f3n dio inici\u00f3 con un balance de Salerno sobre la situaci\u00f3n general de los estatales en la actualidad, resaltando que \u201cestamos en un momento complicado pero ahora es cuando ATE muestra que tenemos historia de lucha y presente de convicciones. Estaremos donde hay que estar para defender los derechos de los trabajadores en todo el territorio provincial, as\u00ed como ATE lo hace en todo el pa\u00eds\u201d. En tal sentido, la dirigente inst\u00f3 a los presentes a seguir creciendo en afiliaci\u00f3n, dado que se trata de uno de los sectores m\u00e1s populosos de Estado nacional en C\u00f3rdoba.<\/p>\n<p>A su vez, Mengarelli abord\u00f3 la historia de ATE y la creaci\u00f3n de la agrupaci\u00f3n Anusate durante la dictadura, en una charla que brind\u00f3 elementos a los compa\u00f1eros para la organizaci\u00f3n en los sectores de trabajo, desde la m\u00edstica que forj\u00f3 la historia de H\u00e9ctor Quagliaro, Germ\u00e1n Abdala y V\u00edctor De Gennaro.<\/p>\n<p><img loading=\"lazy\" decoding=\"async\" class=\"aligncenter size-full wp-image-9070\" src=\"http:\/\/www.atecordoba.org\/wp-content\/uploads\/2017\/09\/20170908_110109-e1505837758425.jpg\" alt=\"\" width=\"550\" height=\"309\"><\/p>\n<p>Finalmente, tras un largo debate donde se volcaron las vivencias que los compa\u00f1eros est\u00e1n desarrollando en las diversas casas de estudio, los delegados presentes elaboraron un documento que consensuaron en conjunto.<\/p>\n<p><em>Los trabajadores y trabajadoras de ATE de la Universidad Nacional de C\u00f3rdoba y de la Universidad Nacional de R\u00edo Cuarto declaramos que:<\/em><\/p>\n<p><em><strong>Reivindicamos<\/strong> una universidad p\u00fablica, gratuita y m\u00e1s inclusiva, como un bien social y un derecho humano en estos tiempos en que lo p\u00fablico y gratuito pretende ser avasallado, con un gobierno, cuyo ejecutivo ha expresado que no concuerda con la expansi\u00f3n federal del sistema universitario, desvalorizando la creaci\u00f3n de nuevas universidades.<\/em><\/p>\n<p><em><strong>Rechazamos<\/strong> las crecientes situaciones de precariedad, fraude laboral, deficitarias condiciones de trabajo y violencia laboral que se observan en las Universidades Nacionales; la no implementaci\u00f3n efectiva del CCT 366\/06, que si bien es deficitario en muchos aspectos como la ambig\u00fcedad en algunas de sus cl\u00e1usulas, es un piso m\u00ednimo de derechos de aplicaci\u00f3n obligatoria para las autoridades universitarias; la falta de capacitaci\u00f3n para todos los agrupamientos, como la falta de acceso a los cursos actuales por parte de muchos compa\u00f1eros; la ausencia de una pol\u00edtica seria en este sentido, ninguneando las propuestas de las \u00e1reas involucradas.<\/em><\/p>\n<p><em><strong>Denunciamos<\/strong> que no se respeta el libre ejercicio de la libertad sindical, persiguiendo a ATE y tratando de descalificar nuestro leg\u00edtimo derecho a intervenir en la defensa de los\/las trabajadores\/as universitarios\/as. Es una muestra cabal de que nuestro crecimiento molesta.<\/em><\/p>\n<p><em><strong>Exigimos<\/strong> igualar condiciones de trabajo de forma progresiva, y el respeto al principio constitucional de igual tarea por igual remuneraci\u00f3n; el respeto a la carrera administrativa, democratizando los concursos de ingreso y promoci\u00f3n, evitando la manipulaci\u00f3n permanente de los mismos, as\u00ed como la creaci\u00f3n de organigramas por \u00e1rea con categor\u00edas y funciones espec\u00edficas.<\/em><\/p>\n<p><em><strong>Creemos urgente<\/strong> la creaci\u00f3n de comit\u00e9s de Seguridad e Higiene en cada \u00e1rea de trabajo a fin de detectar, erradicar, prevenir accidentes y\/o enfermedades laborales.<\/em><\/p>\n<p><em><strong>Repudiamos<\/strong> las practicas que presionan a los trabajadores a cumplir funciones m\u00e1s all\u00e1 de la categor\u00eda y agrupamiento en el que est\u00e1n encuadrados, estableciendo ilegalmente la polifuncionalidad y movilidad en desmedro del bienestar en el ejercicio de la tarea, tornando en insalubre el lugar de trabajo.<\/em><\/p>\n<p><em><strong>Nos solidarizamos<\/strong> con la compa\u00f1era de la Facultad de Odontolog\u00eda de la UNC que sufri\u00f3 un accidente de trabajo, esperamos su pronta recuperaci\u00f3n y exigimos un informe detallado de la situaci\u00f3n edilicio y condiciones medio ambientales en las que se encuentran trabajando en dicha facultad todos los trabajadores.<\/em><\/p>\n<p><em><strong>Nos rehusamos<\/strong> a ser rehenes ante la imposici\u00f3n de la cuota sindical compulsiva en la Universidad Nacional de R\u00edo Cuarto, atentando contra el derecho b\u00e1sico de libre agremiaci\u00f3n y disposici\u00f3n del salario.<\/em><\/p>\n<p><em><strong>Queremos<\/strong> que se revalorice la cultura en nuestras universidades. Vemos con preocupaci\u00f3n como se tiran por la borda proyectos de muchos a\u00f1os y no se tiene en cuenta la opini\u00f3n de los profesionales.<\/em><\/p>\n<p><em><strong>Nos proponemos<\/strong> seguir profundizando la lucha por mejorar las condiciones de trabajo, y por lo tanto el bienestar de los\/as trabajadores\/as universitarios\/as, plante\u00e1ndonos una serie de actividades a coordinar en el marco de los 100 a\u00f1os de la reforma universitaria que fuera ejemplo en el mundo.<\/em><\/p>\n<p style=\"text-align: center;\"><strong>&#8220;Estamos abriendo un cauce para que lo transiten miles de compa\u00f1eros que a\u00fan no conocemos&#8221;<\/strong><br \/>\n<strong>H\u00e9ctor Quagliaro (dirigente de ATE Santa Fe, fundador de la agrupaci\u00f3n Anusate)<\/strong><\/p>\n<p>&nbsp;<\/p>\n","protected":false},"excerpt":{"rendered":"<p>El pasado 8 de septiembre los cuerpos de delegados de la Universidad Nacional de C\u00f3rdoba y la Universidad Nacional de R\u00edo Cuarto realizaron un encuentro provincial para acordar pol\u00edticas y acciones a los fines de unificar criterios organizativos y gremiales, atento al lugar que nuestra organizaci\u00f3n viene mostrando en el sector. En la oportunidad estuvieron [&hellip;]<\/p>\n","protected":false},"author":1,"featured_media":19220,"comment_status":"open","ping_status":"open","sticky":false,"template":"","format":"standard","meta":{"_exactmetrics_skip_tracking":false,"_exactmetrics_sitenote_active":false,"_exactmetrics_sitenote_note":"","_exactmetrics_sitenote_category":0,"jnews-multi-image_gallery":[],"jnews_single_post":[],"jnews_primary_category":[],"jnews_social_meta":[],"jnews_review":[],"enable_review":"","type":"","name":"","summary":"","brand":"","sku":"","good":[],"bad":[],"score_override":"","override_value":"","rating":[],"price":[],"jnews_override_counter":[],"jnews_post_split":[],"footnotes":""},"categories":[18,89],"tags":[],"class_list":["post-9062","post","type-post","status-publish","format-standard","has-post-thumbnail","hentry","category-nacionales","category-unc"],"jetpack_featured_media_url":"https:\/\/atecordoba.org\/wp-content\/uploads\/2020\/05\/logo-nuevochico-e1561581322808.png","_links":{"self":[{"href":"https:\/\/atecordoba.org\/index.php?rest_route=\/wp\/v2\/posts\/9062","targetHints":{"allow":["GET"]}}],"collection":[{"href":"https:\/\/atecordoba.org\/index.php?rest_route=\/wp\/v2\/posts"}],"about":[{"href":"https:\/\/atecordoba.org\/index.php?rest_route=\/wp\/v2\/types\/post"}],"author":[{"embeddable":true,"href":"https:\/\/atecordoba.org\/index.php?rest_route=\/wp\/v2\/users\/1"}],"replies":[{"embeddable":true,"href":"https:\/\/atecordoba.org\/index.php?rest_route=%2Fwp%2Fv2%2Fcomments&post=9062"}],"version-history":[{"count":0,"href":"https:\/\/atecordoba.org\/index.php?rest_route=\/wp\/v2\/posts\/9062\/revisions"}],"wp:featuredmedia":[{"embeddable":true,"href":"https:\/\/atecordoba.org\/index.php?rest_route=\/wp\/v2\/media\/19220"}],"wp:attachment":[{"href":"https:\/\/atecordoba.org\/index.php?rest_route=%2Fwp%2Fv2%2Fmedia&parent=9062"}],"wp:term":[{"taxonomy":"category","embeddable":true,"href":"https:\/\/atecordoba.org\/index.php?rest_route=%2Fwp%2Fv2%2Fcategories&post=9062"},{"taxonomy":"post_tag","embeddable":true,"href":"https:\/\/atecordoba.org\/index.php?rest_route=%2Fwp%2Fv2%2Ftags&post=9062"}],"curies":[{"name":"wp","href":"https:\/\/api.w.org\/{rel}","templated":true}]}}