{"id":9056,"date":"2017-09-18T16:22:19","date_gmt":"2017-09-18T19:22:19","guid":{"rendered":"http:\/\/www.atecordoba.org\/?p=9056"},"modified":"2017-09-18T16:22:19","modified_gmt":"2017-09-18T19:22:19","slug":"parques-nacionales-pide-al-gobierno-apertura-de-la-paritaria-sectorial-y-el-fin-de-la-persecucion","status":"publish","type":"post","link":"https:\/\/atecordoba.org\/?p=9056","title":{"rendered":"Parques nacionales pide al gobierno apertura de la paritaria sectorial y el fin de la persecuci\u00f3n"},"content":{"rendered":"<p><em>En sendas notas enviadas al jefe de Gabinete, Marcos Pe\u00f1a, y al Ministerio de Modernizaci\u00f3n ATE reclam\u00f3 la reapertura de la paritaria sectorial, el pase a planta permanente de los trabajadores art\u00edculo 9 y el cese de la persecuci\u00f3n sindical.&nbsp;<\/em><\/p>\n<figure id=\"attachment_9057\" aria-describedby=\"caption-attachment-9057\" style=\"width: 550px\" class=\"wp-caption aligncenter\"><img loading=\"lazy\" decoding=\"async\" class=\"wp-image-9057 size-full\" src=\"http:\/\/www.atecordoba.org\/wp-content\/uploads\/2017\/09\/parques-nacionales-bandera-e1505762299841.jpg\" alt=\"\" width=\"550\" height=\"273\"><figcaption id=\"caption-attachment-9057\" class=\"wp-caption-text\"><em>(Archivo)<\/em><\/figcaption><\/figure>\n<p>Con la firma de la secretaria de Organizaci\u00f3n, Silvia Le\u00f3n, y del secretario Gremial, Mario Mu\u00f1oz, el Consejo Directivo Nacional solicit\u00f3 una audiencia para abordar la problem\u00e1tica del sector Parques Nacionales ya que se encuentran agotadas las instancias administrativas dentro del organismo.<\/p>\n<p>ATE reclam\u00f3 la reapertura de paritaria sectorial para crear la carrera administrativa &#8220;para guardaparques y guarparques de apoyo&#8221;, al mimso tiempo que pide una soluci\u00f3n para los trabajadores de &#8216;incendios, comunicaciones y emergencias&#8217; (brigadistas).<\/p>\n<p>Al mismo tiempo, pidi\u00f3 el pase a planta permanente de los trabajadores contratados mediante el art\u00edculo 9 de la 25164 y la regularizaci\u00f3n de los trabajadores &#8216;voluntarios y rentados&#8217; que cumplen funciones en \u00e1reas protegidas.&nbsp;<\/p>\n<p>Por \u00faltimo, nuestra organizaci\u00f3n exigi\u00f3 el fin de la persecuci\u00f3n de trabajadores del organismo, que la patronal realiza por medio de sumarios selectivos.<\/p>\n<p><img loading=\"lazy\" decoding=\"async\" class=\"aligncenter size-full wp-image-9060\" src=\"http:\/\/www.atecordoba.org\/wp-content\/uploads\/2017\/09\/pe\u00f1a-e1505762453885.jpeg\" alt=\"\" width=\"550\" height=\"733\"><\/p>\n<p><img loading=\"lazy\" decoding=\"async\" class=\"aligncenter size-full wp-image-9058\" src=\"http:\/\/www.atecordoba.org\/wp-content\/uploads\/2017\/09\/2-e1505762353337.jpeg\" alt=\"\" width=\"550\" height=\"733\"><\/p>\n","protected":false},"excerpt":{"rendered":"<p>En sendas notas enviadas al jefe de Gabinete, Marcos Pe\u00f1a, y al Ministerio de Modernizaci\u00f3n ATE reclam\u00f3 la reapertura de la paritaria sectorial, el pase a planta permanente de los trabajadores art\u00edculo 9 y el cese de la persecuci\u00f3n sindical.&nbsp; Con la firma de la secretaria de Organizaci\u00f3n, Silvia Le\u00f3n, y del secretario Gremial, Mario [&hellip;]<\/p>\n","protected":false},"author":1,"featured_media":19220,"comment_status":"open","ping_status":"open","sticky":false,"template":"","format":"standard","meta":{"_exactmetrics_skip_tracking":false,"_exactmetrics_sitenote_active":false,"_exactmetrics_sitenote_note":"","_exactmetrics_sitenote_category":0,"jnews-multi-image_gallery":[],"jnews_single_post":[],"jnews_primary_category":[],"jnews_social_meta":[],"jnews_review":[],"enable_review":"","type":"","name":"","summary":"","brand":"","sku":"","good":[],"bad":[],"score_override":"","override_value":"","rating":[],"price":[],"jnews_override_counter":[],"jnews_post_split":[],"footnotes":""},"categories":[96],"tags":[],"class_list":["post-9056","post","type-post","status-publish","format-standard","has-post-thumbnail","hentry","category-parques-nacionales-2"],"jetpack_featured_media_url":"https:\/\/atecordoba.org\/wp-content\/uploads\/2020\/05\/logo-nuevochico-e1561581322808.png","_links":{"self":[{"href":"https:\/\/atecordoba.org\/index.php?rest_route=\/wp\/v2\/posts\/9056","targetHints":{"allow":["GET"]}}],"collection":[{"href":"https:\/\/atecordoba.org\/index.php?rest_route=\/wp\/v2\/posts"}],"about":[{"href":"https:\/\/atecordoba.org\/index.php?rest_route=\/wp\/v2\/types\/post"}],"author":[{"embeddable":true,"href":"https:\/\/atecordoba.org\/index.php?rest_route=\/wp\/v2\/users\/1"}],"replies":[{"embeddable":true,"href":"https:\/\/atecordoba.org\/index.php?rest_route=%2Fwp%2Fv2%2Fcomments&post=9056"}],"version-history":[{"count":0,"href":"https:\/\/atecordoba.org\/index.php?rest_route=\/wp\/v2\/posts\/9056\/revisions"}],"wp:featuredmedia":[{"embeddable":true,"href":"https:\/\/atecordoba.org\/index.php?rest_route=\/wp\/v2\/media\/19220"}],"wp:attachment":[{"href":"https:\/\/atecordoba.org\/index.php?rest_route=%2Fwp%2Fv2%2Fmedia&parent=9056"}],"wp:term":[{"taxonomy":"category","embeddable":true,"href":"https:\/\/atecordoba.org\/index.php?rest_route=%2Fwp%2Fv2%2Fcategories&post=9056"},{"taxonomy":"post_tag","embeddable":true,"href":"https:\/\/atecordoba.org\/index.php?rest_route=%2Fwp%2Fv2%2Ftags&post=9056"}],"curies":[{"name":"wp","href":"https:\/\/api.w.org\/{rel}","templated":true}]}}