{"id":9047,"date":"2017-09-15T12:59:51","date_gmt":"2017-09-15T15:59:51","guid":{"rendered":"http:\/\/www.atecordoba.org\/?p=9047"},"modified":"2017-09-15T12:59:51","modified_gmt":"2017-09-15T15:59:51","slug":"ate-en-la-lucha-por-la-defensa-de-yacimientos-carboniferos-rio-turbio","status":"publish","type":"post","link":"https:\/\/atecordoba.org\/?p=9047","title":{"rendered":"ATE en la lucha por la defensa de Yacimientos Carbon\u00edferos R\u00edo Turbio"},"content":{"rendered":"<p><em>Ante el ataque a los estatales mineros y el desfinanciamiento que lleva adelante el Gobierno, ATE saca el pico y la pala y se atrinchera.<\/em><\/p>\n<p><img loading=\"lazy\" decoding=\"async\" class=\"aligncenter size-full wp-image-9048\" src=\"http:\/\/www.atecordoba.org\/wp-content\/uploads\/2017\/09\/ycf-e1505491084535.jpg\" alt=\"\" width=\"550\" height=\"365\"><\/p>\n<p>El Gobierno Nacional de Mauricio Macri, en una nueva demostraci\u00f3n de su tinte neoliberal, despide, precariza, flexibiliza y hostiga a los trabajadores estatales de la mina de carb\u00f3n de R\u00edo Turbio. Esto, sumado a la desinversi\u00f3n que est\u00e1 realizando en la empresa estatal YCRT, es un claro avance sobre la soberan\u00eda del pueblo argentino y su capacidad de autoabastecerse de energ\u00eda. Esta semana, los compa\u00f1eros de ATE R\u00edo Turbio marcharon al Ministerio de Trabajo de la Naci\u00f3n para exigirle al Gobierno respuestas a sus reclamos.<\/p>\n<p>C\u00e9sar Ib\u00e1\u00f1ez, Secretario Gremial de la Seccional de ATE en R\u00edo Turbio, manifest\u00f3: \u201cActualmente estamos con una medida de fuerza de toma pac\u00edfica del yacimiento. Venimos con medidas desde el 6 de septiembre. Las causas son los despidos arbitrarios -89 a la fecha-, las denuncias de nuestro Convenio Colectivo de Trabajo, la persecuci\u00f3n laboral e ideol\u00f3gica, la falta de inversiones y otras denuncias para las cuales la empresa no ha dado respuesta a los trabajadores\u201d.<\/p>\n<p>\u201cEl conflicto arranc\u00f3 en diciembre de 2015, cuando comenz\u00f3 la gesti\u00f3n de Cambiemos en el Gobierno Nacional. La intervenci\u00f3n del Gobierno vino a achicar la empresa, habiendo declarado el a\u00f1o pasado un presupuesto a la baja para los trabajadores. La desinversi\u00f3n est\u00e1 provocando que nuestro yacimiento no pueda producir carb\u00f3n para la generaci\u00f3n de energ\u00eda. Nos est\u00e1n ahogando. Hay mucha persecuci\u00f3n laboral, mucho hostigamiento\u201d, agreg\u00f3 el compa\u00f1ero Ib\u00e1\u00f1ez.<\/p>\n<p>Por su parte, Iv\u00e1n Zurita, Delegado de Mec\u00e1nica Principal de ATE en la Mina de R\u00edo Turbio, dijo: \u201cDesde el a\u00f1o 1943 para ac\u00e1, el nuestro es un pueblo minero. Esta actividad es a la \u00fanica a la que nos hemos dedicado, lo llevamos en nuestros ADN. Hemos pasado situaciones tremendas, como en los \u201990. Ahora se repite el embate neoliberal. Quieren arrasar con la \u00fanica mina subterr\u00e1nea operada por el Estado\u201d.<\/p>\n<p>Zurita tambi\u00e9n denunci\u00f3: \u201cAdem\u00e1s de los despidos, nos atacan con la flexibilizaci\u00f3n laboral. Fuimos 2.900 trabajadores, de los que quedamos 2.400. A trav\u00e9s del achicamiento por despidos, la desinversi\u00f3n, la persecuci\u00f3n laboral y la presi\u00f3n por agarrar el retiro voluntario, nos jaquean y est\u00e1n poniendo en riesgo el futuro de nuestro pueblo. En los \u201990 pudimos aguantar el avance neoliberal y pudimos reestatizar la empresa. Ahora, estos tipos que nos gobiernan, que son mayoritariamente CEOs, vienen a recuperar lo que ellos consideran a\u00f1os de p\u00e9rdidas. Y lo hacen cortando por lo m\u00e1s fino: Los trabajadores. Quieren hacer de nuestro sacrificio un negocio para pocos\u201d.<\/p>\n<p>C\u00e9sar Ib\u00e1\u00f1ez luego agreg\u00f3: \u201cHoy nos movilizamos por el centro de la ciudad de Buenos Aires hasta la sede del Ministerio de Trabajo de la Naci\u00f3n, a donde llevamos un petitorio que ha salido del debate de los compa\u00f1eros en la asamblea de boca de mina. En el documento pedimos, en primer lugar, que se abra el di\u00e1logo. All\u00ed tambi\u00e9n reclamamos por que se levante la denuncia a nuestro CCT y que se reincorpore de forma inmediata a los compa\u00f1eros despedidos. Si bien esta intervenci\u00f3n nos ha denunciado la totalidad de nuestro CCT, venimos en paritarias desde hace rato. Pero ellos quieren tirar todo a la baja, en lugar de ir a las cosas concretas: La inversi\u00f3n y la puesta en marcha de nuestra usina. Nosotros sabemos, por los \u00faltimos estudios geol\u00f3gicos que se han hecho, que tenemos la capacidad de sacar carb\u00f3n de ac\u00e1 a 400 a\u00f1os. Eso parece no importarles, porque para ellos el negocio pasa por otro lado\u201d.<\/p>\n<p>Ernesto Contreras, miembro del Consejo Directivo Nacional de ATE, agreg\u00f3: \u201cEn nombre del Consejo Directivo Nacional estamos desde el primer d\u00eda con los compa\u00f1eros exigiendo las inversiones y la terminaci\u00f3n de la usina carboel\u00e9ctrica. Discutiendo adem\u00e1s el tema del CCT, tras la denuncia del Gobierno el pasado 17 de octubre. Ante el Ministerio de Trabajo hemos denunciado las distintas maniobras de mala fe que la empresa ha realizado durante todo este tiempo en el \u00e1mbito de la negociaci\u00f3n\u201d.<\/p>\n<p>\u201cLa nueva conducci\u00f3n de la Seccional R\u00edo Turbio y ATE Nacional estamos trabajando cuerpo a cuerpo para defender los derechos de los trabajadores. El pueblo argentino ha realizado enormes inversiones de dinero tanto en la usina carboel\u00e9ctrica, as\u00ed como en el puerto de R\u00edo Gallegos. Si bien es claro que el Gobierno intenta paralizar y dejar sin efecto esas grandes inversiones en obras para la producci\u00f3n de carb\u00f3n y energ\u00eda para el pa\u00eds, los trabajadores est\u00e1n dispuestos, desde ATE y los dem\u00e1s gremios \u2013como La Fraternidad, Luz y Fuerza y APS-, a defender este importante patrimonio nacional\u201d, cerr\u00f3 el dirigente de ATE Nacional<\/p>\n","protected":false},"excerpt":{"rendered":"<p>Ante el ataque a los estatales mineros y el desfinanciamiento que lleva adelante el Gobierno, ATE saca el pico y la pala y se atrinchera. El Gobierno Nacional de Mauricio Macri, en una nueva demostraci\u00f3n de su tinte neoliberal, despide, precariza, flexibiliza y hostiga a los trabajadores estatales de la mina de carb\u00f3n de R\u00edo [&hellip;]<\/p>\n","protected":false},"author":1,"featured_media":19220,"comment_status":"open","ping_status":"open","sticky":false,"template":"","format":"standard","meta":{"_exactmetrics_skip_tracking":false,"_exactmetrics_sitenote_active":false,"_exactmetrics_sitenote_note":"","_exactmetrics_sitenote_category":0,"jnews-multi-image_gallery":[],"jnews_single_post":[],"jnews_primary_category":[],"jnews_social_meta":[],"jnews_review":[],"enable_review":"","type":"","name":"","summary":"","brand":"","sku":"","good":[],"bad":[],"score_override":"","override_value":"","rating":[],"price":[],"jnews_override_counter":[],"jnews_post_split":[],"footnotes":""},"categories":[18],"tags":[],"class_list":["post-9047","post","type-post","status-publish","format-standard","has-post-thumbnail","hentry","category-nacionales"],"jetpack_featured_media_url":"https:\/\/atecordoba.org\/wp-content\/uploads\/2020\/05\/logo-nuevochico-e1561581322808.png","_links":{"self":[{"href":"https:\/\/atecordoba.org\/index.php?rest_route=\/wp\/v2\/posts\/9047","targetHints":{"allow":["GET"]}}],"collection":[{"href":"https:\/\/atecordoba.org\/index.php?rest_route=\/wp\/v2\/posts"}],"about":[{"href":"https:\/\/atecordoba.org\/index.php?rest_route=\/wp\/v2\/types\/post"}],"author":[{"embeddable":true,"href":"https:\/\/atecordoba.org\/index.php?rest_route=\/wp\/v2\/users\/1"}],"replies":[{"embeddable":true,"href":"https:\/\/atecordoba.org\/index.php?rest_route=%2Fwp%2Fv2%2Fcomments&post=9047"}],"version-history":[{"count":0,"href":"https:\/\/atecordoba.org\/index.php?rest_route=\/wp\/v2\/posts\/9047\/revisions"}],"wp:featuredmedia":[{"embeddable":true,"href":"https:\/\/atecordoba.org\/index.php?rest_route=\/wp\/v2\/media\/19220"}],"wp:attachment":[{"href":"https:\/\/atecordoba.org\/index.php?rest_route=%2Fwp%2Fv2%2Fmedia&parent=9047"}],"wp:term":[{"taxonomy":"category","embeddable":true,"href":"https:\/\/atecordoba.org\/index.php?rest_route=%2Fwp%2Fv2%2Fcategories&post=9047"},{"taxonomy":"post_tag","embeddable":true,"href":"https:\/\/atecordoba.org\/index.php?rest_route=%2Fwp%2Fv2%2Ftags&post=9047"}],"curies":[{"name":"wp","href":"https:\/\/api.w.org\/{rel}","templated":true}]}}