{"id":9044,"date":"2017-09-15T12:44:19","date_gmt":"2017-09-15T15:44:19","guid":{"rendered":"http:\/\/www.atecordoba.org\/?p=9044"},"modified":"2017-09-15T12:44:19","modified_gmt":"2017-09-15T15:44:19","slug":"el-ministerio-de-ciencia-permanece-tomado-por-los-investigadores-en-conflicto","status":"publish","type":"post","link":"https:\/\/atecordoba.org\/?p=9044","title":{"rendered":"El Ministerio de Ciencia permanece tomado por los investigadores en conflicto"},"content":{"rendered":"<p><em>ATE Conicet convoca a una serie de actividades por la reincorporaci\u00f3n de los 460 despedidos, y en protesta contra la precarizaci\u00f3n del sector.<\/em><\/p>\n<p><img loading=\"lazy\" decoding=\"async\" class=\"aligncenter size-full wp-image-9050\" src=\"http:\/\/www.atecordoba.org\/wp-content\/uploads\/2017\/09\/conicet-bsas-2-e1505492255626.jpg\" alt=\"\" width=\"550\" height=\"339\"><\/p>\n<p>La actual permanencia activa y pac\u00edfica de trabajadores en el Ministerio de Ciencia y Tecnolog\u00eda no es a causa \u00fanicamente de que el Conicet intente dejar en la calle a 500 trabajadores sumamente calificados, es el hartazgo respecto a la hipocres\u00eda de funcionarios que, como en el resto del Estado Nacional, pretenden eliminar todo aquello que consideran superfluo y s\u00f3lo sostener lo que sea funcional al gran capital y a un proyecto de pa\u00eds elitista, donde pocos se apropian de las riquezas de todos.<\/p>\n<p>El Conicet es un organismo que en sus casi 60 a\u00f1os nunca tuvo paritarias, se rige por un estatuto firmado por Lanusse, la mitad de sus trabajadores son precarizados. Situaciones similares ocurren en otros organismos de Ciencia y T\u00e9cnica.<\/p>\n<p>Durante el 2016 se sub-ejecut\u00f3 el presupuesto y se recort\u00f3 el correspondiente a todo CyT en casi $2500 millones. Esto motiv\u00f3 un auge en la movilizaci\u00f3n del sector, llegando a fin de a\u00f1o con una permanencia en el Ministerio producto de la decisi\u00f3n de recortar abruptamente los ingresos a planta a pesar de que todas las etapas administrativas y concursales se hab\u00edan realizado de acuerdo a lo previsto en el presupuesto.<\/p>\n<p><img loading=\"lazy\" decoding=\"async\" class=\"aligncenter size-full wp-image-9051\" src=\"http:\/\/www.atecordoba.org\/wp-content\/uploads\/2017\/09\/cnicet-bs-as-3-e1505492291994.jpg\" alt=\"\" width=\"550\" height=\"351\"><\/p>\n<p>La lucha gener\u00f3 que 500 trabajadores tuvieran una beca posdoctoral extraordinaria hasta el 31\/12\/2017, mientras se discut\u00eda su ingreso en el Estado, incluido el Conicet. El tiempo pas\u00f3, y las &#8220;ofertas&#8221; del gobierno eran cada vez m\u00e1s alejadas del punto 3 del acta acuerdo, que habla de cargo equivalente al de Investigador del Conicet. Primero fueron cargos nuevos en universidades, luego extensiones de dedicaci\u00f3n a aquellos que ya ten\u00edan cargos. Y este martes nos encontramos con que estas extensiones se realizan mediante programas, y que si el programa no tiene financiamiento se cierra. O sea, no hay siquiera un m\u00ednimo de garant\u00eda de estabilidad alguna. Ni hablar que los salarios son un 30% inferior a los de Investigador&#8230;<\/p>\n<p>Ante la prepotencia de&nbsp;<em style=\"font-style: inherit; font-weight: inherit;\">t\u00f3menlo o d\u00e9jenlo<\/em>, frente a nuevos recortes en el presupuesto de Ciencia y Tecnolog\u00eda, con una clara intenci\u00f3n de reorientar el sector haci\u00e9ndolo servil a intereses privados en desmedro de demandas sociales, los trabajadores decimos basta!<\/p>\n<p><b><strong style=\"font-style: inherit;\">ANTE LAS MENTIRAS Y DILACIONES DEL MINISTRO BARA\u00d1AO, CONTINUAMOS LA PERMANENCIA EN EL MINCyT<\/strong><\/b><\/p>\n<p>&nbsp;El martes 12 de septiembre se produjo la ocupaci\u00f3n pac\u00edfica del hall del Ministerio Nacional de Ciencia y Tecnolog\u00eda, reclamando condiciones de estabilidad y mejoras salariales para los 500 compa\u00f1eros que no ingresaron al CONICET a causa del ajuste presupuestario implementado por el gobierno. Hasta ahora, la \u00fanica respuesta del gobierno y del Ministro Lino Bara\u00f1ao a los trabajadores fue recorrer los medios de comunicaci\u00f3n mintiendo para deslegitimar nuestro reclamo. Lo que calla el Ministro es que su \u201cpropuesta\u201d es un Programa que profundiza la precarizaci\u00f3n laboral y la baja de los ya magros salarios de los investigadores.<\/p>\n<p>Desde ATE-CONICET continuamos exigiendo que las autoridades del Ministerio de Ciencia y Tecnolog\u00eda y del Ministerio de Educaci\u00f3n garanticen la estabilidad y el financiamiento de los cargos universitarios que se creen. Adem\u00e1s, sostenemos la necesidad de implementar mecanismos tendientes a la equiparaci\u00f3n salarial entre estos cargos y la categor\u00eda de investigador asistente, tal como est\u00e1 previsto en el punto 3 del Acta Acuerdo firmada en diciembre de 2016, tras cinco d\u00edas de ocupaci\u00f3n pac\u00edfica. Estos reclamos se dan en un contexto de fuerte ajuste presupuestario y ofensiva contra los trabajadores estatales y privados, sostenidas por pol\u00edticas rabiosamente anti-sindicales. Este conflicto es, por lo tanto, un paso m\u00e1s en nuestra pelea en contra de la precarizaci\u00f3n laboral y va a tener continuidad en la lucha de los trabajadores estatales en contra del ajuste presupuestario.<\/p>\n<p>ATE CONICET llama a los trabajadores del sector a solidarizarse, organizarse y participar activamente de las actividades, en defensa de nuestras condiciones de trabajo y de nuestros salarios.&nbsp;<\/p>\n<p>Principales actividades resueltas en la Asamblea del 14\/09<\/p>\n<p><b><strong style=\"font-style: inherit;\">&#8211; Viernes al mediod\u00eda: Ruidazo y corte de calle<\/strong><\/b><\/p>\n<p><b><strong style=\"font-style: inherit;\">&#8211; Realizar un festival el s\u00e1bado por la noche en el polo cient\u00edfico<\/strong><\/b><\/p>\n<p><b><strong style=\"font-style: inherit;\">&#8211; Jornada federal de lucha en CONICET &nbsp;viernes y lunes<\/strong><\/b><\/p>\n<p><b><strong style=\"font-style: inherit;\">&#8211; Fin de semana: feria de ciencias, picnic, campeonato de f\u00fatbol, festival.<\/strong><\/b><\/p>\n<p><b><strong style=\"font-style: inherit;\">&#8211; Solidaridad con el Instituto Ant\u00e1rtico en la movilizaci\u00f3n del 19 de sept.<\/strong><\/b><\/p>\n<p><b><strong style=\"font-style: inherit;\">&#8211; Enviar una delegaci\u00f3n a la marcha de la noche de los l\u00e1pices ma\u00f1ana<\/strong><\/b><\/p>\n<p><b><strong style=\"font-style: inherit;\">&#8211; Preguntar una vez m\u00e1s&#8230; &nbsp;\u00bfDonde est\u00e1 Santiago Maldonado?<\/strong><\/b><\/p>\n<p><b><strong style=\"font-style: inherit;\">ATE CONICET<\/strong><\/b><\/p>\n","protected":false},"excerpt":{"rendered":"<p>ATE Conicet convoca a una serie de actividades por la reincorporaci\u00f3n de los 460 despedidos, y en protesta contra la precarizaci\u00f3n del sector. La actual permanencia activa y pac\u00edfica de trabajadores en el Ministerio de Ciencia y Tecnolog\u00eda no es a causa \u00fanicamente de que el Conicet intente dejar en la calle a 500 trabajadores [&hellip;]<\/p>\n","protected":false},"author":1,"featured_media":19220,"comment_status":"open","ping_status":"open","sticky":false,"template":"","format":"standard","meta":{"_exactmetrics_skip_tracking":false,"_exactmetrics_sitenote_active":false,"_exactmetrics_sitenote_note":"","_exactmetrics_sitenote_category":0,"jnews-multi-image_gallery":[],"jnews_single_post":[],"jnews_primary_category":[],"jnews_social_meta":[],"jnews_review":[],"enable_review":"","type":"","name":"","summary":"","brand":"","sku":"","good":[],"bad":[],"score_override":"","override_value":"","rating":[],"price":[],"jnews_override_counter":[],"jnews_post_split":[],"footnotes":""},"categories":[105,18],"tags":[],"class_list":["post-9044","post","type-post","status-publish","format-standard","has-post-thumbnail","hentry","category-conicet","category-nacionales"],"jetpack_featured_media_url":"https:\/\/atecordoba.org\/wp-content\/uploads\/2020\/05\/logo-nuevochico-e1561581322808.png","_links":{"self":[{"href":"https:\/\/atecordoba.org\/index.php?rest_route=\/wp\/v2\/posts\/9044","targetHints":{"allow":["GET"]}}],"collection":[{"href":"https:\/\/atecordoba.org\/index.php?rest_route=\/wp\/v2\/posts"}],"about":[{"href":"https:\/\/atecordoba.org\/index.php?rest_route=\/wp\/v2\/types\/post"}],"author":[{"embeddable":true,"href":"https:\/\/atecordoba.org\/index.php?rest_route=\/wp\/v2\/users\/1"}],"replies":[{"embeddable":true,"href":"https:\/\/atecordoba.org\/index.php?rest_route=%2Fwp%2Fv2%2Fcomments&post=9044"}],"version-history":[{"count":0,"href":"https:\/\/atecordoba.org\/index.php?rest_route=\/wp\/v2\/posts\/9044\/revisions"}],"wp:featuredmedia":[{"embeddable":true,"href":"https:\/\/atecordoba.org\/index.php?rest_route=\/wp\/v2\/media\/19220"}],"wp:attachment":[{"href":"https:\/\/atecordoba.org\/index.php?rest_route=%2Fwp%2Fv2%2Fmedia&parent=9044"}],"wp:term":[{"taxonomy":"category","embeddable":true,"href":"https:\/\/atecordoba.org\/index.php?rest_route=%2Fwp%2Fv2%2Fcategories&post=9044"},{"taxonomy":"post_tag","embeddable":true,"href":"https:\/\/atecordoba.org\/index.php?rest_route=%2Fwp%2Fv2%2Ftags&post=9044"}],"curies":[{"name":"wp","href":"https:\/\/api.w.org\/{rel}","templated":true}]}}