{"id":9041,"date":"2017-09-15T11:21:03","date_gmt":"2017-09-15T14:21:03","guid":{"rendered":"http:\/\/www.atecordoba.org\/?p=9041"},"modified":"2017-09-15T11:21:03","modified_gmt":"2017-09-15T14:21:03","slug":"ate-lanza-una-campana-en-villa-maria-para-la-creacion-de-un-hospital-pediatrico-en-la-ciudad","status":"publish","type":"post","link":"https:\/\/atecordoba.org\/?p=9041","title":{"rendered":"ATE lanza una campa\u00f1a en Villa Mar\u00eda para la creaci\u00f3n de un hospital pedi\u00e1trico en la ciudad"},"content":{"rendered":"<p><em>En una conferencia de prensa realizada ayer, el secretario General de la Seccional Fernando Mercado present\u00f3 la campa\u00f1a con acompa\u00f1amiento de miembros del CDP.<\/em><\/p>\n<p><img loading=\"lazy\" decoding=\"async\" class=\"aligncenter size-full wp-image-9042\" src=\"http:\/\/www.atecordoba.org\/wp-content\/uploads\/2017\/09\/mercado-villa-maria.jpeg\" alt=\"\" width=\"533\" height=\"300\"><\/p>\n<p>Mercado lanz\u00f3 la campa\u00f1a p\u00fablicamente&nbsp;para juntar firmar a los fines de peticionar ante las autoridades provinciales y municipales del \u00e1rea salud la apertura de un hospital monovalente en la especialidad pediatr\u00eda. El mismo podr\u00eda realizarse en el edificio del viejo Hospital Pasteur, ya que las provincia puso en marcha hace un tiempo el nuevo hospital por lo que est\u00e1n disponibles las instalaciones del viejo edificio.&nbsp;<\/p>\n<p>En la oportunidad estuvieron presentes los compa\u00f1eros del Consejo Directivo Provincial Daniel Pawluchuzk, secretario de Prensa, y Hugo Duran, vocal.<\/p>\n<p>\u201cCon una m\u00ednima inversi\u00f3n, es posible utilizar un sector del ex Hospital Regional Pasteur para instalar all\u00ed consultorios, habitaciones, terapia intensiva, internaci\u00f3n y quir\u00f3fano pedi\u00e1tricos\u201d, dijo Mercado.&nbsp;\u201cEl punto m\u00e1s importante es abordar el tema salud, poni\u00e9ndonos al hombro cada problema\u201d.<\/p>\n<p>Por su parte el m\u00e9dico Guillermo Nardi explic\u00f3 que el pedido surge a partir de la demanda que tiene la ciudad, que muchos chicos est\u00e1n siendo derivados a C\u00f3rdoba Capital por falta de capacidad para tratarlos en Villa Mar\u00eda. &#8220;Cuando trasladamos a un chico a C\u00f3rdoba, obligamos a la familia a trasladarse, hay gente que no tiene las plata. Tenemos que facilitar el tratamiento ac\u00e1 de los pacientes y eso se puede hacer en el viejo Pasteur&#8221;, se\u00f1al\u00f3 el facultativo.&nbsp;<\/p>\n<p>Las firmas se juntar\u00e1n conjuntamente&nbsp;en el sitio change.org, utilizando el hashtag #HospitalPedi\u00e1tricoVillaMar\u00eda.<\/p>\n<p>A partir del 27 de este mes se recolectar\u00e1n firmas en la Feria del Libro de Villa Mar\u00eda con este objetivo, ATE tendr\u00e1 un stand en la actividad, que finaliza el 8 de octubre.<\/p>\n<p>A su vez, qued\u00f3 ratificado el compromiso de la Comisi\u00f3n Directiva de ATE C\u00f3rdoba es apoyar la iniciativa del petitorio popular con la participaci\u00f3n de instituciones sociales y realizar todas las gestiones pertinentes.<\/p>\n<p>&nbsp;<\/p>\n","protected":false},"excerpt":{"rendered":"<p>En una conferencia de prensa realizada ayer, el secretario General de la Seccional Fernando Mercado present\u00f3 la campa\u00f1a con acompa\u00f1amiento de miembros del CDP. Mercado lanz\u00f3 la campa\u00f1a p\u00fablicamente&nbsp;para juntar firmar a los fines de peticionar ante las autoridades provinciales y municipales del \u00e1rea salud la apertura de un hospital monovalente en la especialidad pediatr\u00eda. [&hellip;]<\/p>\n","protected":false},"author":1,"featured_media":19220,"comment_status":"open","ping_status":"open","sticky":false,"template":"","format":"standard","meta":{"_exactmetrics_skip_tracking":false,"_exactmetrics_sitenote_active":false,"_exactmetrics_sitenote_note":"","_exactmetrics_sitenote_category":0,"jnews-multi-image_gallery":[],"jnews_single_post":[],"jnews_primary_category":[],"jnews_social_meta":[],"jnews_review":[],"enable_review":"","type":"","name":"","summary":"","brand":"","sku":"","good":[],"bad":[],"score_override":"","override_value":"","rating":[],"price":[],"jnews_override_counter":[],"jnews_post_split":[],"footnotes":""},"categories":[8,102,14],"tags":[],"class_list":["post-9041","post","type-post","status-publish","format-standard","has-post-thumbnail","hentry","category-provinciales","category-salud-2","category-villa-maria"],"jetpack_featured_media_url":"https:\/\/atecordoba.org\/wp-content\/uploads\/2020\/05\/logo-nuevochico-e1561581322808.png","_links":{"self":[{"href":"https:\/\/atecordoba.org\/index.php?rest_route=\/wp\/v2\/posts\/9041","targetHints":{"allow":["GET"]}}],"collection":[{"href":"https:\/\/atecordoba.org\/index.php?rest_route=\/wp\/v2\/posts"}],"about":[{"href":"https:\/\/atecordoba.org\/index.php?rest_route=\/wp\/v2\/types\/post"}],"author":[{"embeddable":true,"href":"https:\/\/atecordoba.org\/index.php?rest_route=\/wp\/v2\/users\/1"}],"replies":[{"embeddable":true,"href":"https:\/\/atecordoba.org\/index.php?rest_route=%2Fwp%2Fv2%2Fcomments&post=9041"}],"version-history":[{"count":0,"href":"https:\/\/atecordoba.org\/index.php?rest_route=\/wp\/v2\/posts\/9041\/revisions"}],"wp:featuredmedia":[{"embeddable":true,"href":"https:\/\/atecordoba.org\/index.php?rest_route=\/wp\/v2\/media\/19220"}],"wp:attachment":[{"href":"https:\/\/atecordoba.org\/index.php?rest_route=%2Fwp%2Fv2%2Fmedia&parent=9041"}],"wp:term":[{"taxonomy":"category","embeddable":true,"href":"https:\/\/atecordoba.org\/index.php?rest_route=%2Fwp%2Fv2%2Fcategories&post=9041"},{"taxonomy":"post_tag","embeddable":true,"href":"https:\/\/atecordoba.org\/index.php?rest_route=%2Fwp%2Fv2%2Ftags&post=9041"}],"curies":[{"name":"wp","href":"https:\/\/api.w.org\/{rel}","templated":true}]}}