{"id":9031,"date":"2017-09-13T16:13:29","date_gmt":"2017-09-13T19:13:29","guid":{"rendered":"http:\/\/www.atecordoba.org\/?p=9031"},"modified":"2017-09-13T16:13:29","modified_gmt":"2017-09-13T19:13:29","slug":"eleccion-de-delegados-en-la-escuela-de-suboficiales-de-gendarmeria","status":"publish","type":"post","link":"https:\/\/atecordoba.org\/?p=9031","title":{"rendered":"Elecci\u00f3n de delegados en la Escuela de suboficiales de Gendarmer\u00eda"},"content":{"rendered":"<p><em>Los docentes del organismo concurrieron masivamente a votar el jueves pasado a la elecci\u00f3n complementaria para completar el mandato de un delegado que debi\u00f3 renunciar.<\/em><\/p>\n<p>&nbsp;<\/p>\n<p><img loading=\"lazy\" decoding=\"async\" class=\"aligncenter size-full wp-image-9124\" src=\"http:\/\/www.atecordoba.org\/wp-content\/uploads\/2017\/09\/WhatsApp-Image-2017-09-14-at-15.53.23-e1507038363728.jpeg\" alt=\"\" width=\"550\" height=\"309\"><\/p>\n<p>Los compa\u00f1eros concurrieron en un 75% del padr\u00f3n habilitado a cumplir con su derecho a elegir un representante gremial. Result\u00f3 consagrada la compa\u00f1era Mar\u00eda Dolores Molina, que tendr\u00e1 mandato hasta octubre del a\u00f1o que viene.&nbsp;<\/p>\n<p>En la oportunidad estuvieron presentes los compa\u00f1eros Daniel Pawluchuzk, secretario de Prensa, y Diego Guerra, Gremial, en representaci\u00f3n del Consejo Directivo Provincial.&nbsp;<\/p>\n<p>&nbsp;<\/p>\n","protected":false},"excerpt":{"rendered":"<p>Los docentes del organismo concurrieron masivamente a votar el jueves pasado a la elecci\u00f3n complementaria para completar el mandato de un delegado que debi\u00f3 renunciar. &nbsp; Los compa\u00f1eros concurrieron en un 75% del padr\u00f3n habilitado a cumplir con su derecho a elegir un representante gremial. Result\u00f3 consagrada la compa\u00f1era Mar\u00eda Dolores Molina, que tendr\u00e1 mandato [&hellip;]<\/p>\n","protected":false},"author":1,"featured_media":19220,"comment_status":"open","ping_status":"open","sticky":false,"template":"","format":"standard","meta":{"_exactmetrics_skip_tracking":false,"_exactmetrics_sitenote_active":false,"_exactmetrics_sitenote_note":"","_exactmetrics_sitenote_category":0,"jnews-multi-image_gallery":[],"jnews_single_post":[],"jnews_primary_category":[],"jnews_social_meta":[],"jnews_review":[],"enable_review":"","type":"","name":"","summary":"","brand":"","sku":"","good":[],"bad":[],"score_override":"","override_value":"","rating":[],"price":[],"jnews_override_counter":[],"jnews_post_split":[],"footnotes":""},"categories":[138,9],"tags":[],"class_list":["post-9031","post","type-post","status-publish","format-standard","has-post-thumbnail","hentry","category-gendarmeria","category-trabajadores-civiles-ff-aa"],"jetpack_featured_media_url":"https:\/\/atecordoba.org\/wp-content\/uploads\/2020\/05\/logo-nuevochico-e1561581322808.png","_links":{"self":[{"href":"https:\/\/atecordoba.org\/index.php?rest_route=\/wp\/v2\/posts\/9031","targetHints":{"allow":["GET"]}}],"collection":[{"href":"https:\/\/atecordoba.org\/index.php?rest_route=\/wp\/v2\/posts"}],"about":[{"href":"https:\/\/atecordoba.org\/index.php?rest_route=\/wp\/v2\/types\/post"}],"author":[{"embeddable":true,"href":"https:\/\/atecordoba.org\/index.php?rest_route=\/wp\/v2\/users\/1"}],"replies":[{"embeddable":true,"href":"https:\/\/atecordoba.org\/index.php?rest_route=%2Fwp%2Fv2%2Fcomments&post=9031"}],"version-history":[{"count":0,"href":"https:\/\/atecordoba.org\/index.php?rest_route=\/wp\/v2\/posts\/9031\/revisions"}],"wp:featuredmedia":[{"embeddable":true,"href":"https:\/\/atecordoba.org\/index.php?rest_route=\/wp\/v2\/media\/19220"}],"wp:attachment":[{"href":"https:\/\/atecordoba.org\/index.php?rest_route=%2Fwp%2Fv2%2Fmedia&parent=9031"}],"wp:term":[{"taxonomy":"category","embeddable":true,"href":"https:\/\/atecordoba.org\/index.php?rest_route=%2Fwp%2Fv2%2Fcategories&post=9031"},{"taxonomy":"post_tag","embeddable":true,"href":"https:\/\/atecordoba.org\/index.php?rest_route=%2Fwp%2Fv2%2Ftags&post=9031"}],"curies":[{"name":"wp","href":"https:\/\/api.w.org\/{rel}","templated":true}]}}