{"id":9025,"date":"2017-09-13T15:32:41","date_gmt":"2017-09-13T18:32:41","guid":{"rendered":"http:\/\/www.atecordoba.org\/?p=9025"},"modified":"2017-09-13T15:32:41","modified_gmt":"2017-09-13T18:32:41","slug":"asamblea-en-ministerio-de-educacion-reclama-horas-extras-y-adicionales","status":"publish","type":"post","link":"https:\/\/atecordoba.org\/?p=9025","title":{"rendered":"Asamblea en Ministerio de Educaci\u00f3n reclama horas extras y adicionales"},"content":{"rendered":"<p><em>Una gran asamblea de los trabajadores de la Direcci\u00f3n de Administraci\u00f3n del Ministerio de Educaci\u00f3n exigi\u00f3 compromisos asumidos por las autoridades que no se implementaron en t\u00e9rminos de horas extras y adicionales remunerativos. Adem\u00e1s plantearon la necesidad de garant\u00edas para los agentes de ejecuci\u00f3n respecto a las denuncias que investigan a toda la estructura de funcionarios, por desmanejos administrativos y manejos irregulares de fondos.<\/em><\/p>\n<p><img loading=\"lazy\" decoding=\"async\" class=\"aligncenter size-full wp-image-9026\" src=\"http:\/\/www.atecordoba.org\/wp-content\/uploads\/2017\/09\/WhatsApp-Image-2017-08-18-at-16.32.39-e1505326755952.jpeg\" alt=\"\" width=\"550\" height=\"309\"><\/p>\n<p>La asamblea se llev\u00f3 a cabo el pasado 17 de agosto, en ambos turnos, continuando con el pedido de un adicional remunerativo, que cobran la mayor\u00eda de las reparticiones con los mismos cargos y funciones por estatuto. \u201cHace a\u00f1os que nos discriminan al no pagar estos emolumentos. Lo que hace que tengamos los sueldos m\u00e1s bajos de la administraci\u00f3n p\u00fablica\u201d, explic\u00f3 el delegado de ATE Gustavo Valenzuela.<\/p>\n<p><img loading=\"lazy\" decoding=\"async\" class=\"aligncenter size-full wp-image-9027\" src=\"http:\/\/www.atecordoba.org\/wp-content\/uploads\/2017\/09\/WhatsApp-Image-2017-08-18-at-16.32.41-e1505326788135.jpeg\" alt=\"\" width=\"550\" height=\"309\"><\/p>\n<p>Adem\u00e1s, los trabajadores tambi\u00e9n reclaman la efectivizaci\u00f3n de las horas extras para la repartici\u00f3n, contempladas en una partida presupuestaria aprobada y aun no ejecutada, as\u00ed como el beneficio del boleto educativo, que tienen otros trabajadores del organismo por estar encuadrados en la UEPC a pesar de hacer &nbsp;tareas administrativas. La Secretaria de Transporte de la provincia aun no dio respuesta al reclamo.<\/p>\n<p><strong>Funcionarios investigados<\/strong><\/p>\n<p>A ra\u00edz de las denuncias realizadas por el cuerpo de delegados de ATE, por desmanejos administrativos y manejos irregulares de fondos, result\u00f3 intervenida la repartici\u00f3n a trav\u00e9s de Fiscal\u00eda de Estado.<\/p>\n<p><img loading=\"lazy\" decoding=\"async\" class=\"aligncenter size-full wp-image-9028\" src=\"http:\/\/www.atecordoba.org\/wp-content\/uploads\/2017\/09\/WhatsApp-Image-2017-08-18-at-16.32.42-e1505326822356.jpeg\" alt=\"\" width=\"550\" height=\"309\"><\/p>\n<p>Se investigan irregularidades en pagos de sueldos no devueltos durante los \u00faltimos 15 a\u00f1os, la creaci\u00f3n de escuelas fantasma en los presupuestos, con los consiguientes cargos y la designaci\u00f3n fuera de normativa de los actos p\u00fablicos de docentes suplentes e interinos.<\/p>\n<p><img loading=\"lazy\" decoding=\"async\" class=\"aligncenter size-full wp-image-9029\" src=\"http:\/\/www.atecordoba.org\/wp-content\/uploads\/2017\/09\/WhatsApp-Image-2017-08-18-at-16.32.41-1-e1505326859573.jpeg\" alt=\"\" width=\"550\" height=\"309\"><\/p>\n<p>En la asamblea se abord\u00f3 la situaci\u00f3n porque los trabajadores reclaman que se deslinde responsabilidades de los compa\u00f1eros que han sido agentes de ejecuci\u00f3n de las \u00f3rdenes realizadas por personal superior, de toda la jefatura del organismo que se encuentra investigada en la actualidad. \u201cEl desplazamiento del director de Recursos Humanos Miguel Barella se debi\u00f3 en parte a las m\u00faltiples denuncias efectuadas por el gremio en Asuntos Legales del Ministerio. Esto a su vez deriv\u00f3 en que los mandos medios de jefatura, desde \u00e1reas y departamentos hasta divisi\u00f3n y secci\u00f3n, se hayan visto afectados con las consiguientes notificaciones para declarar en el \u00e1mbito de la investigaci\u00f3n. Pero los agentes de ejecuci\u00f3n, que no tienen ning\u00fan nivel de responsabilidad y s\u00f3lo realizaron tareas administrativas, deben verse al margen de este proceso\u201d, finaliz\u00f3 Valenzuela. &nbsp;<\/p>\n","protected":false},"excerpt":{"rendered":"<p>Una gran asamblea de los trabajadores de la Direcci\u00f3n de Administraci\u00f3n del Ministerio de Educaci\u00f3n exigi\u00f3 compromisos asumidos por las autoridades que no se implementaron en t\u00e9rminos de horas extras y adicionales remunerativos. Adem\u00e1s plantearon la necesidad de garant\u00edas para los agentes de ejecuci\u00f3n respecto a las denuncias que investigan a toda la estructura de [&hellip;]<\/p>\n","protected":false},"author":1,"featured_media":19220,"comment_status":"open","ping_status":"open","sticky":false,"template":"","format":"standard","meta":{"_exactmetrics_skip_tracking":false,"_exactmetrics_sitenote_active":false,"_exactmetrics_sitenote_note":"","_exactmetrics_sitenote_category":0,"jnews-multi-image_gallery":[],"jnews_single_post":[],"jnews_primary_category":[],"jnews_social_meta":[],"jnews_review":[],"enable_review":"","type":"","name":"","summary":"","brand":"","sku":"","good":[],"bad":[],"score_override":"","override_value":"","rating":[],"price":[],"jnews_override_counter":[],"jnews_post_split":[],"footnotes":""},"categories":[114,8],"tags":[],"class_list":["post-9025","post","type-post","status-publish","format-standard","has-post-thumbnail","hentry","category-ministerio-educacion","category-provinciales"],"jetpack_featured_media_url":"https:\/\/atecordoba.org\/wp-content\/uploads\/2020\/05\/logo-nuevochico-e1561581322808.png","_links":{"self":[{"href":"https:\/\/atecordoba.org\/index.php?rest_route=\/wp\/v2\/posts\/9025","targetHints":{"allow":["GET"]}}],"collection":[{"href":"https:\/\/atecordoba.org\/index.php?rest_route=\/wp\/v2\/posts"}],"about":[{"href":"https:\/\/atecordoba.org\/index.php?rest_route=\/wp\/v2\/types\/post"}],"author":[{"embeddable":true,"href":"https:\/\/atecordoba.org\/index.php?rest_route=\/wp\/v2\/users\/1"}],"replies":[{"embeddable":true,"href":"https:\/\/atecordoba.org\/index.php?rest_route=%2Fwp%2Fv2%2Fcomments&post=9025"}],"version-history":[{"count":0,"href":"https:\/\/atecordoba.org\/index.php?rest_route=\/wp\/v2\/posts\/9025\/revisions"}],"wp:featuredmedia":[{"embeddable":true,"href":"https:\/\/atecordoba.org\/index.php?rest_route=\/wp\/v2\/media\/19220"}],"wp:attachment":[{"href":"https:\/\/atecordoba.org\/index.php?rest_route=%2Fwp%2Fv2%2Fmedia&parent=9025"}],"wp:term":[{"taxonomy":"category","embeddable":true,"href":"https:\/\/atecordoba.org\/index.php?rest_route=%2Fwp%2Fv2%2Fcategories&post=9025"},{"taxonomy":"post_tag","embeddable":true,"href":"https:\/\/atecordoba.org\/index.php?rest_route=%2Fwp%2Fv2%2Ftags&post=9025"}],"curies":[{"name":"wp","href":"https:\/\/api.w.org\/{rel}","templated":true}]}}