{"id":9021,"date":"2017-09-11T11:48:12","date_gmt":"2017-09-11T14:48:12","guid":{"rendered":"http:\/\/www.atecordoba.org\/?p=9021"},"modified":"2017-09-11T11:48:12","modified_gmt":"2017-09-11T14:48:12","slug":"ate-villa-maria-mantuvo-reuniones-en-el-congreso-para-impulsar-la-reactivacion-de-fabricaciones-militares","status":"publish","type":"post","link":"https:\/\/atecordoba.org\/?p=9021","title":{"rendered":"ATE Villa mar\u00eda mantuvo reuniones en el congreso para impulsar la reactivaci\u00f3n de Fabricaciones  Militares"},"content":{"rendered":"<p><em>Ante la situaci\u00f3n preocupante por la que atraviesan los establecimientos fabriles del organismo dependiente del Ministerio de Defensa, dirigentes de la seccional realizaron gestiones y mantienen el alerta.<\/em><\/p>\n<p><img loading=\"lazy\" decoding=\"async\" class=\"aligncenter size-full wp-image-9023\" src=\"http:\/\/www.atecordoba.org\/wp-content\/uploads\/2017\/09\/NIETA-EVITA-e1505141218716.jpg\" alt=\"\" width=\"550\" height=\"550\"><br \/>\nLos compa\u00f1eros de la seccional Gustavo Vilchez y Luis Alberto C\u00f3rdoba mantuvieron encuentros en la C\u00e1mara de Diputados y en el Senado, por encargo del secretario General Fernando Mercado, para difundir entre los distintos bloques la problem\u00e1tica que enfrentan las f\u00e1bricas militares, y ante la urgente necesidad de ser reactivadas y continuar produciendo.<br \/>\nVilchez y C\u00f3rdoba fueron recibidos en Diputados, por la representante kirchnerista Cristina \u00c1lvarez Rodr\u00edguez \u2013 sobrina nieta de Evita- quien se comprometi\u00f3 a armar una reuni\u00f3n con todos los bloques para finales de septiembre, donde ser\u00e1n escuchados los representantes de todas las unidades productivas del sector.<br \/>\nPosteriormente los dirigentes estatales visitaron el Senado, donde los recibi\u00f3 el radical Julio Cobos, quien les anunci\u00f3 que mantendr\u00e1 una reuni\u00f3n con el flamante ministro de Defensa, Oscar Aguad, para conocer cu\u00e1l es la decisi\u00f3n que tomar\u00e1 el gobierno de Macri respecto al futuro de Fabricaciones Militares. El ex vicepresidente de la Naci\u00f3n -adem\u00e1s- volver\u00e1 a recibir a los representantes gremiales, con quienes se desayun\u00f3 sobre la situaci\u00f3n productiva que desconoc\u00eda.<\/p>\n<p><img loading=\"lazy\" decoding=\"async\" class=\"aligncenter size-full wp-image-9022\" src=\"http:\/\/www.atecordoba.org\/wp-content\/uploads\/2017\/09\/p7-f1-Con-diputado-e1505141246891.jpeg\" alt=\"\" width=\"550\" height=\"586\"><br \/>\nEn declaraciones a medios de prensa Vilches detall\u00f3 ambos encuentros, reiter\u00f3 la preocupaci\u00f3n sobre el futuro del sector y cont\u00f3 que fue el mismo Cobos quien les asegur\u00f3 que est\u00e1 en vigencia una ley del \u2018Compre Argentino\u2019, que obliga a priorizar la producci\u00f3n nacional.<br \/>\nCabe destacar que precisamente ATE viene insistiendo que tanto los Estados provinciales como el Estado Nacional equipan a las fuerzas de seguridad con municiones, chalecos y otros elementos importados, que ellos pueden producir.<br \/>\nPor \u00faltimo los dirigentes de la seccional Villa Mar\u00eda expresaron que esta acci\u00f3n se encuadra en el \u201calerta\u201d de la organizaci\u00f3n sindical que \u201csigue vigente\u201d.<br \/>\nV\u00edlches y C\u00f3rdoba manifestaron finalmente que a su regreso brindar\u00e1n \u201clos detalles finos de las gestiones realizadas\u201d en la Ciudad Aut\u00f3noma, durante un plenario de la conducci\u00f3n local de los estatales.<\/p>\n","protected":false},"excerpt":{"rendered":"<p>Ante la situaci\u00f3n preocupante por la que atraviesan los establecimientos fabriles del organismo dependiente del Ministerio de Defensa, dirigentes de la seccional realizaron gestiones y mantienen el alerta. Los compa\u00f1eros de la seccional Gustavo Vilchez y Luis Alberto C\u00f3rdoba mantuvieron encuentros en la C\u00e1mara de Diputados y en el Senado, por encargo del secretario General [&hellip;]<\/p>\n","protected":false},"author":1,"featured_media":19220,"comment_status":"open","ping_status":"open","sticky":false,"template":"","format":"standard","meta":{"_exactmetrics_skip_tracking":false,"_exactmetrics_sitenote_active":false,"_exactmetrics_sitenote_note":"","_exactmetrics_sitenote_category":0,"jnews-multi-image_gallery":[],"jnews_single_post":[],"jnews_primary_category":[],"jnews_social_meta":[],"jnews_review":[],"enable_review":"","type":"","name":"","summary":"","brand":"","sku":"","good":[],"bad":[],"score_override":"","override_value":"","rating":[],"price":[],"jnews_override_counter":[],"jnews_post_split":[],"footnotes":""},"categories":[17,18,14],"tags":[],"class_list":["post-9021","post","type-post","status-publish","format-standard","has-post-thumbnail","hentry","category-fabricaciones-militares","category-nacionales","category-villa-maria"],"jetpack_featured_media_url":"https:\/\/atecordoba.org\/wp-content\/uploads\/2020\/05\/logo-nuevochico-e1561581322808.png","_links":{"self":[{"href":"https:\/\/atecordoba.org\/index.php?rest_route=\/wp\/v2\/posts\/9021","targetHints":{"allow":["GET"]}}],"collection":[{"href":"https:\/\/atecordoba.org\/index.php?rest_route=\/wp\/v2\/posts"}],"about":[{"href":"https:\/\/atecordoba.org\/index.php?rest_route=\/wp\/v2\/types\/post"}],"author":[{"embeddable":true,"href":"https:\/\/atecordoba.org\/index.php?rest_route=\/wp\/v2\/users\/1"}],"replies":[{"embeddable":true,"href":"https:\/\/atecordoba.org\/index.php?rest_route=%2Fwp%2Fv2%2Fcomments&post=9021"}],"version-history":[{"count":0,"href":"https:\/\/atecordoba.org\/index.php?rest_route=\/wp\/v2\/posts\/9021\/revisions"}],"wp:featuredmedia":[{"embeddable":true,"href":"https:\/\/atecordoba.org\/index.php?rest_route=\/wp\/v2\/media\/19220"}],"wp:attachment":[{"href":"https:\/\/atecordoba.org\/index.php?rest_route=%2Fwp%2Fv2%2Fmedia&parent=9021"}],"wp:term":[{"taxonomy":"category","embeddable":true,"href":"https:\/\/atecordoba.org\/index.php?rest_route=%2Fwp%2Fv2%2Fcategories&post=9021"},{"taxonomy":"post_tag","embeddable":true,"href":"https:\/\/atecordoba.org\/index.php?rest_route=%2Fwp%2Fv2%2Ftags&post=9021"}],"curies":[{"name":"wp","href":"https:\/\/api.w.org\/{rel}","templated":true}]}}