{"id":9015,"date":"2017-09-06T15:00:00","date_gmt":"2017-09-06T18:00:00","guid":{"rendered":"http:\/\/www.atecordoba.org\/?p=9015"},"modified":"2017-09-06T15:00:00","modified_gmt":"2017-09-06T18:00:00","slug":"trabajadores-civiles-de-las-ffaa-realizaron-asambleas-en-el-hospital-militar-y-en-la-farmacia-del-iose","status":"publish","type":"post","link":"https:\/\/atecordoba.org\/?p=9015","title":{"rendered":"Trabajadores civiles de las FFAA realizaron asambleas en el Hospital Militar y en la farmacia del IOSE"},"content":{"rendered":"<p><em>En el marco de la ronda de asambleas que vienen llevando adelante los paritarios del Sector Personal Civil se llev\u00f3 a cabo el 04 de septiembre de 2017 &nbsp;asambleas informativas.<\/em><\/p>\n<p><img loading=\"lazy\" decoding=\"async\" class=\"aligncenter size-full wp-image-9016\" src=\"http:\/\/www.atecordoba.org\/wp-content\/uploads\/2017\/09\/iose-asamblea.png\" alt=\"\" width=\"550\" height=\"365\"><\/p>\n<p style=\"text-align: center;\"><em>(imagen de archivo)<\/em><\/p>\n<p>La reuni\u00f3n en el Hospital Militar cont\u00f3 con la presencia de m\u00e1s de 50 trabajadores del centro de salud y de la delegaci\u00f3n del IOSE que all\u00ed se aloja y consisti\u00f3 en un informe que estuvo a cargo del compa\u00f1ero Alejandro Charra, paritario nacional del sector, seguido de una ronda de preguntas y respuestas.<\/p>\n<p>En la misma l\u00ednea, el secretario de Organizaci\u00f3n de ATE, V\u00edctor Lecuona, tambi\u00e9n paritario del sector, realiz\u00f3 otra asamblea en la farmacia del IOSE.<\/p>\n<p><strong>Rumores de cierre de la CAR del IOSE y asamblea<\/strong><\/p>\n<p>El d\u00eda viernes 01 de septiembre de 2017, los compa\u00f1eros del Centro de Auditoria Regional del IOSE comenzaron la jornada con un rumor de cierre de su sector de trabajo y la visita de autoridades de la IOSFA (organismo en el convergen las 3 obras sociales de las FF.AA) quienes si bien llevaron adelante una reuni\u00f3n con un peque\u00f1o grupo de trabajadores a los que solo les planteo el cambio de funciones del sector, a la gran mayor\u00eda ni siquiera les dirigieron un saludo llegando uno de ellos a contar a los trabajadores y expresar en vos alta \u201cson muchos\u201d, actitud cobarde e intimidatoria que desde ya rechazamos.<\/p>\n<p>Ante este panorama se apersonaron el lugar los compa\u00f1eros Luis Barcena, secretario Adjunto del CDP, Alejandro Murua, secretario de Interior, y Alejandro Charra paritario del sector quienes solicitaron inmediatamente al coronel Juez, jefe del sector, una audiencia con los funcionarios que se encontraban reunidos con \u00e9l.<\/p>\n<p>Sin embargo, el funcionario no mostr\u00f3 voluntad de avanzar en un di\u00e1logo, dejando el lugar.<\/p>\n<p>Desde ya que ATE est\u00e1 alerta ante cualquier novedad respecto de los puestos de trabajo de los compa\u00f1eros y que no vamos a permitir que nadie quede en la calle.<\/p>\n<p><strong>Falleci\u00f3 la delegada Liliana Castro <\/strong><\/p>\n<p>El d\u00eda s\u00e1bado en horas de la ma\u00f1ana tras una grave enfermedad falleci\u00f3 la delegada de los trabajadores civiles de la 2da Divisi\u00f3n de Ej\u00e9rcito (ex comando del 3er Cuerpo), Liliana Castro. El Consejo Directivo Provincial acompa\u00f1a a su familia y compa\u00f1eros en estas horas de profunda congoja.<\/p>\n","protected":false},"excerpt":{"rendered":"<p>En el marco de la ronda de asambleas que vienen llevando adelante los paritarios del Sector Personal Civil se llev\u00f3 a cabo el 04 de septiembre de 2017 &nbsp;asambleas informativas. (imagen de archivo) La reuni\u00f3n en el Hospital Militar cont\u00f3 con la presencia de m\u00e1s de 50 trabajadores del centro de salud y de la [&hellip;]<\/p>\n","protected":false},"author":1,"featured_media":19220,"comment_status":"open","ping_status":"open","sticky":false,"template":"","format":"standard","meta":{"_exactmetrics_skip_tracking":false,"_exactmetrics_sitenote_active":false,"_exactmetrics_sitenote_note":"","_exactmetrics_sitenote_category":0,"jnews-multi-image_gallery":[],"jnews_single_post":[],"jnews_primary_category":[],"jnews_social_meta":[],"jnews_review":[],"enable_review":"","type":"","name":"","summary":"","brand":"","sku":"","good":[],"bad":[],"score_override":"","override_value":"","rating":[],"price":[],"jnews_override_counter":[],"jnews_post_split":[],"footnotes":""},"categories":[18,9],"tags":[],"class_list":["post-9015","post","type-post","status-publish","format-standard","has-post-thumbnail","hentry","category-nacionales","category-trabajadores-civiles-ff-aa"],"jetpack_featured_media_url":"https:\/\/atecordoba.org\/wp-content\/uploads\/2020\/05\/logo-nuevochico-e1561581322808.png","_links":{"self":[{"href":"https:\/\/atecordoba.org\/index.php?rest_route=\/wp\/v2\/posts\/9015","targetHints":{"allow":["GET"]}}],"collection":[{"href":"https:\/\/atecordoba.org\/index.php?rest_route=\/wp\/v2\/posts"}],"about":[{"href":"https:\/\/atecordoba.org\/index.php?rest_route=\/wp\/v2\/types\/post"}],"author":[{"embeddable":true,"href":"https:\/\/atecordoba.org\/index.php?rest_route=\/wp\/v2\/users\/1"}],"replies":[{"embeddable":true,"href":"https:\/\/atecordoba.org\/index.php?rest_route=%2Fwp%2Fv2%2Fcomments&post=9015"}],"version-history":[{"count":0,"href":"https:\/\/atecordoba.org\/index.php?rest_route=\/wp\/v2\/posts\/9015\/revisions"}],"wp:featuredmedia":[{"embeddable":true,"href":"https:\/\/atecordoba.org\/index.php?rest_route=\/wp\/v2\/media\/19220"}],"wp:attachment":[{"href":"https:\/\/atecordoba.org\/index.php?rest_route=%2Fwp%2Fv2%2Fmedia&parent=9015"}],"wp:term":[{"taxonomy":"category","embeddable":true,"href":"https:\/\/atecordoba.org\/index.php?rest_route=%2Fwp%2Fv2%2Fcategories&post=9015"},{"taxonomy":"post_tag","embeddable":true,"href":"https:\/\/atecordoba.org\/index.php?rest_route=%2Fwp%2Fv2%2Ftags&post=9015"}],"curies":[{"name":"wp","href":"https:\/\/api.w.org\/{rel}","templated":true}]}}