{"id":9008,"date":"2017-09-04T17:43:34","date_gmt":"2017-09-04T20:43:34","guid":{"rendered":"http:\/\/www.atecordoba.org\/?p=9008"},"modified":"2017-09-04T17:43:34","modified_gmt":"2017-09-04T20:43:34","slug":"ate-participo-de-la-movilizacion-en-reclamo-de-la-aparicion-de-santiago-maldonado","status":"publish","type":"post","link":"https:\/\/atecordoba.org\/?p=9008","title":{"rendered":"ATE particip\u00f3 de la movilizaci\u00f3n en reclamo de la aparici\u00f3n de Santiago Maldonado"},"content":{"rendered":"<p><em>Cuerpos org\u00e1nicos y miembros de la comisi\u00f3n directiva marcharon en repudio a la falta de respuestas del gobierno macrista sobre la desaparici\u00f3n forzada del joven en Chubut durante una manifestaci\u00f3n del pueblos originarios.<\/em><\/p>\n<p><img loading=\"lazy\" decoding=\"async\" class=\"aligncenter size-full wp-image-9009\" src=\"http:\/\/www.atecordoba.org\/wp-content\/uploads\/2017\/09\/20170901_184136-e1504557772508.jpg\" alt=\"\" width=\"550\" height=\"309\"><\/p>\n<p>Nuestra organizaci\u00f3n estuvo presente en la multitudinaria marcha realizada en la capital provincial, donde 80 mil cordobeses dieron un mensaje contundente en defensa de los DDHH, en sinton\u00eda a los sucedido en otras grandes ciudades del pa\u00eds. En Capital Federal se estim\u00f3 en 250 mil las personas movilizadas.<\/p>\n<p>La marcha fue una fiesta a pesar de los allanamiento a locales partidarios y de organizaciones libres del pueblo (OLP) que la justicia provincial realiz\u00f3 el jueves anterior a la &nbsp;concentraci\u00f3n, fundamentada en una vidriera rota durante otra marcha contra el gatillo f\u00e1cil que se hab\u00eda levado a cabo el lunes pasado.<\/p>\n<p>Ante esos hechos, en enrarecieron el clima pac\u00edfico propio de las movilizaciones en la ciudad, la respuesta popular fue contundente y miles de cordobeses, de manera individual u organizados en sus referencias, caminaron bajo la consigna un\u00edsona &#8220;D\u00f3nde est\u00e1 Santiago&#8221;.&nbsp;<\/p>\n<p><strong>Repudio a la represi\u00f3n en CABA<\/strong><\/p>\n<p>El consejo directivo provincial expres\u00f3 su claro repudio a la represi\u00f3n posterior a la marcha que se llev\u00f3 a cabo en la Plaza de Mayo en el marco de incidentes que tuvieron mucho olor a infiltrados que buscaban enlutar una jornada pac\u00edfica. Adem\u00e1s fueron evidentes las razzias &nbsp;al voleo y las detenciones arbitrarias, algunas extendidas por todo el fin de semana.<\/p>\n<p>&nbsp;<\/p>\n","protected":false},"excerpt":{"rendered":"<p>Cuerpos org\u00e1nicos y miembros de la comisi\u00f3n directiva marcharon en repudio a la falta de respuestas del gobierno macrista sobre la desaparici\u00f3n forzada del joven en Chubut durante una manifestaci\u00f3n del pueblos originarios. Nuestra organizaci\u00f3n estuvo presente en la multitudinaria marcha realizada en la capital provincial, donde 80 mil cordobeses dieron un mensaje contundente en [&hellip;]<\/p>\n","protected":false},"author":1,"featured_media":19220,"comment_status":"open","ping_status":"open","sticky":false,"template":"","format":"standard","meta":{"_exactmetrics_skip_tracking":false,"_exactmetrics_sitenote_active":false,"_exactmetrics_sitenote_note":"","_exactmetrics_sitenote_category":0,"jnews-multi-image_gallery":[],"jnews_single_post":[],"jnews_primary_category":[],"jnews_social_meta":[],"jnews_review":[],"enable_review":"","type":"","name":"","summary":"","brand":"","sku":"","good":[],"bad":[],"score_override":"","override_value":"","rating":[],"price":[],"jnews_override_counter":[],"jnews_post_split":[],"footnotes":""},"categories":[10,122],"tags":[],"class_list":["post-9008","post","type-post","status-publish","format-standard","has-post-thumbnail","hentry","category-accion-politica","category-ddhh"],"jetpack_featured_media_url":"https:\/\/atecordoba.org\/wp-content\/uploads\/2020\/05\/logo-nuevochico-e1561581322808.png","_links":{"self":[{"href":"https:\/\/atecordoba.org\/index.php?rest_route=\/wp\/v2\/posts\/9008","targetHints":{"allow":["GET"]}}],"collection":[{"href":"https:\/\/atecordoba.org\/index.php?rest_route=\/wp\/v2\/posts"}],"about":[{"href":"https:\/\/atecordoba.org\/index.php?rest_route=\/wp\/v2\/types\/post"}],"author":[{"embeddable":true,"href":"https:\/\/atecordoba.org\/index.php?rest_route=\/wp\/v2\/users\/1"}],"replies":[{"embeddable":true,"href":"https:\/\/atecordoba.org\/index.php?rest_route=%2Fwp%2Fv2%2Fcomments&post=9008"}],"version-history":[{"count":0,"href":"https:\/\/atecordoba.org\/index.php?rest_route=\/wp\/v2\/posts\/9008\/revisions"}],"wp:featuredmedia":[{"embeddable":true,"href":"https:\/\/atecordoba.org\/index.php?rest_route=\/wp\/v2\/media\/19220"}],"wp:attachment":[{"href":"https:\/\/atecordoba.org\/index.php?rest_route=%2Fwp%2Fv2%2Fmedia&parent=9008"}],"wp:term":[{"taxonomy":"category","embeddable":true,"href":"https:\/\/atecordoba.org\/index.php?rest_route=%2Fwp%2Fv2%2Fcategories&post=9008"},{"taxonomy":"post_tag","embeddable":true,"href":"https:\/\/atecordoba.org\/index.php?rest_route=%2Fwp%2Fv2%2Ftags&post=9008"}],"curies":[{"name":"wp","href":"https:\/\/api.w.org\/{rel}","templated":true}]}}