{"id":9000,"date":"2017-09-01T12:11:00","date_gmt":"2017-09-01T15:11:00","guid":{"rendered":"http:\/\/www.atecordoba.org\/?p=9000"},"modified":"2017-09-01T12:11:00","modified_gmt":"2017-09-01T15:11:00","slug":"rio-tercero-taller-de-formacion-politica","status":"publish","type":"post","link":"https:\/\/atecordoba.org\/?p=9000","title":{"rendered":"R\u00edo Tercero: taller de formaci\u00f3n pol\u00edtica"},"content":{"rendered":"<p><em>Organizado por la seccional ATE-R\u00edo Tercero y la Universidad Nacional de R\u00edo Cuarto, se llevar\u00e1 a cabo el pr\u00f3ximo jueves 7 de septiembre un curso de capacitaci\u00f3n titulado &#8220;la reconfiguraci\u00f3n del poder en la fase global del capitalismo&#8221;.<\/em><\/p>\n<p><img loading=\"lazy\" decoding=\"async\" class=\"aligncenter size-full wp-image-9001\" src=\"http:\/\/www.atecordoba.org\/wp-content\/uploads\/2017\/09\/rio-tercero-cd.png\" alt=\"\" width=\"550\" height=\"240\"><\/p>\n<p>La actividad est\u00e1 convocada por la seccional ATE R\u00edo Tercero junto a la Secretar\u00eda de Extensi\u00f3n de la UNRC y la Asignatura de Estudio de la Realidad Nacional FAV-UNRC, y estar\u00e1 a cargo del especialista en estudios latinoamaricanos Carlos Rang y Luciano Salerni, del Centro de Estudios Pol\u00edticos, Econ\u00f3micos y Sociales de la Secretaria de Extensi\u00f3n de la UNRC.<\/p>\n<p>El taller tiene por objetivo introducir una forma de an\u00e1lisis y comprensi\u00f3n de los hechos sociales basadas en el an\u00e1lisis de las relaciones de fuerza, desde el cual se aborda la crisis mundial global, atento a que nos encontramos frente a un escenario complejo complejo y nuevo que obliga a realizar una actualizaci\u00f3n para abordar las tendencias actuales y futuras, con la perspectiva de contar con herramientas actuales para la acci\u00f3n pol\u00edtica.<\/p>\n<p>El programa est\u00e1 ordenado en tres m\u00f3dulos, cuya primera etapa, a abordar el jueves pr\u00f3ximo, trata sobre el capital como relaci\u00f3n social y sus distintas formas hist\u00f3ricas. Este m\u00f3dulo trabajar\u00e1 sobre la nueva forma de organizar la producci\u00f3n y reproducci\u00f3n social en la globalizaci\u00f3n.<\/p>\n<p><img loading=\"lazy\" decoding=\"async\" class=\"aligncenter size-full wp-image-9002\" src=\"http:\/\/www.atecordoba.org\/wp-content\/uploads\/2017\/09\/sede-rio-tercero-e1504278341439.jpg\" alt=\"\" width=\"550\" height=\"413\"><\/p>\n<p>En tal sentido, los talleristas abarcar\u00e1n en este primer curso la red financiera global, el nodo econ\u00f3mico-financiero del gran capital, las nuevas formas de organizaci\u00f3n del trabajo -espec\u00edficamente tercerizaci\u00f3n y flexibilizaci\u00f3n-, la sociedad del conocimiento, el conocimiento estrat\u00e9gico y la producci\u00f3n de la red flexible, el fordismo y el porfordismo.&nbsp;<\/p>\n<p>En un segundo plano, se tratar\u00e1n las fracciones del capital avanzadas y retrasadas, su escala y composici\u00f3n, la matriz productiva y la independencia econ\u00f3mica.&nbsp;<\/p>\n<p>La seccional apunta con el taller a brindar herramientas de la lucha de clases de la clase trabajadora para desplegar su estrategia, incorporar herramientas cient\u00edficas de de la \u00f3rbita econ\u00f3mica y estrat\u00e9gica, sumar elementos de an\u00e1lisis de la crisis y del estado de la situaci\u00f3n de las clases en el escenario global, en el plano del enfrentamiento y de la lucha por la configuraci\u00f3n del orden mundial.<\/p>\n<p>En lo sucesivo est\u00e1 previsto continuar con dos m\u00f3dulos m\u00e1s para completar el taller en fecha a resolver, que tratar\u00e1n &#8216;la crisis global&#8217; y &#8216;el Estado y los proyectos pol\u00edticos estrat\u00e9gicos en pugna, qu\u00e9 hacer&#8217;.<\/p>\n<p>El curso comenzar\u00e1, entonces, el jueves 7 de septiembre a las 16.45 en la sede de ATE R\u00edo Tercero, Mosconi esquina Esperanza.<\/p>\n","protected":false},"excerpt":{"rendered":"<p>Organizado por la seccional ATE-R\u00edo Tercero y la Universidad Nacional de R\u00edo Cuarto, se llevar\u00e1 a cabo el pr\u00f3ximo jueves 7 de septiembre un curso de capacitaci\u00f3n titulado &#8220;la reconfiguraci\u00f3n del poder en la fase global del capitalismo&#8221;. La actividad est\u00e1 convocada por la seccional ATE R\u00edo Tercero junto a la Secretar\u00eda de Extensi\u00f3n de [&hellip;]<\/p>\n","protected":false},"author":1,"featured_media":19220,"comment_status":"open","ping_status":"open","sticky":false,"template":"","format":"standard","meta":{"_exactmetrics_skip_tracking":false,"_exactmetrics_sitenote_active":false,"_exactmetrics_sitenote_note":"","_exactmetrics_sitenote_category":0,"jnews-multi-image_gallery":[],"jnews_single_post":[],"jnews_primary_category":[],"jnews_social_meta":[],"jnews_review":[],"enable_review":"","type":"","name":"","summary":"","brand":"","sku":"","good":[],"bad":[],"score_override":"","override_value":"","rating":[],"price":[],"jnews_override_counter":[],"jnews_post_split":[],"footnotes":""},"categories":[88,13],"tags":[],"class_list":["post-9000","post","type-post","status-publish","format-standard","has-post-thumbnail","hentry","category-formacion","category-rio-tercero"],"jetpack_featured_media_url":"https:\/\/atecordoba.org\/wp-content\/uploads\/2020\/05\/logo-nuevochico-e1561581322808.png","_links":{"self":[{"href":"https:\/\/atecordoba.org\/index.php?rest_route=\/wp\/v2\/posts\/9000","targetHints":{"allow":["GET"]}}],"collection":[{"href":"https:\/\/atecordoba.org\/index.php?rest_route=\/wp\/v2\/posts"}],"about":[{"href":"https:\/\/atecordoba.org\/index.php?rest_route=\/wp\/v2\/types\/post"}],"author":[{"embeddable":true,"href":"https:\/\/atecordoba.org\/index.php?rest_route=\/wp\/v2\/users\/1"}],"replies":[{"embeddable":true,"href":"https:\/\/atecordoba.org\/index.php?rest_route=%2Fwp%2Fv2%2Fcomments&post=9000"}],"version-history":[{"count":0,"href":"https:\/\/atecordoba.org\/index.php?rest_route=\/wp\/v2\/posts\/9000\/revisions"}],"wp:featuredmedia":[{"embeddable":true,"href":"https:\/\/atecordoba.org\/index.php?rest_route=\/wp\/v2\/media\/19220"}],"wp:attachment":[{"href":"https:\/\/atecordoba.org\/index.php?rest_route=%2Fwp%2Fv2%2Fmedia&parent=9000"}],"wp:term":[{"taxonomy":"category","embeddable":true,"href":"https:\/\/atecordoba.org\/index.php?rest_route=%2Fwp%2Fv2%2Fcategories&post=9000"},{"taxonomy":"post_tag","embeddable":true,"href":"https:\/\/atecordoba.org\/index.php?rest_route=%2Fwp%2Fv2%2Ftags&post=9000"}],"curies":[{"name":"wp","href":"https:\/\/api.w.org\/{rel}","templated":true}]}}