{"id":8990,"date":"2017-08-31T14:07:03","date_gmt":"2017-08-31T17:07:03","guid":{"rendered":"http:\/\/www.atecordoba.org\/?p=8990"},"modified":"2017-08-31T14:07:03","modified_gmt":"2017-08-31T17:07:03","slug":"se-dicto-hoy-el-primer-modulo-del-taller-de-formacion-de-delegados","status":"publish","type":"post","link":"https:\/\/atecordoba.org\/?p=8990","title":{"rendered":"Se dict\u00f3 hoy el primer m\u00f3dulo del Taller de Formaci\u00f3n de Delegados"},"content":{"rendered":"<p><em>Organizado por la Secretaria de Formaci\u00f3n del CDP el taller tuvo muy buena respuesta de los compa\u00f1eros a la convocatoria, con la participaci\u00f3n de 52 delegados.&nbsp;<\/em><\/p>\n<p><img loading=\"lazy\" decoding=\"async\" class=\"aligncenter size-full wp-image-8991\" src=\"http:\/\/www.atecordoba.org\/wp-content\/uploads\/2017\/08\/20170831_105819-e1504199084459.jpg\" alt=\"\" width=\"550\" height=\"309\"><\/p>\n<p>Se trata del primero de dos m\u00f3dulos. En esta oportunidad se abord\u00f3 un temario encabezado por las caracter\u00edsticas y circunstancias en que desarrolla su actividad los delegados en el Estado, sean nacionales, provinciales o municipales. El taller fue dictados por los compa\u00f1eros Jos\u00e9 Gorozo, Secretario de Formaci\u00f3n, Mar\u00eda Terragno, abogada de ATE y Francisco Pav\u00e1n, Progremial del CDP, Luis Mar\u00eda Alman Bornes, integrante del equipo de Organizaci\u00f3n del CDP. En esa l\u00ednea, tuvieron activa participaci\u00f3n en el debate y la discusi\u00f3n con los compa\u00f1eros el secretario Gremial Diego Guerra, el secretario de Prensa Daniel Pawluchuzk, integrante del \u00f3rgano de fiscalizaci\u00f3n de las elecciones de delegados, y el secretario de Interior, Alejandro Murua.<\/p>\n<p>En la oportunidad, la secretaria General del CDP, Mar\u00eda Liliana Salerno, destac\u00f3 la pol\u00edtica permanente de la conducci\u00f3n de ATE C\u00f3rdoba en la formaci\u00f3n de los cuadros gremiales. &#8220;Sabemos que es fundamental que los compa\u00f1eros est\u00e9n capacitados para afrontar una etapa de conflictividad que estamos viviendo en todo el \u00e1mbito del Estado. Esto es clave para enfrentar el ajuste que la gesti\u00f3n macrista est\u00e1 implementando en crudamente en estos dos a\u00f1os de mandato&#8221;, afirm\u00f3.<\/p>\n<p><img loading=\"lazy\" decoding=\"async\" class=\"aligncenter size-full wp-image-7797\" src=\"http:\/\/www.atecordoba.org\/wp-content\/uploads\/2016\/12\/segunda_discurso-salerno.png\" alt=\"\" width=\"412\" height=\"550\"><\/p>\n<p>En tal sentido, la dirigente adelant\u00f3 que seguir\u00e1n las actividades de formaci\u00f3n y que la expectativa es que cada vez se sumen m\u00e1s compa\u00f1eros, ya que ATE cuenta con un amplio cuerpo de delegados, en los tres niveles del Estado (nacional, provincial y municipal), a los largo y ancho del territorio de C\u00f3rdoba. &#8220;Es una pol\u00edtica que ATE, aplicada desde que Anusate conduce nuestra organizaci\u00f3n. De la misma forma se har\u00e1n cursos en las seccionales&#8221;, subray\u00f3.<\/p>\n<p>Asimismo, Gorozo asegur\u00f3 que&#8221;estamos contentos por la respuesta de los compa\u00f1eros. Esto expresa que cuando se planifican las actividades de inter\u00e9s, la gente participa porque quiere capacitarse&#8221;.<\/p>\n<p><img loading=\"lazy\" decoding=\"async\" class=\"aligncenter size-full wp-image-8992\" src=\"http:\/\/www.atecordoba.org\/wp-content\/uploads\/2017\/08\/20170831_110319-e1504199143641.jpg\" alt=\"\" width=\"550\" height=\"309\"><\/p>\n<p>El dirigente de Villa Mar\u00eda se\u00f1al\u00f3 que el primer m\u00f3dulo tratar\u00e1 &#8220;el rol del delegado, a qui\u00e9n representa, c\u00f3mo se elige. &nbsp;Vamos a ver bien el art\u00edculo 75 del estatuto que modific\u00f3 nuestra asociaci\u00f3n gremial por impedimento del Ministerio de Trabajo de los gobiernos que han pasado y del actual. Debemos saber que el delegado es el primer dirigente que tiene ATE en los lugares de trabajo, y potenciar los conocimientos referidos a las pol\u00edticas que tienen cada uno de los gobiernos, cu\u00e1l es la alternativa que plantea ATE en los lugares de trabajo&#8221;.<\/p>\n<p>Gorozo hizo hincapi\u00e9 en la participaci\u00f3n de los delegados en el pedido de aparici\u00f3n con vida de Santiago Maldonado, que tambi\u00e9n significa una etapa de formaci\u00f3n dentro de gremio. &#8220;Por supuesto tiene que ver con la formaci\u00f3n de los compa\u00f1eros, m\u00e1s desde ATE, donde nos reivindicamos no s\u00f3lo como trabajadores sino tambi\u00e9n como miembros del pueblo, de la sociedad, o como quieran llamarla&#8221;.<\/p>\n<p><img loading=\"lazy\" decoding=\"async\" class=\"aligncenter size-full wp-image-8993\" src=\"http:\/\/www.atecordoba.org\/wp-content\/uploads\/2017\/08\/20170831_104224-e1504199198733.jpg\" alt=\"\" width=\"550\" height=\"309\"><\/p>\n<p>Y agreg\u00f3: &#8220;Ante la desaparici\u00f3n de Santiago Maldonado, en democracia, con gobierno y con medios hegem\u00f3nicos que lo catalogan de cualquier cosa sin investigar, en un contexto represivo que viene avanzando, &nbsp;es de suma importancia que como trabajadores y levantando las banderas hist\u00f3ricas de ATE en defensa de los DDHH, mostremos nuestra preocupaci\u00f3n y por supuesto reclamemos al Estado nacional y al gobierno que hoy est\u00e1 a su cargo, la aparici\u00f3n con vida de Santiago. A los compa\u00f1eros les debe servir porque en muchos casos, en algunos organismos, la pol\u00edtica represiva que llevan adelante los gobiernos es por ahora castigar, en otros casos despedir y en otros reprimir con violencia a los trabajadores que intentan defender sus puestos de trabajo&#8221;. &nbsp;<\/p>\n","protected":false},"excerpt":{"rendered":"<p>Organizado por la Secretaria de Formaci\u00f3n del CDP el taller tuvo muy buena respuesta de los compa\u00f1eros a la convocatoria, con la participaci\u00f3n de 52 delegados.&nbsp; Se trata del primero de dos m\u00f3dulos. En esta oportunidad se abord\u00f3 un temario encabezado por las caracter\u00edsticas y circunstancias en que desarrolla su actividad los delegados en el [&hellip;]<\/p>\n","protected":false},"author":1,"featured_media":19220,"comment_status":"open","ping_status":"open","sticky":false,"template":"","format":"standard","meta":{"_exactmetrics_skip_tracking":false,"_exactmetrics_sitenote_active":false,"_exactmetrics_sitenote_note":"","_exactmetrics_sitenote_category":0,"jnews-multi-image_gallery":[],"jnews_single_post":[],"jnews_primary_category":[],"jnews_social_meta":[],"jnews_review":[],"enable_review":"","type":"","name":"","summary":"","brand":"","sku":"","good":[],"bad":[],"score_override":"","override_value":"","rating":[],"price":[],"jnews_override_counter":[],"jnews_post_split":[],"footnotes":""},"categories":[88],"tags":[],"class_list":["post-8990","post","type-post","status-publish","format-standard","has-post-thumbnail","hentry","category-formacion"],"jetpack_featured_media_url":"https:\/\/atecordoba.org\/wp-content\/uploads\/2020\/05\/logo-nuevochico-e1561581322808.png","_links":{"self":[{"href":"https:\/\/atecordoba.org\/index.php?rest_route=\/wp\/v2\/posts\/8990","targetHints":{"allow":["GET"]}}],"collection":[{"href":"https:\/\/atecordoba.org\/index.php?rest_route=\/wp\/v2\/posts"}],"about":[{"href":"https:\/\/atecordoba.org\/index.php?rest_route=\/wp\/v2\/types\/post"}],"author":[{"embeddable":true,"href":"https:\/\/atecordoba.org\/index.php?rest_route=\/wp\/v2\/users\/1"}],"replies":[{"embeddable":true,"href":"https:\/\/atecordoba.org\/index.php?rest_route=%2Fwp%2Fv2%2Fcomments&post=8990"}],"version-history":[{"count":0,"href":"https:\/\/atecordoba.org\/index.php?rest_route=\/wp\/v2\/posts\/8990\/revisions"}],"wp:featuredmedia":[{"embeddable":true,"href":"https:\/\/atecordoba.org\/index.php?rest_route=\/wp\/v2\/media\/19220"}],"wp:attachment":[{"href":"https:\/\/atecordoba.org\/index.php?rest_route=%2Fwp%2Fv2%2Fmedia&parent=8990"}],"wp:term":[{"taxonomy":"category","embeddable":true,"href":"https:\/\/atecordoba.org\/index.php?rest_route=%2Fwp%2Fv2%2Fcategories&post=8990"},{"taxonomy":"post_tag","embeddable":true,"href":"https:\/\/atecordoba.org\/index.php?rest_route=%2Fwp%2Fv2%2Ftags&post=8990"}],"curies":[{"name":"wp","href":"https:\/\/api.w.org\/{rel}","templated":true}]}}