{"id":8988,"date":"2017-08-31T13:49:57","date_gmt":"2017-08-31T16:49:57","guid":{"rendered":"http:\/\/www.atecordoba.org\/?p=8988"},"modified":"2017-08-31T13:49:57","modified_gmt":"2017-08-31T16:49:57","slug":"dondeestasantiago-ate-convoca-a-movilizarnos","status":"publish","type":"post","link":"https:\/\/atecordoba.org\/?p=8988","title":{"rendered":"#DondeestaSantiago ATE convoca a movilizarnos"},"content":{"rendered":"<p><em>A un mes de la desaparici\u00f3n forzada de Santiago Maldonado el Consejo Directivo Provincial de ATE C\u00f3rdoba convoca a todos los estatales a movilizarnos en reclamo de su inmediata aparici\u00f3n con vida, en consonancia que lo resuelto por nuestra organizaci\u00f3n a nivel nacional.<\/em><\/p>\n<p><img loading=\"lazy\" decoding=\"async\" class=\"aligncenter size-full wp-image-8995\" src=\"http:\/\/www.atecordoba.org\/wp-content\/uploads\/2017\/08\/afiche-maldonado-e1504199316741.jpeg\" alt=\"\" width=\"550\" height=\"387\"><\/p>\n<p>&nbsp;<\/p>\n<p>Ante la falta de respuestas de los organismos de seguridad y de sus responsables pol\u00edticos a los cuestionamientos de los familiares, de los organismos de DDHH, las organizaciones sociales y el pueblo en general, estamos convencidos que la movilizaci\u00f3n popular es la respuesta adecuada de una sociedad que no est\u00e1 dispuesta a tolerar un desaparecido m\u00e1s en democracia.<\/p>\n<p>Vale se\u00f1alar que Santiago desapareci\u00f3 en el marco de la represi\u00f3n a una protesta social, en este caso de un grupo perteneciente a los pueblos originarios mapuches, lo que hace m\u00e1s grave la situaci\u00f3n y la responsabilidad del Estado en el caso.<\/p>\n<p>M\u00e1xime ante las enf\u00e1ticas respuestas de la ministra de Seguridad Patricia Bullrich, desligando a la Gendarmer\u00eda de la desaparici\u00f3n sin que ning\u00fan estamento judicial se haya expresado en tal sentido.<\/p>\n<p>Bullrich tom\u00f3 la versi\u00f3n de la Gendarmer\u00eda como la \u00fanica v\u00e1lida, cuando la experiencia argentina en la materia \u2013muy profusa- se\u00f1ala claramente que los que intervienen en la represi\u00f3n no pueden al mismo tiempo esclarecer un caso de desaparici\u00f3n en ese mismo contexto.<\/p>\n<p>En consecuencia, ATE convoca a concentrar ma\u00f1ana viernes 1\u00ba de septiembre, a las 16.30 horas, en nuestra sede, Entre R\u00edos 450, para movilizarnos conjuntamente con el resto de las organizaciones convocantes.<\/p>\n<p>&nbsp;<\/p>\n","protected":false},"excerpt":{"rendered":"<p>A un mes de la desaparici\u00f3n forzada de Santiago Maldonado el Consejo Directivo Provincial de ATE C\u00f3rdoba convoca a todos los estatales a movilizarnos en reclamo de su inmediata aparici\u00f3n con vida, en consonancia que lo resuelto por nuestra organizaci\u00f3n a nivel nacional. &nbsp; Ante la falta de respuestas de los organismos de seguridad y [&hellip;]<\/p>\n","protected":false},"author":1,"featured_media":19220,"comment_status":"open","ping_status":"open","sticky":false,"template":"","format":"standard","meta":{"_exactmetrics_skip_tracking":false,"_exactmetrics_sitenote_active":false,"_exactmetrics_sitenote_note":"","_exactmetrics_sitenote_category":0,"jnews-multi-image_gallery":[],"jnews_single_post":[],"jnews_primary_category":[],"jnews_social_meta":[],"jnews_review":[],"enable_review":"","type":"","name":"","summary":"","brand":"","sku":"","good":[],"bad":[],"score_override":"","override_value":"","rating":[],"price":[],"jnews_override_counter":[],"jnews_post_split":[],"footnotes":""},"categories":[10],"tags":[],"class_list":["post-8988","post","type-post","status-publish","format-standard","has-post-thumbnail","hentry","category-accion-politica"],"jetpack_featured_media_url":"https:\/\/atecordoba.org\/wp-content\/uploads\/2020\/05\/logo-nuevochico-e1561581322808.png","_links":{"self":[{"href":"https:\/\/atecordoba.org\/index.php?rest_route=\/wp\/v2\/posts\/8988","targetHints":{"allow":["GET"]}}],"collection":[{"href":"https:\/\/atecordoba.org\/index.php?rest_route=\/wp\/v2\/posts"}],"about":[{"href":"https:\/\/atecordoba.org\/index.php?rest_route=\/wp\/v2\/types\/post"}],"author":[{"embeddable":true,"href":"https:\/\/atecordoba.org\/index.php?rest_route=\/wp\/v2\/users\/1"}],"replies":[{"embeddable":true,"href":"https:\/\/atecordoba.org\/index.php?rest_route=%2Fwp%2Fv2%2Fcomments&post=8988"}],"version-history":[{"count":0,"href":"https:\/\/atecordoba.org\/index.php?rest_route=\/wp\/v2\/posts\/8988\/revisions"}],"wp:featuredmedia":[{"embeddable":true,"href":"https:\/\/atecordoba.org\/index.php?rest_route=\/wp\/v2\/media\/19220"}],"wp:attachment":[{"href":"https:\/\/atecordoba.org\/index.php?rest_route=%2Fwp%2Fv2%2Fmedia&parent=8988"}],"wp:term":[{"taxonomy":"category","embeddable":true,"href":"https:\/\/atecordoba.org\/index.php?rest_route=%2Fwp%2Fv2%2Fcategories&post=8988"},{"taxonomy":"post_tag","embeddable":true,"href":"https:\/\/atecordoba.org\/index.php?rest_route=%2Fwp%2Fv2%2Ftags&post=8988"}],"curies":[{"name":"wp","href":"https:\/\/api.w.org\/{rel}","templated":true}]}}