{"id":8981,"date":"2017-08-29T11:48:30","date_gmt":"2017-08-29T14:48:30","guid":{"rendered":"http:\/\/www.atecordoba.org\/?p=8981"},"modified":"2020-07-02T11:33:12","modified_gmt":"2020-07-02T14:33:12","slug":"ate-anac-reitera-que-la-seguridad-aerea-se-encuentra-funcionando-al-limite","status":"publish","type":"post","link":"https:\/\/atecordoba.org\/?p=8981","title":{"rendered":"ATE-ANAC reitera que la seguridad a\u00e9rea se encuentra funcionando al l\u00edmite"},"content":{"rendered":"<p><em>Los trabajadores de Aviaci\u00f3n Civil renovaron el alerta ante el pedido de informe que realiz\u00f3 la justicia sobre la situaci\u00f3n de los aeropuertos.<\/em><\/p>\n<p><img loading=\"lazy\" decoding=\"async\" class=\"aligncenter size-full wp-image-8982\" src=\"http:\/\/www.atecordoba.org\/wp-content\/uploads\/2017\/08\/AEROPUERTO-e1504017527495.jpg\" alt=\"\" width=\"550\" height=\"315\"><\/p>\n<p>Recientemente,&nbsp;el Juez Federal Sergio Torres, que tiene a su cargo una investigaci\u00f3n cuyo principal imputado es el presidente de la Naci\u00f3n, en la que se investiga si el gobierno favoreci\u00f3 a la empresa Avianca por tener vinculaciones comerciales con la familia Macri,&nbsp;requiri\u00f3 informes a varios organismos estatales y a las empresas privadas con actividad en los aeropuertos, para saber si la seguridad del sistema de aviaci\u00f3n soporta la expansi\u00f3n del mercado&nbsp;anunciada por el ejecutivo nacional a partir del inicio de operaciones de las l\u00edneas conocidas como &#8220;low cost&#8221;.<\/p>\n<p>Los relevamientos fueron solicitados por el magistrado al ministro de Transporte, Guillermo Dietrich, al titular de la Administraci\u00f3n Nacional de Aviaci\u00f3n Civil (ANAC), Juan Irigoin, y al presidente del Organismo Regulador del Sistema Nacional de Aeropuertos (ORSNA), Patricio Di St\u00e9fano. Tambi\u00e9n a las empresas Aeropuertos Argentina 2000 y a London Supply, poseedoras de la explotaci\u00f3n de las dos aeroestaciones (Aeropuerto de Ezeiza y Aeroparque Jorge Newbery) y del free shop, respectivamente.<\/p>\n<p>Ante esto, los trabajadores de ANAC nucleados en la Asociaci\u00f3n Trabajadores del Estado reiteran que los organismos encargados de la seguridad a\u00e9rea se encuentran funcionando al l\u00edmite y que no cuentan con la infraestructura y medios necesarios para controlar nuevas operaciones.<\/p>\n<p>La Coordinaci\u00f3n Nacional ATE-ANAC emiti\u00f3 un comunicado detallando la situaci\u00f3n donde expres\u00f3 la&nbsp;<span style=\"font-style: inherit; font-weight: inherit;\">nuestra solidaridad y acompa\u00f1amiento a los familiares de los ocupantes del LV MCV, avi\u00f3n siniestrado en el delta del r\u00edo Paranasu dolor tambi\u00e9n es el nuestro.<\/span><\/p>\n<p><em style=\"font-style: inherit; font-weight: inherit;\">&#8220;A ra\u00edz del pedido de informe del Juez Sergio Torres, en relaci\u00f3n con el estado de infraestructura del sistema aeroportuario y de los servicios que deben garantizar seguridad a\u00e9rea, desde nuestro sector queremos reafirmar nuestro posicionamiento.<\/em><\/p>\n<p><em style=\"font-style: inherit; font-weight: inherit;\">No estamos&nbsp; en contra del desarrollo y del crecimiento de&nbsp; la industria Aero-comercial, pero en la actualidad los organismos del Estado que deben garantizar la seguridad a\u00e9rea no cuentan con la infraestructura y medios acordes a su tarea.<\/em><\/p>\n<p><b><strong style=\"font-style: inherit;\"><em style=\"font-style: inherit; font-weight: inherit;\">Para ejemplificar y poner en agenda:<\/em><\/strong><\/b><\/p>\n<ul>\n<li><em style=\"font-style: inherit; font-weight: inherit;\">No se cuenta con radares acordes para el control de tr\u00e1nsito a\u00e9reo.<\/em><\/li>\n<li><em style=\"font-style: inherit; font-weight: inherit;\">No se cuenta con autobombas y personal acorde en gran cantidad de aeropuertos del pa\u00eds.<\/em><\/li>\n<li><em style=\"font-style: inherit; font-weight: inherit;\">Los servicios de Sanidad Aeron\u00e1utica en su gran mayor\u00eda son tercerizados y sin control.<\/em><\/li>\n<li><em style=\"font-style: inherit; font-weight: inherit;\">El sistema de radio ayudas para la navegaci\u00f3n est\u00e1 obsoleto y privatizado.<\/em><\/li>\n<li><em style=\"font-style: inherit; font-weight: inherit;\">Las plataformas de estacionamiento de aeronaves se encuentran saturadas.<\/em><\/li>\n<li><em style=\"font-style: inherit; font-weight: inherit;\">Los trabajadores profesionales y formados est\u00e1n siendo desplazados por fuerza a\u00e9rea y sin re ubicaci\u00f3n en ANAC.<\/em><\/li>\n<li><em style=\"font-style: inherit; font-weight: inherit;\">Servicio de B\u00fasqueda y Salvamento sin resoluci\u00f3n y sin aplicaci\u00f3n de la normativa vigente.<\/em><\/li>\n<li><em style=\"font-style: inherit; font-weight: inherit;\">Estos son algunos de los puntos que vamos a llevar a la audiencia p\u00fablica del 6 de septiembre.<\/em><\/li>\n<\/ul>\n<p><em style=\"font-style: inherit; font-weight: inherit;\">La Coordinaci\u00f3n expres\u00f3 su apoyo al crecimiento de la industria, pero siempre garantizando la seguridad a\u00e9rea de los vuelos, y concluy\u00f3 afirmando que &#8220;n<\/em><em style=\"font-style: inherit; font-weight: inherit;\">o vamos a ser c\u00f3mplices de un&nbsp;<\/em>accidente como el de Once en el transporte a\u00e9reo&#8221;.<\/p>\n","protected":false},"excerpt":{"rendered":"<p>Los trabajadores de Aviaci\u00f3n Civil renovaron el alerta ante el pedido de informe que realiz\u00f3 la justicia sobre la situaci\u00f3n de los aeropuertos. Recientemente,&nbsp;el Juez Federal Sergio Torres, que tiene a su cargo una investigaci\u00f3n cuyo principal imputado es el presidente de la Naci\u00f3n, en la que se investiga si el gobierno favoreci\u00f3 a la [&hellip;]<\/p>\n","protected":false},"author":1,"featured_media":19220,"comment_status":"open","ping_status":"open","sticky":false,"template":"","format":"standard","meta":{"_exactmetrics_skip_tracking":false,"_exactmetrics_sitenote_active":false,"_exactmetrics_sitenote_note":"","_exactmetrics_sitenote_category":0,"jnews-multi-image_gallery":[],"jnews_single_post":[],"jnews_primary_category":[],"jnews_social_meta":[],"jnews_review":[],"enable_review":"","type":"","name":"","summary":"","brand":"","sku":"","good":[],"bad":[],"score_override":"","override_value":"","rating":[],"price":[],"jnews_override_counter":[],"jnews_post_split":[],"footnotes":""},"categories":[18],"tags":[347],"class_list":["post-8981","post","type-post","status-publish","format-standard","has-post-thumbnail","hentry","category-nacionales","tag-movimiento-aeronautico-cordobes-mac"],"jetpack_featured_media_url":"https:\/\/atecordoba.org\/wp-content\/uploads\/2020\/05\/logo-nuevochico-e1561581322808.png","_links":{"self":[{"href":"https:\/\/atecordoba.org\/index.php?rest_route=\/wp\/v2\/posts\/8981","targetHints":{"allow":["GET"]}}],"collection":[{"href":"https:\/\/atecordoba.org\/index.php?rest_route=\/wp\/v2\/posts"}],"about":[{"href":"https:\/\/atecordoba.org\/index.php?rest_route=\/wp\/v2\/types\/post"}],"author":[{"embeddable":true,"href":"https:\/\/atecordoba.org\/index.php?rest_route=\/wp\/v2\/users\/1"}],"replies":[{"embeddable":true,"href":"https:\/\/atecordoba.org\/index.php?rest_route=%2Fwp%2Fv2%2Fcomments&post=8981"}],"version-history":[{"count":1,"href":"https:\/\/atecordoba.org\/index.php?rest_route=\/wp\/v2\/posts\/8981\/revisions"}],"predecessor-version":[{"id":20549,"href":"https:\/\/atecordoba.org\/index.php?rest_route=\/wp\/v2\/posts\/8981\/revisions\/20549"}],"wp:featuredmedia":[{"embeddable":true,"href":"https:\/\/atecordoba.org\/index.php?rest_route=\/wp\/v2\/media\/19220"}],"wp:attachment":[{"href":"https:\/\/atecordoba.org\/index.php?rest_route=%2Fwp%2Fv2%2Fmedia&parent=8981"}],"wp:term":[{"taxonomy":"category","embeddable":true,"href":"https:\/\/atecordoba.org\/index.php?rest_route=%2Fwp%2Fv2%2Fcategories&post=8981"},{"taxonomy":"post_tag","embeddable":true,"href":"https:\/\/atecordoba.org\/index.php?rest_route=%2Fwp%2Fv2%2Ftags&post=8981"}],"curies":[{"name":"wp","href":"https:\/\/api.w.org\/{rel}","templated":true}]}}