{"id":8975,"date":"2017-08-28T14:58:52","date_gmt":"2017-08-28T17:58:52","guid":{"rendered":"http:\/\/www.atecordoba.org\/?p=8975"},"modified":"2017-08-28T14:58:52","modified_gmt":"2017-08-28T17:58:52","slug":"asamblea-de-trabajadores-civiles-en-el-ex-tercer-cuerpo-de-ejercito","status":"publish","type":"post","link":"https:\/\/atecordoba.org\/?p=8975","title":{"rendered":"Asamblea de trabajadores civiles en el ex Tercer Cuerpo de Ej\u00e9rcito"},"content":{"rendered":"<p><em>A las 11 horas de hoy compa\u00f1eros dependientes del Ej\u00e9rcito, que prestan servicio como personal civil en dependencias del ex Tercer Cuerpo, realizaron una asamblea informativa sobre el proceso de reencasillamiento, a partir de la puesta en vigencia del nuevo convenio colectivo de trabajo. Por tal motivo los compa\u00f1eros convocaron a ATE para que explique c\u00f3mo se llevar\u00e1 a cabo el proceso.<\/em><\/p>\n<p><img loading=\"lazy\" decoding=\"async\" class=\"aligncenter size-full wp-image-8976\" src=\"http:\/\/www.atecordoba.org\/wp-content\/uploads\/2017\/08\/personal-civil-2.png\" alt=\"\" width=\"550\" height=\"364\"><\/p>\n<p>Participaron alrededor de 130 compa\u00f1eros del sector. Por parte de nuestra organizaci\u00f3n concurrieron el secretario de Organizaci\u00f3n V\u00edctor Lecuona y el vocal Alejandro Charra, ambos paritarios del sector.<\/p>\n<p>Durante la reuni\u00f3n se evacuaron distintas dudas concernientes al manual de reencasillamiento, a la suplementaci\u00f3n tanto por t\u00edtulo como por tramo y a las perspectivas a futuro de la negociaci\u00f3n colectiva en general.<\/p>\n<p>Los compa\u00f1eros hicieron entrega de distintas herramientas para que los trabajadores lleven a cabo los reclamos administrativos pertinentes y adem\u00e1s presentaron p\u00fablicamente el <a href=\"http:\/\/calculadorasalarial.atecordoba.org\/\">simulador salarial Calculate<\/a>.<\/p>\n<p>Personal jer\u00e1rquico del Ej\u00e9rcito aprovech\u00f3 la oportunidad&nbsp; para entregar a cada agente la correspondiente planilla para el reencasillamiento, toda vez que a la propia patronal resulta dificultoso explicar los t\u00e9rminos del citado proceso.<\/p>\n<p>Con la calculadora salarial que ATE dispuso en la web, los compa\u00f1eros civiles podr\u00e1n de ahora en adelante calcular sus haberes, en funci\u00f3n de los par\u00e1metros establecidos en el convenio colectivo de trabajo.<\/p>\n<p>Sin embargo, vale aclarar que el sector sufre uno de los salarios m\u00e1s bajos de la administraci\u00f3n p\u00fablica nacional, haberes que s\u00f3lo mejorar\u00e1n en funci\u00f3n de la lucha que realicemos los trabajadores en su conjunto.<\/p>\n","protected":false},"excerpt":{"rendered":"<p>A las 11 horas de hoy compa\u00f1eros dependientes del Ej\u00e9rcito, que prestan servicio como personal civil en dependencias del ex Tercer Cuerpo, realizaron una asamblea informativa sobre el proceso de reencasillamiento, a partir de la puesta en vigencia del nuevo convenio colectivo de trabajo. Por tal motivo los compa\u00f1eros convocaron a ATE para que explique [&hellip;]<\/p>\n","protected":false},"author":1,"featured_media":19220,"comment_status":"open","ping_status":"open","sticky":false,"template":"","format":"standard","meta":{"_exactmetrics_skip_tracking":false,"_exactmetrics_sitenote_active":false,"_exactmetrics_sitenote_note":"","_exactmetrics_sitenote_category":0,"jnews-multi-image_gallery":[],"jnews_single_post":[],"jnews_primary_category":[],"jnews_social_meta":[],"jnews_review":[],"enable_review":"","type":"","name":"","summary":"","brand":"","sku":"","good":[],"bad":[],"score_override":"","override_value":"","rating":[],"price":[],"jnews_override_counter":[],"jnews_post_split":[],"footnotes":""},"categories":[18,9],"tags":[],"class_list":["post-8975","post","type-post","status-publish","format-standard","has-post-thumbnail","hentry","category-nacionales","category-trabajadores-civiles-ff-aa"],"jetpack_featured_media_url":"https:\/\/atecordoba.org\/wp-content\/uploads\/2020\/05\/logo-nuevochico-e1561581322808.png","_links":{"self":[{"href":"https:\/\/atecordoba.org\/index.php?rest_route=\/wp\/v2\/posts\/8975","targetHints":{"allow":["GET"]}}],"collection":[{"href":"https:\/\/atecordoba.org\/index.php?rest_route=\/wp\/v2\/posts"}],"about":[{"href":"https:\/\/atecordoba.org\/index.php?rest_route=\/wp\/v2\/types\/post"}],"author":[{"embeddable":true,"href":"https:\/\/atecordoba.org\/index.php?rest_route=\/wp\/v2\/users\/1"}],"replies":[{"embeddable":true,"href":"https:\/\/atecordoba.org\/index.php?rest_route=%2Fwp%2Fv2%2Fcomments&post=8975"}],"version-history":[{"count":0,"href":"https:\/\/atecordoba.org\/index.php?rest_route=\/wp\/v2\/posts\/8975\/revisions"}],"wp:featuredmedia":[{"embeddable":true,"href":"https:\/\/atecordoba.org\/index.php?rest_route=\/wp\/v2\/media\/19220"}],"wp:attachment":[{"href":"https:\/\/atecordoba.org\/index.php?rest_route=%2Fwp%2Fv2%2Fmedia&parent=8975"}],"wp:term":[{"taxonomy":"category","embeddable":true,"href":"https:\/\/atecordoba.org\/index.php?rest_route=%2Fwp%2Fv2%2Fcategories&post=8975"},{"taxonomy":"post_tag","embeddable":true,"href":"https:\/\/atecordoba.org\/index.php?rest_route=%2Fwp%2Fv2%2Ftags&post=8975"}],"curies":[{"name":"wp","href":"https:\/\/api.w.org\/{rel}","templated":true}]}}