{"id":8972,"date":"2017-08-28T11:20:19","date_gmt":"2017-08-28T14:20:19","guid":{"rendered":"http:\/\/www.atecordoba.org\/?p=8972"},"modified":"2020-08-10T11:02:26","modified_gmt":"2020-08-10T14:02:26","slug":"prevision-social-que-se-viene-despues-de-octubre","status":"publish","type":"post","link":"https:\/\/atecordoba.org\/?p=8972","title":{"rendered":"Previsi\u00f3n Social: qu\u00e9 se viene despu\u00e9s de octubre"},"content":{"rendered":"<p><em>El gobierno impulsa el incremento en la edad jubilatoria y presiona a los gobernadores para que apuren la armonizaci\u00f3n de las cajas provinciales.<\/em><\/p>\n<p><img loading=\"lazy\" decoding=\"async\" class=\"aligncenter size-full wp-image-8973\" src=\"http:\/\/www.atecordoba.org\/wp-content\/uploads\/2017\/08\/imagen-jubilada-ilustracion\u00e7-e1503929805785.jpg\" alt=\"\" width=\"550\" height=\"412\"><\/p>\n<p><span style=\"font-style: inherit; font-weight: inherit;\">Las elecciones generales de octubre marcar\u00e1n un antes y un despu\u00e9s en la composici\u00f3n de bancas (y bloques pol\u00edticos) de la pr\u00f3xima c\u00e1mara de diputados. Tambi\u00e9n marcar\u00e1n un antes y un despu\u00e9s en el \u00e1mbito de la previsi\u00f3n social.<\/span><\/p>\n<p><span style=\"font-style: inherit; font-weight: inherit;\">El anuncio que hiciera previo a las PASO Emilio Basavilbaso, titular del ANSES, respecto a la \u201cposibilidad\u201d (viniendo de este gobierno deber\u00eda leerse \u201cseguridad\u201d) del env\u00edo de una ley al Parlamento para que se estudie una futura reforma en la edad jubilatoria pone el sistema en alerta.<\/span><\/p>\n<p><span style=\"font-style: inherit; font-weight: inherit;\">El gobierno nacional, a trav\u00e9s Basavilbaso, sostiene que as\u00ed como se plantea el actual sistema previsional es inviable. Esta apuesta deslizada como al pasar (otro prueba ensayo- error al que nos han acostumbrado), ser\u00e1 anunciar un incremento en la edad jubilatoria que para los hombres pasar\u00e1 de los 65 a los 67 a\u00f1os y en las mujeres de 60 a 62. Aunque se trat\u00f3 de aclarar que estos cambios en la edad jubilatoria ser\u00e1n \u201cvoluntarios\u201d, el funcionario del ANSES omite decir que qui\u00e9nes no adhieran a la suba de la edad tambi\u00e9n cambiar\u00e1 el porcentaje de lo que vaya a cobrarse. Lo que es decir en la jerga futbolera con la reformulaci\u00f3n jubilatoria el gobierno va a correr el arco.<\/span><\/p>\n<p><span style=\"font-style: inherit; font-weight: inherit;\">El reciente simulacro electoral en las PASO sin dudas preanuncia que el gobierno subir\u00e1 la cantidad de legisladores, y por ende le ofrece mejores condiciones para negociar con otras minor\u00edas las posibles modificaciones del sistema previsional.<\/span><\/p>\n<p><b><strong style=\"font-style: inherit;\"><span style=\"font-style: inherit; font-weight: inherit;\">Armonizaci\u00f3n del sistema previsional<\/span><\/strong><\/b><\/p>\n<p><span style=\"font-style: inherit; font-weight: inherit;\">Las Cajas de Jubilaciones provinciales es el otro bot\u00edn al que se apunta desde Naci\u00f3n. El a\u00f1o pasado cuando qued\u00f3 aprobado el llamado proceso de reparaci\u00f3n hist\u00f3rica, la administraci\u00f3n de Mauricio Macri se asegur\u00f3 el comienzo del proceso de armonizaci\u00f3n de las cajas provinciales con el ANSES, que deber\u00e1 culminar en el a\u00f1o 2019. Pese a la rebeld\u00eda mostrada por algunas administraciones provinciales que se niegan al traspaso de sus cajas, sino hay un cambio pol\u00edtico profundo, la ley entrar\u00e1 en vigencia.&nbsp;<\/span><\/p>\n<p><span style=\"font-style: inherit; font-weight: inherit;\">Tambi\u00e9n hay otras provincias que adelantaron a los tiempos y ya produjeron modificaciones en su sistema previsional. Se trata de C\u00f3rdoba, Formosa y Tierra del Fuego. Pese a la resistencia ejercida por distintas organizaciones de trabajadores las Legislaturas provinciales se encargaron de dar legalidad a las modificaciones. Por caso en Tierra del Fuego, por m\u00e1s de dos meses la ATE y otros gremios mantuvieron una fuerte oposici\u00f3n al proyecto. Sin embargo la Legislatura, con muy pocas voces en contra, aprob\u00f3 este proyecto que perjudica de manera notoria a los trabajadores. Pero otro hecho igualmente grave en este episodio fue la intervenci\u00f3n realizada por la Justicia en favor del poder dominante, episodio que culmin\u00f3 con el procesamiento de numerosos dirigentes gremiales. Acaso haya sido la forma en que el poder se expres\u00f3 para decir cu\u00e1l ser\u00e1 la suerte de qui\u00e9nes se les&nbsp; opongan.&nbsp; &nbsp;&nbsp;<\/span><\/p>\n<p><span style=\"font-style: inherit; font-weight: inherit;\">En el caso de Formosa el gobernador Gildo Insfr\u00e1n utilizando la abrumadora mayor\u00eda con que cuenta en la Legislatura cambio de un plumazo la edad jubilatoria en hombres (de 61 a 65 a\u00f1os) y mujeres (de 58 a 60 a\u00f1os) y recort\u00f3 los beneficios en m\u00e1s de 10 puntos.<\/span><\/p>\n<p><span style=\"font-style: inherit; font-weight: inherit;\">Con la armonizando de las cajas los jubilados provinciales perder\u00edan casi todos los beneficios que oportunamente acordara sus Legislaturas, por lo que si los gobiernos finalmente acordaran silenciosamente el traspaso con Naci\u00f3n quedar\u00eda el camino liberado para todas definiciones posteriores que impulse el gobierno nacional en materia previsional.<\/span><\/p>\n<p><span style=\"font-style: inherit; font-weight: inherit;\">Los puntos de la discordia en la armonizaci\u00f3n tienen que ver con igualar las condiciones jubilatorias en todo el pa\u00eds en (si no se modifica) 30 a\u00f1os de aportes, c\u00e1lculo de haberes y porcentajes de los aportes personales y de las propias patronales.<\/span><\/p>\n<p><span style=\"font-style: inherit; font-weight: inherit;\">Como ejemplo vale volver al caso de C\u00f3rdoba donde el gobernador Juan Schiaretti recort\u00f3 los haberes del sector pasivo, reduciendo el 82% que cobraban los jubilados provinciales a un porcentaje cercano al 73%.&nbsp;Para llevar este proceso adelante retom\u00f3 los c\u00e1lculos jubilatorios de la emergencia que el ex gobernador Ram\u00f3n Mestre&nbsp; implement\u00f3 en los a\u00f1os \u201990.<\/span><\/p>\n<p><span style=\"font-style: inherit; font-weight: inherit;\">Un dato a\u00fan \u201cinvisible\u201d para los que no conocen en profundidad la ley de reparaci\u00f3n hist\u00f3rica es que a partir del a\u00f1o&nbsp; 2019 se acaba la moratoria que permit\u00eda a la gente jubilarse sin tener todos los a\u00f1os de aportes (y que iban cancelando con el cobro mensual de su jubilaci\u00f3n). La nueva disposici\u00f3n se\u00f1ala que aquellos que no posean los 30 a\u00f1os de aportes (hombres y mujeres por igual) deber\u00e1n poseer m\u00e1s de 65 a\u00f1os para acceder al cobro de&nbsp; una jubilaci\u00f3n, que en esos casos ni siquiera llegar\u00e1 a alcanzar el 80% de la jubilaci\u00f3n m\u00ednima.<\/span><\/p>\n<p><b><strong style=\"font-style: inherit;\"><span style=\"font-style: inherit; font-weight: inherit;\">El financiamiento del ajuste<\/span><\/strong><\/b><\/p>\n<p><span style=\"font-style: inherit; font-weight: inherit;\">Para la etapa que se arranca despu\u00e9s de las legislativas de octubre el gobierno tiene decidido un nuevo ajuste sobre las cuentas p\u00fablicas. Aunque ideol\u00f3gicamente el paso m\u00e1s cercano para Macri ser\u00eda retomar al sistema de jubilaci\u00f3n privada, la opci\u00f3n elegida ser\u00e1 extender, indistintamente, 2 a\u00f1os la edad jubilatoria.<\/span><\/p>\n<p><span style=\"font-style: inherit; font-weight: inherit;\">Aunque la continuidad de sistema p\u00fablico de reparto es la \u00fanica opci\u00f3n aceptable en nuestra sociedad, la trampa que esconde el proyecto gubernamental es llamar \u201cvoluntario\u201d&nbsp; el agregado de a\u00f1os para poder acceder a un monto jubilatorio mejor.&nbsp; O sea que el sistema de \u201ccapitalizaci\u00f3n\u201d aparece encubierto en las necesidades de nuestra gente.<\/span><\/p>\n<p><span style=\"font-style: inherit; font-weight: inherit;\">Extender la edad laboral en forma voluntaria de alguna manera tambi\u00e9n es crear, si se quiere, un sistema de capitalizaci\u00f3n porque a mayor cantidad de aportes mejor ser\u00e1 la remuneraci\u00f3n tras el retiro de la vida activa.<\/span><\/p>\n<p><span style=\"font-style: inherit; font-weight: inherit;\">Entonces el ajuste del sistema previsional va atado a dos patas: a la mayor recaudaci\u00f3n del sistema por la extensi\u00f3n obligatoria de otros 2 a\u00f1os de aportes y a la voluntaria de la persona que aspira a una jubilaci\u00f3n superior y al recorte de las prestaciones con la armonizaci\u00f3n de las cajas provinciales.<\/span><\/p>\n<p><span style=\"font-style: inherit; font-weight: inherit;\">Sin embargo hay otras formas de financiar el d\u00e9ficit de las cuentas p\u00fablicas. Una ser\u00eda financiarse a trav\u00e9s de impuestos a \u201cla timba financiera\u201d o restituir los grav\u00e1menes quitados recientemente al agro, pero sabiendo que se est\u00e1 para proteger a los bolsillos amigos, forzosamente el aporte vendr\u00e1 de las capas medias y bajas de nuestra sociedad.<\/span><\/p>\n<p><span style=\"font-style: inherit; font-weight: inherit;\">Otro hecho que da lugar al desfinanciamiento de la Previsi\u00f3n Social se relaciona con la ca\u00edda continua del n\u00famero de trabajadores aportantes, generada por el escaso inter\u00e9s del gobierno de corregir la &nbsp;informalidad laboral, que en nuestro pa\u00eds supera el 35% de la fuerza de trabajo.<\/span><\/p>\n<p><span style=\"font-style: inherit; font-weight: inherit;\">Mucho de este porcentaje son directa responsabilidad del gobierno nacional y los gobiernos municipales y provinciales. Seg\u00fan lo estimado por ATE entre estos 3 estados tienen a m\u00e1s de 600.000 trabajadores cumpliendo tareas en forma precarizada.&nbsp;<\/span><\/p>\n<p><span style=\"font-style: inherit; font-weight: inherit;\">De esto que se afirma un ejemplo es La Pampa. Los jubilados provinciales reclaman el rec\u00e1lculo de los haberes para todos aquellos que quedaron atrapados en el per\u00edodo de emergencia econ\u00f3mica de 1996 al 2010. Mientras el gobierno se\u00f1ala la imposibilidad de hacer frente a esta deuda, los gremios provinciales, con incuestionable certeza han hecho observar que si el gobierno provincial blanqueara a todos los trabajadores que mantiene en condiciones precarizadas el sistema previsional tendr\u00eda fondos, no s\u00f3lo para pagar esas deudas sino tambi\u00e9n para volver a tener financiaci\u00f3n. La perversidad del gobierno provincial es agitar ante su ciudadan\u00eda que si se lo obliga a pagar el camino que le sigue es \u201carmonizar la caja\u201d. Parece entonces decir que la Caja s\u00f3lo puede defenderse adeudando a los jubilados y negreando las condiciones de trabajo al trabajador estatal.<\/span><\/p>\n<p><span style=\"font-style: inherit; font-weight: inherit;\">No debe olvidarse que en el ajuste macrista a\u00fan persiste el anuncio, y luego marcha atr\u00e1s, con la quita de pensiones (aunque muchas no han sido restablecidas). Tambi\u00e9n est\u00e1n el aumento de las jubilaciones, en la que deben computarse los 13 puntos, que calcul\u00f3 ATE, perdieron los salarios el \u00faltimo a\u00f1o, m\u00e1s la quita realizada en el beneficio de los medicamentos.&nbsp;<\/span><\/p>\n","protected":false},"excerpt":{"rendered":"<p>El gobierno impulsa el incremento en la edad jubilatoria y presiona a los gobernadores para que apuren la armonizaci\u00f3n de las cajas provinciales. Las elecciones generales de octubre marcar\u00e1n un antes y un despu\u00e9s en la composici\u00f3n de bancas (y bloques pol\u00edticos) de la pr\u00f3xima c\u00e1mara de diputados. Tambi\u00e9n marcar\u00e1n un antes y un despu\u00e9s [&hellip;]<\/p>\n","protected":false},"author":1,"featured_media":19220,"comment_status":"open","ping_status":"open","sticky":false,"template":"","format":"standard","meta":{"_exactmetrics_skip_tracking":false,"_exactmetrics_sitenote_active":false,"_exactmetrics_sitenote_note":"","_exactmetrics_sitenote_category":0,"jnews-multi-image_gallery":[],"jnews_single_post":[],"jnews_primary_category":[],"jnews_social_meta":[],"jnews_review":[],"enable_review":"","type":"","name":"","summary":"","brand":"","sku":"","good":[],"bad":[],"score_override":"","override_value":"","rating":[],"price":[],"jnews_override_counter":[],"jnews_post_split":[],"footnotes":""},"categories":[22,18],"tags":[],"class_list":["post-8972","post","type-post","status-publish","format-standard","has-post-thumbnail","hentry","category-jubilados","category-nacionales"],"jetpack_featured_media_url":"https:\/\/atecordoba.org\/wp-content\/uploads\/2020\/05\/logo-nuevochico-e1561581322808.png","_links":{"self":[{"href":"https:\/\/atecordoba.org\/index.php?rest_route=\/wp\/v2\/posts\/8972","targetHints":{"allow":["GET"]}}],"collection":[{"href":"https:\/\/atecordoba.org\/index.php?rest_route=\/wp\/v2\/posts"}],"about":[{"href":"https:\/\/atecordoba.org\/index.php?rest_route=\/wp\/v2\/types\/post"}],"author":[{"embeddable":true,"href":"https:\/\/atecordoba.org\/index.php?rest_route=\/wp\/v2\/users\/1"}],"replies":[{"embeddable":true,"href":"https:\/\/atecordoba.org\/index.php?rest_route=%2Fwp%2Fv2%2Fcomments&post=8972"}],"version-history":[{"count":1,"href":"https:\/\/atecordoba.org\/index.php?rest_route=\/wp\/v2\/posts\/8972\/revisions"}],"predecessor-version":[{"id":21136,"href":"https:\/\/atecordoba.org\/index.php?rest_route=\/wp\/v2\/posts\/8972\/revisions\/21136"}],"wp:featuredmedia":[{"embeddable":true,"href":"https:\/\/atecordoba.org\/index.php?rest_route=\/wp\/v2\/media\/19220"}],"wp:attachment":[{"href":"https:\/\/atecordoba.org\/index.php?rest_route=%2Fwp%2Fv2%2Fmedia&parent=8972"}],"wp:term":[{"taxonomy":"category","embeddable":true,"href":"https:\/\/atecordoba.org\/index.php?rest_route=%2Fwp%2Fv2%2Fcategories&post=8972"},{"taxonomy":"post_tag","embeddable":true,"href":"https:\/\/atecordoba.org\/index.php?rest_route=%2Fwp%2Fv2%2Ftags&post=8972"}],"curies":[{"name":"wp","href":"https:\/\/api.w.org\/{rel}","templated":true}]}}