{"id":8942,"date":"2017-08-23T15:33:03","date_gmt":"2017-08-23T18:33:03","guid":{"rendered":"http:\/\/www.atecordoba.org\/?p=8942"},"modified":"2017-08-23T15:33:03","modified_gmt":"2017-08-23T18:33:03","slug":"con-sus-cuerpos-organicos-ate-se-movilizo-ayer-junto-a-centrales-sindicales","status":"publish","type":"post","link":"https:\/\/atecordoba.org\/?p=8942","title":{"rendered":"Con sus cuerpos org\u00e1nicos, ATE se moviliz\u00f3 ayer junto a centrales sindicales"},"content":{"rendered":"<p><em>En el marco de la convocatoria realizada por las distintas centrales obreras, ATE march\u00f3 en defensa del salario, los puesto de trabajo y contra la reforma laboral y previsional.<\/em><\/p>\n<p><img loading=\"lazy\" decoding=\"async\" class=\"aligncenter size-full wp-image-8943\" src=\"http:\/\/www.atecordoba.org\/wp-content\/uploads\/2017\/08\/marcha-22-de-agosto-e1503510422899.jpeg\" alt=\"\" width=\"550\" height=\"309\"><\/p>\n<p>La marcha se realiz\u00f3 desde la esquina de 27 de abril y Velez Sarsfield hasta el Patio Olmos, donde se ley\u00f3 un documento cr\u00edtico de la situaci\u00f3n socioecon\u00f3mica y laboral actual.&nbsp;<\/p>\n<p>El Consejo Directivo Provincial, junto a delegados y activistas, particip\u00f3 una vez m\u00e1s de la convocatoria expresando el rechazo de nuestra organizaci\u00f3n al proyecto de reforma laboral que el gobierno eval\u00faa tratar despu\u00e9s de las elecciones, emulando lo sucedido en Brasil, as\u00ed como la reforma previsional que pretende descalzar el financiamiento de la Anses, privatizando los aportes como sucediera en la d\u00e9cada del &#8217;90.&nbsp;<\/p>\n<p><img loading=\"lazy\" decoding=\"async\" class=\"aligncenter size-full wp-image-8946\" src=\"http:\/\/www.atecordoba.org\/wp-content\/uploads\/2017\/08\/marcha-22-de-agosto_bsas-e1503511463635.jpeg\" alt=\"\" width=\"550\" height=\"337\"><\/p>\n<p>Al mismo tiempo, ATE march\u00f3 en la gran concentraci\u00f3n en la Capital Federal que se moviliz\u00f3 a Plaza de Mayo. En la oportunidad estuvo presente la secretaria General de ATE C\u00f3rdoba, Mar\u00eda Liliana Salerno, junto a los secretarios generales de todo el pa\u00eds y la conducci\u00f3n nacional.<\/p>\n<p><img loading=\"lazy\" decoding=\"async\" class=\"aligncenter size-full wp-image-8945\" src=\"http:\/\/www.atecordoba.org\/wp-content\/uploads\/2017\/08\/marcha-22-de-agosto_bsas2-e1503511427543.jpeg\" alt=\"\" width=\"550\" height=\"362\"><\/p>\n<p>Salerno dijo durante la marcha que ATE se moviliz\u00f3 &#8220;en contra de la tercera reforma del Estado, que sabemos es el flagelo de todos los trabajadores, pero tambi\u00e9n venimos a acompa\u00f1ar a otros gremios, a otras centrales, porque el ajuste es para todos, no s\u00f3lo para los trabajadores del Estado&#8221;. &nbsp;&nbsp;<\/p>\n<div class=\"epyt-video-wrapper\"><iframe loading=\"lazy\"  style=\"display: block; margin: 0px auto;\"  id=\"_ytid_13974\"  width=\"480\" height=\"270\"  data-origwidth=\"480\" data-origheight=\"270\" src=\"https:\/\/www.youtube.com\/embed\/m7oKd-7Y_9k?enablejsapi=1&#038;autoplay=0&#038;cc_load_policy=0&#038;cc_lang_pref=&#038;iv_load_policy=3&#038;loop=0&#038;rel=0&#038;fs=1&#038;playsinline=0&#038;autohide=2&#038;theme=dark&#038;color=red&#038;controls=1&#038;disablekb=0&#038;\" class=\"__youtube_prefs__  epyt-is-override  no-lazyload\" title=\"YouTube player\"  allow=\"fullscreen; accelerometer; autoplay; clipboard-write; encrypted-media; gyroscope; picture-in-picture; web-share\" referrerpolicy=\"strict-origin-when-cross-origin\" allowfullscreen data-no-lazy=\"1\" data-skipgform_ajax_framebjll=\"\"><\/iframe><\/div>\n<div class=\"epyt-video-wrapper\"><iframe loading=\"lazy\"  style=\"display: block; margin: 0px auto;\"  id=\"_ytid_10226\"  width=\"480\" height=\"270\"  data-origwidth=\"480\" data-origheight=\"270\" src=\"https:\/\/www.youtube.com\/embed\/CWouXBLjqnE?enablejsapi=1&#038;autoplay=0&#038;cc_load_policy=0&#038;cc_lang_pref=&#038;iv_load_policy=3&#038;loop=0&#038;rel=0&#038;fs=1&#038;playsinline=0&#038;autohide=2&#038;theme=dark&#038;color=red&#038;controls=1&#038;disablekb=0&#038;\" class=\"__youtube_prefs__  epyt-is-override  no-lazyload\" title=\"YouTube player\"  allow=\"fullscreen; accelerometer; autoplay; clipboard-write; encrypted-media; gyroscope; picture-in-picture; web-share\" referrerpolicy=\"strict-origin-when-cross-origin\" allowfullscreen data-no-lazy=\"1\" data-skipgform_ajax_framebjll=\"\"><\/iframe><\/div>\n","protected":false},"excerpt":{"rendered":"<p>En el marco de la convocatoria realizada por las distintas centrales obreras, ATE march\u00f3 en defensa del salario, los puesto de trabajo y contra la reforma laboral y previsional. La marcha se realiz\u00f3 desde la esquina de 27 de abril y Velez Sarsfield hasta el Patio Olmos, donde se ley\u00f3 un documento cr\u00edtico de la [&hellip;]<\/p>\n","protected":false},"author":1,"featured_media":19220,"comment_status":"open","ping_status":"open","sticky":false,"template":"","format":"standard","meta":{"_exactmetrics_skip_tracking":false,"_exactmetrics_sitenote_active":false,"_exactmetrics_sitenote_note":"","_exactmetrics_sitenote_category":0,"jnews-multi-image_gallery":[],"jnews_single_post":[],"jnews_primary_category":[],"jnews_social_meta":[],"jnews_review":[],"enable_review":"","type":"","name":"","summary":"","brand":"","sku":"","good":[],"bad":[],"score_override":"","override_value":"","rating":[],"price":[],"jnews_override_counter":[],"jnews_post_split":[],"footnotes":""},"categories":[1],"tags":[],"class_list":["post-8942","post","type-post","status-publish","format-standard","has-post-thumbnail","hentry","category-sin-categoria"],"jetpack_featured_media_url":"https:\/\/atecordoba.org\/wp-content\/uploads\/2020\/05\/logo-nuevochico-e1561581322808.png","_links":{"self":[{"href":"https:\/\/atecordoba.org\/index.php?rest_route=\/wp\/v2\/posts\/8942","targetHints":{"allow":["GET"]}}],"collection":[{"href":"https:\/\/atecordoba.org\/index.php?rest_route=\/wp\/v2\/posts"}],"about":[{"href":"https:\/\/atecordoba.org\/index.php?rest_route=\/wp\/v2\/types\/post"}],"author":[{"embeddable":true,"href":"https:\/\/atecordoba.org\/index.php?rest_route=\/wp\/v2\/users\/1"}],"replies":[{"embeddable":true,"href":"https:\/\/atecordoba.org\/index.php?rest_route=%2Fwp%2Fv2%2Fcomments&post=8942"}],"version-history":[{"count":0,"href":"https:\/\/atecordoba.org\/index.php?rest_route=\/wp\/v2\/posts\/8942\/revisions"}],"wp:featuredmedia":[{"embeddable":true,"href":"https:\/\/atecordoba.org\/index.php?rest_route=\/wp\/v2\/media\/19220"}],"wp:attachment":[{"href":"https:\/\/atecordoba.org\/index.php?rest_route=%2Fwp%2Fv2%2Fmedia&parent=8942"}],"wp:term":[{"taxonomy":"category","embeddable":true,"href":"https:\/\/atecordoba.org\/index.php?rest_route=%2Fwp%2Fv2%2Fcategories&post=8942"},{"taxonomy":"post_tag","embeddable":true,"href":"https:\/\/atecordoba.org\/index.php?rest_route=%2Fwp%2Fv2%2Ftags&post=8942"}],"curies":[{"name":"wp","href":"https:\/\/api.w.org\/{rel}","templated":true}]}}