{"id":8926,"date":"2017-08-17T10:57:14","date_gmt":"2017-08-17T13:57:14","guid":{"rendered":"http:\/\/www.atecordoba.org\/?p=8926"},"modified":"2017-08-17T10:57:14","modified_gmt":"2017-08-17T13:57:14","slug":"de-cuanto-deberia-ser-el-salario-minimo","status":"publish","type":"post","link":"https:\/\/atecordoba.org\/?p=8926","title":{"rendered":"Informe: \u00bfde cu\u00e1nto deber\u00eda ser el salario m\u00ednimo?"},"content":{"rendered":"<p><em>Informe actualizado al 31 de julio redactado y compartido por los compa\u00f1eros y compa\u00f1eras de la Junta Interna de ATE INDEC. En C\u00f3rdoba alcanza los 21647 pesos,<\/em><\/p>\n<p><img loading=\"lazy\" decoding=\"async\" class=\"aligncenter size-full wp-image-8927\" src=\"http:\/\/www.atecordoba.org\/wp-content\/uploads\/2017\/08\/monedas-e1502977358242.jpg\" alt=\"\" width=\"550\" height=\"361\"><\/p>\n<p style=\"font-style: inherit; font-weight: inherit;\">Los trabajadores y trabajadoras del INDEC nucleados en ATE llevaron a cabo un informe sobre la situaci\u00f3n salarial del pa\u00eds. A continuaci\u00f3n, el informe completo, en base a la informaci\u00f3n disponible al 31 de julio de 2017.<\/p>\n<p style=\"font-style: inherit; font-weight: inherit;\"><span style=\"font-style: inherit; font-weight: inherit;\">En sus fundamentos, el informe elaborado por los compa\u00f1eros de la Junta Interna sostiene que la defensa del salario, aun luego de la \u2018falsa\u2019 discusi\u00f3n paritaria, requiere construir -y difundir- una referencia s\u00f3lida que ponga en conocimiento de las autoridades nacionales, provinciales y municipales, la necesidad de actualizar nuestros salarios. Frente a esta necesidad, se realiza un ejercicio de estimaci\u00f3n para acercarse a lo que ser\u00edan los valores actualmente requeridos para cubrir las necesidades de los trabajadores y trabajadoras y su n\u00facleo familiar.<\/span><\/p>\n<p style=\"font-style: inherit; font-weight: inherit;\">El resultado para un Hogar constituido por una pareja con dos hijos menores (1) es de $ 24.312,80 al 31 de julio de 2017 en Capital Federal y Gran Buenos Aires. En tanto, en C\u00f3rdoba el monto alcanza $21647,8, valor compuesto por $7194,5 (Canasta Alimentaria M\u00ednima) y $14453,3 (Otros bienes y Consumos M\u00ednimos). Este segmento &nbsp;de la informaci\u00f3n espec\u00edfica de nuestra provincia y la regi\u00f3n centro se denomina &#8216;pampeana&#8217; en las estimaciones del instituto de estad\u00edsticas nacional.&nbsp;<\/p>\n<p><img loading=\"lazy\" decoding=\"async\" class=\"aligncenter size-full wp-image-8928\" src=\"http:\/\/www.atecordoba.org\/wp-content\/uploads\/2017\/08\/canasta-julio-2017-region-pampeana-e1502977725352.png\" alt=\"\" width=\"550\" height=\"236\"><\/p>\n<p style=\"font-style: inherit; font-weight: inherit;\">Este es un ejercicio de estimaci\u00f3n donde se trata de utilizar informaci\u00f3n publicada y emplear metodolog\u00edas \u00fatiles para proveer las mejores aproximaciones posibles como referencia v\u00e1lida para la discusi\u00f3n salarial y otras necesidades de la sociedad.<\/p>\n<p style=\"font-style: inherit; font-weight: inherit;\">Las canastas utilizadas para este ejercicio son las llamadas \u2018Canastas de Consumos M\u00ednimos\u2019. Surgieron como propuesta metodol\u00f3gica innovadora en el INDEC, pero todav\u00eda no se han aplicado en las mediciones. NO son las habitualmente utilizadas para la medici\u00f3n de la Pobreza, que se siguen empleando para hacer comparables los datos y permitieron estimar un nivel de Pobreza en el 2\u00ba Semestre 2016 del 30,3%.<\/p>\n<p style=\"font-style: inherit; font-weight: inherit;\">Por lo tanto ambas canastas no deben verse como contrapuestas, sino como metodolog\u00edas diferentes pero compatibles entre s\u00ed.<\/p>\n<p style=\"font-style: inherit; font-weight: inherit;\">Pero en cualquier caso, ning\u00fan trabajador deber\u00eda ganar -de bolsillo- menos que el valor calculado en este ejercicio.<\/p>\n<p style=\"font-style: inherit; font-weight: inherit;\"><strong>Desarrollo del ejercicio<\/strong><\/p>\n<p style=\"font-style: inherit; font-weight: inherit;\">El presente ejercicio de estimaci\u00f3n se acerca a los valores requeridos para cubrir las necesidades de los trabajadores y trabajadoras y su n\u00facleo familiar.<\/p>\n<p style=\"font-style: inherit; font-weight: inherit;\">En ese contexto, la metodolog\u00eda del ejercicio aqu\u00ed presentado utiliza los siguientes elementos:<\/p>\n<p style=\"font-style: inherit; font-weight: inherit;\">&#8211; Los desarrollos metodol\u00f3gicos sobre canastas del INDEC previas a la intervenci\u00f3n, las Encuestas de Gasto de los Hogares, el \u00cdndice de Precios al Consumidor (IPC) y las Paridades de Poder de Compra del Consumidor (PPCC) realizados tambi\u00e9n con anterioridad a dicha intervenci\u00f3n.<\/p>\n<p style=\"font-style: inherit; font-weight: inherit;\">&#8211; La estructura de la Canasta relevada en el 2008 por la Direcci\u00f3n de Estad\u00edstica de la Ciudad y la metodolog\u00eda de actualizaci\u00f3n de la composici\u00f3n de la canasta utilizada y probada por ese equipo t\u00e9cnico, que replic\u00f3 y desarroll\u00f3 los avances que en INDEC se hab\u00edan iniciado.<\/p>\n<p style=\"font-style: inherit; font-weight: inherit;\">&#8211; Los datos del IPC actual (Regi\u00f3n GBA), en cuyo proceso trabajan nuestros compa\u00f1eros del \u00e1rea, y las metodolog\u00edas de determinaci\u00f3n de la Pobreza e Indigencia aplicadas hasta la irrupci\u00f3n de la intervenci\u00f3n en el INDEC y ahora tambi\u00e9n recuperadas.<\/p>\n<p style=\"font-style: inherit; font-weight: inherit;\">El ejercicio se realiz\u00f3 con el siguiente m\u00e9todo:<\/p>\n<ol>\n<li style=\"font-style: inherit; font-weight: inherit;\">a) Se considera una CANASTA ALIMENTARIA M\u00cdNIMA, una CANASTA DE OTROS BIENES Y SERVICIOS, y una CANASTA TOTAL actualizadas en cuanto a qu\u00e9 productos incluyen (2). Se trata de consumos m\u00ednimos, no de \u201c\u00f3ptimos\u201d o \u201cdeseables\u201d.<\/li>\n<li style=\"font-style: inherit; font-weight: inherit;\">b) Se determina el valor del \u201cadulto equivalente\u201d, unidad de medida que permite calcular las canastas para distintos tipos de hogares, teniendo en cuenta la cantidad de miembros, su edad y sexo.<\/li>\n<li style=\"font-style: inherit; font-weight: inherit;\">c) Se ampl\u00eda a las distintas regiones del pa\u00eds. La metodolog\u00eda tiene en cuenta la diferencia de precios entre las regiones.<\/li>\n<\/ol>\n<p style=\"font-style: inherit; font-weight: inherit;\"><strong>Resultados Regionales<\/strong><\/p>\n<p style=\"font-style: inherit; font-weight: inherit;\">Se debe tener en cuenta que:<\/p>\n<p style=\"font-style: inherit; font-weight: inherit;\">Las \u201cCanastas de Consumos M\u00ednimos\u201d NO implican un modelo de lo que ser\u00eda una canasta \u00f3ptima, deseable, (que no puede surgir de un an\u00e1lisis estad\u00edstico, sino de una discusi\u00f3n social m\u00e1s global acerca de los objetivos y valores a que se aspira). \u00c9stos son valores de m\u00ednima. Por eso mismo, ning\u00fan trabajador deber\u00eda ganar -de bolsillo- menos que el valor calculado en este ejercicio.<\/p>\n<p style=\"font-style: inherit; font-weight: inherit;\">ANEXO METODOL\u00d3GICO<\/p>\n<p style=\"font-style: inherit; font-weight: inherit;\">I- COMPOSICI\u00d3N DE LAS CANASTAS UTILIZADAS (3):<\/p>\n<ul>\n<li style=\"font-style: inherit; font-weight: inherit;\">Canasta de Bienes y Servicios Mensuales y Canasta Total<\/li>\n<li style=\"font-style: inherit; font-weight: inherit;\">Sistema de Canastas de Consumo. Noviembre 2011<\/li>\n<li style=\"font-style: inherit; font-weight: inherit;\">Canasta Alimentaria<\/li>\n<li style=\"font-style: inherit; font-weight: inherit;\">Alquileres<\/li>\n<li style=\"font-style: inherit; font-weight: inherit;\">Expensas<\/li>\n<li style=\"font-style: inherit; font-weight: inherit;\">Gas<\/li>\n<li style=\"font-style: inherit; font-weight: inherit;\">Electricidad<\/li>\n<li style=\"font-style: inherit; font-weight: inherit;\">Agua<\/li>\n<li style=\"font-style: inherit; font-weight: inherit;\">Transporte p\u00fablico<\/li>\n<li style=\"font-style: inherit; font-weight: inherit;\">Comunicaciones<\/li>\n<li style=\"font-style: inherit; font-weight: inherit;\">Canasta Alimentaria y de Servicios del Hogar<\/li>\n<li style=\"font-style: inherit; font-weight: inherit;\">Servicios para la educaci\u00f3n<\/li>\n<li style=\"font-style: inherit; font-weight: inherit;\">Textos y materiales escolares<\/li>\n<li style=\"font-style: inherit; font-weight: inherit;\">Art\u00edculos de limpieza<\/li>\n<li style=\"font-style: inherit; font-weight: inherit;\">Servicios de esparcimiento<\/li>\n<li style=\"font-style: inherit; font-weight: inherit;\">Bienes y servicios para el cuidado personal<\/li>\n<li style=\"font-style: inherit; font-weight: inherit;\">Canasta de Bienes y Servicios Mensual<\/li>\n<li style=\"font-style: inherit; font-weight: inherit;\">Indumentaria<\/li>\n<li style=\"font-style: inherit; font-weight: inherit;\">Salud<\/li>\n<li style=\"font-style: inherit; font-weight: inherit;\">Bienes durables para el equipamiento y mantenimiento de la vivienda<\/li>\n<\/ul>\n<p style=\"font-style: inherit; font-weight: inherit;\">Canasta total<\/p>\n<p style=\"font-style: inherit; font-weight: inherit;\">Fuente: Direcci\u00f3n General de Estad\u00edstica y Censos<\/p>\n<p style=\"font-style: inherit; font-weight: inherit;\">II- VALORES DE REFERENCIA:<\/p>\n<ol>\n<li style=\"font-style: inherit; font-weight: inherit;\">a) RELACI\u00d3N ENTRE CANASTA DE GBA Y CIUDAD DE BUENOS AIRES<\/li>\n<\/ol>\n<p style=\"font-style: inherit; font-weight: inherit;\">Canastas alimentarias, a\u00f1o 2005 (\u00faltimo disponible): $126,1 \/ $116,7 = 1,08<\/p>\n<ol>\n<li style=\"font-style: inherit; font-weight: inherit;\">b) CANASTAS REGIONALES<\/li>\n<\/ol>\n<p style=\"font-style: inherit; font-weight: inherit;\">Para el c\u00e1lculo de las Canastas Regionales se sigui\u00f3 la metodolog\u00eda de transici\u00f3n utilizada en la medici\u00f3n de la pobreza (4): se ajustan&nbsp; la Canasta B\u00e1sica de Alimentos (L\u00ednea de Indigencia) y la Canasta B\u00e1sica Total (L\u00ednea de pobreza) del Gran Buenos Aires, con los coeficientes por regi\u00f3n de Paridad de Precios de Compra del Consumidor (5), elaborados sobre la base de los precios relevados en las provincias.<\/p>\n<p style=\"font-style: inherit; font-weight: inherit;\">Paridades de Poder de Compra del Consumidor &#8211; Abril 2001<\/p>\n<p style=\"font-style: inherit; font-weight: inherit;\">Expresado en porcentajes del nivel de precios del Gran Buenos Aires<\/p>\n<p style=\"font-style: inherit; font-weight: inherit;\"><img loading=\"lazy\" decoding=\"async\" class=\"aligncenter size-full wp-image-8929\" src=\"http:\/\/www.atecordoba.org\/wp-content\/uploads\/2017\/08\/consumo-minimo-ATE-indec-2017-x-regiones-e1502977908573.png\" alt=\"\" width=\"550\" height=\"99\"><\/p>\n<p style=\"font-style: inherit; font-weight: inherit;\">(1) Matrimonio compuesto por dos adultos de 35 a\u00f1os con dos hijos varones de 6 y 9 a\u00f1os.<\/p>\n<p style=\"font-style: inherit; font-weight: inherit;\">(2) Ver anexo metodol\u00f3gico.<\/p>\n<p style=\"font-style: inherit; font-weight: inherit;\">(3) Canastas de Consumo de la Ciudad de Buenos Aires. Informe de resultados 489, DGEC, enero 2012.<\/p>\n<p style=\"font-style: inherit; font-weight: inherit;\">(4) Ver Metodolog\u00eda de transici\u00f3n para la ampliaci\u00f3n de las mediciones de Pobreza e Indigencia a las regiones estad\u00edsticas en \u201cIncidencia de la Pobreza y de la Indigencia\u201d, informe de prensa, INDEC, 2do semestre de 2006.<\/p>\n<p style=\"font-style: inherit; font-weight: inherit;\">(5) Ver informe metodol\u00f3gico \u201cParidades de poder de compra del consumidor\u201d. Direcci\u00f3n de \u00cdndices de Precios de Consumo, INDEC, febrero 2002.<\/p>\n","protected":false},"excerpt":{"rendered":"<p>Informe actualizado al 31 de julio redactado y compartido por los compa\u00f1eros y compa\u00f1eras de la Junta Interna de ATE INDEC. En C\u00f3rdoba alcanza los 21647 pesos, Los trabajadores y trabajadoras del INDEC nucleados en ATE llevaron a cabo un informe sobre la situaci\u00f3n salarial del pa\u00eds. A continuaci\u00f3n, el informe completo, en base a [&hellip;]<\/p>\n","protected":false},"author":1,"featured_media":19220,"comment_status":"open","ping_status":"open","sticky":false,"template":"","format":"standard","meta":{"_exactmetrics_skip_tracking":false,"_exactmetrics_sitenote_active":false,"_exactmetrics_sitenote_note":"","_exactmetrics_sitenote_category":0,"jnews-multi-image_gallery":[],"jnews_single_post":[],"jnews_primary_category":[],"jnews_social_meta":[],"jnews_review":[],"enable_review":"","type":"","name":"","summary":"","brand":"","sku":"","good":[],"bad":[],"score_override":"","override_value":"","rating":[],"price":[],"jnews_override_counter":[],"jnews_post_split":[],"footnotes":""},"categories":[125],"tags":[],"class_list":["post-8926","post","type-post","status-publish","format-standard","has-post-thumbnail","hentry","category-indec"],"jetpack_featured_media_url":"https:\/\/atecordoba.org\/wp-content\/uploads\/2020\/05\/logo-nuevochico-e1561581322808.png","_links":{"self":[{"href":"https:\/\/atecordoba.org\/index.php?rest_route=\/wp\/v2\/posts\/8926","targetHints":{"allow":["GET"]}}],"collection":[{"href":"https:\/\/atecordoba.org\/index.php?rest_route=\/wp\/v2\/posts"}],"about":[{"href":"https:\/\/atecordoba.org\/index.php?rest_route=\/wp\/v2\/types\/post"}],"author":[{"embeddable":true,"href":"https:\/\/atecordoba.org\/index.php?rest_route=\/wp\/v2\/users\/1"}],"replies":[{"embeddable":true,"href":"https:\/\/atecordoba.org\/index.php?rest_route=%2Fwp%2Fv2%2Fcomments&post=8926"}],"version-history":[{"count":0,"href":"https:\/\/atecordoba.org\/index.php?rest_route=\/wp\/v2\/posts\/8926\/revisions"}],"wp:featuredmedia":[{"embeddable":true,"href":"https:\/\/atecordoba.org\/index.php?rest_route=\/wp\/v2\/media\/19220"}],"wp:attachment":[{"href":"https:\/\/atecordoba.org\/index.php?rest_route=%2Fwp%2Fv2%2Fmedia&parent=8926"}],"wp:term":[{"taxonomy":"category","embeddable":true,"href":"https:\/\/atecordoba.org\/index.php?rest_route=%2Fwp%2Fv2%2Fcategories&post=8926"},{"taxonomy":"post_tag","embeddable":true,"href":"https:\/\/atecordoba.org\/index.php?rest_route=%2Fwp%2Fv2%2Ftags&post=8926"}],"curies":[{"name":"wp","href":"https:\/\/api.w.org\/{rel}","templated":true}]}}