{"id":8922,"date":"2017-08-17T11:47:54","date_gmt":"2017-08-17T14:47:54","guid":{"rendered":"http:\/\/www.atecordoba.org\/?p=8922"},"modified":"2017-08-17T11:47:54","modified_gmt":"2017-08-17T14:47:54","slug":"san-marcos-sierra-la-municipalidad-modifico-el-estatuto-a-propuesta-de-ate","status":"publish","type":"post","link":"https:\/\/atecordoba.org\/?p=8922","title":{"rendered":"San Marcos Sierra: la Municipalidad modific\u00f3 el estatuto a propuesta de ATE"},"content":{"rendered":"<p><em>El Concejo Deliberante aprob\u00f3 una ordenanza que modifica el estatuto de los municipales y restablece los concursos para pasar a planta permanente.<\/em><\/p>\n<p><img loading=\"lazy\" decoding=\"async\" class=\"aligncenter size-full wp-image-8924\" src=\"http:\/\/www.atecordoba.org\/wp-content\/uploads\/2017\/08\/ordenanza-836_17_1-e1502812267889.jpg\" alt=\"\" width=\"422\" height=\"550\"><\/p>\n<p>Tras los planteos realizados por ATE en el marco de la mesa de relaciones laborales que creo el a\u00f1o pasado la Municipalidad de San Marcos Sierra, el Consejo Deliberante modific\u00f3 el estatuto de los trabajadores municipales a trav\u00e9s de la ordenanza 836\/17, aprobada el 27 de julio pasado.<\/p>\n<p>La norma restablece los concursos para que los trabajadores accedan a la planta permanente del municipio que hab\u00eda sido derogada por la gesti\u00f3n anterior para tener las manos libres para designar los trabajadores arbitrariamente.<\/p>\n<p>Ante el acuerdo de ATE con la municipalidad para realizar el pase a planta de 14 compa\u00f1eros, el ejecutivo se vio en la obligaci\u00f3n de modificar el estatuto para recobrar las bases y condiciones para poder llevar adelante los nombramientos.<\/p>\n<p><img loading=\"lazy\" decoding=\"async\" class=\"aligncenter size-full wp-image-8923\" src=\"http:\/\/www.atecordoba.org\/wp-content\/uploads\/2017\/08\/ordenanza-836_17_2-e1502812290424.jpg\" alt=\"\" width=\"422\" height=\"550\"><\/p>\n<p>&nbsp;<\/p>\n<p>ATE elabor\u00f3 un proyecto puntualizando los requisitos para poder ingresar a la planta de dicho municipio. Participaron en el desarrollo del proyecto los delegados de ATE Juan Moreno &nbsp;y Antonio Tulian, en tanto por el Consejo Directivo Provincial integraron el equipo el secretario Adjunto, Luis Barcena, de Interior Alejandro Murua, y vocal Alejandro Charra, como integrante de los equipos paritarios nacionales<\/p>\n<p>Analizados por el Consejo Deliberante terminaron siendo adoptados por las nueva ordenanza que tambi\u00e9n instituy\u00f3 tambi\u00e9n la comisi\u00f3n permanente de interpretaci\u00f3n de relaciones laborales.<\/p>\n<p>Por medio de dicha comisi\u00f3n se elev\u00f3 el proyecto la metodolog\u00eda para realizar concurso, a trav\u00e9s de puntajes en funci\u00f3n de su desempe\u00f1o, estudios y capacitaci\u00f3n y antig\u00fcedad.<\/p>\n","protected":false},"excerpt":{"rendered":"<p>El Concejo Deliberante aprob\u00f3 una ordenanza que modifica el estatuto de los municipales y restablece los concursos para pasar a planta permanente. Tras los planteos realizados por ATE en el marco de la mesa de relaciones laborales que creo el a\u00f1o pasado la Municipalidad de San Marcos Sierra, el Consejo Deliberante modific\u00f3 el estatuto de [&hellip;]<\/p>\n","protected":false},"author":1,"featured_media":19220,"comment_status":"open","ping_status":"open","sticky":false,"template":"","format":"standard","meta":{"_exactmetrics_skip_tracking":false,"_exactmetrics_sitenote_active":false,"_exactmetrics_sitenote_note":"","_exactmetrics_sitenote_category":0,"jnews-multi-image_gallery":[],"jnews_single_post":[],"jnews_primary_category":[],"jnews_social_meta":[],"jnews_review":[],"enable_review":"","type":"","name":"","summary":"","brand":"","sku":"","good":[],"bad":[],"score_override":"","override_value":"","rating":[],"price":[],"jnews_override_counter":[],"jnews_post_split":[],"footnotes":""},"categories":[20],"tags":[],"class_list":["post-8922","post","type-post","status-publish","format-standard","has-post-thumbnail","hentry","category-municipales"],"jetpack_featured_media_url":"https:\/\/atecordoba.org\/wp-content\/uploads\/2020\/05\/logo-nuevochico-e1561581322808.png","_links":{"self":[{"href":"https:\/\/atecordoba.org\/index.php?rest_route=\/wp\/v2\/posts\/8922","targetHints":{"allow":["GET"]}}],"collection":[{"href":"https:\/\/atecordoba.org\/index.php?rest_route=\/wp\/v2\/posts"}],"about":[{"href":"https:\/\/atecordoba.org\/index.php?rest_route=\/wp\/v2\/types\/post"}],"author":[{"embeddable":true,"href":"https:\/\/atecordoba.org\/index.php?rest_route=\/wp\/v2\/users\/1"}],"replies":[{"embeddable":true,"href":"https:\/\/atecordoba.org\/index.php?rest_route=%2Fwp%2Fv2%2Fcomments&post=8922"}],"version-history":[{"count":0,"href":"https:\/\/atecordoba.org\/index.php?rest_route=\/wp\/v2\/posts\/8922\/revisions"}],"wp:featuredmedia":[{"embeddable":true,"href":"https:\/\/atecordoba.org\/index.php?rest_route=\/wp\/v2\/media\/19220"}],"wp:attachment":[{"href":"https:\/\/atecordoba.org\/index.php?rest_route=%2Fwp%2Fv2%2Fmedia&parent=8922"}],"wp:term":[{"taxonomy":"category","embeddable":true,"href":"https:\/\/atecordoba.org\/index.php?rest_route=%2Fwp%2Fv2%2Fcategories&post=8922"},{"taxonomy":"post_tag","embeddable":true,"href":"https:\/\/atecordoba.org\/index.php?rest_route=%2Fwp%2Fv2%2Ftags&post=8922"}],"curies":[{"name":"wp","href":"https:\/\/api.w.org\/{rel}","templated":true}]}}