{"id":8918,"date":"2017-08-17T11:48:36","date_gmt":"2017-08-17T14:48:36","guid":{"rendered":"http:\/\/www.atecordoba.org\/?p=8918"},"modified":"2017-08-17T11:48:36","modified_gmt":"2017-08-17T14:48:36","slug":"dia-del-nino-los-hijos-de-los-afiliados-de-ate-celebraron-en-cruz-del-eje","status":"publish","type":"post","link":"https:\/\/atecordoba.org\/?p=8918","title":{"rendered":"D\u00eda del Ni\u00f1o: los hijos de los afiliados de ATE celebraron en Cruz del Eje"},"content":{"rendered":"<p><em>Se realiz\u00f3 un festejo masivo el s\u00e1bado pasado.<\/em><\/p>\n<p><img loading=\"lazy\" decoding=\"async\" class=\"aligncenter size-full wp-image-8919\" src=\"http:\/\/www.atecordoba.org\/wp-content\/uploads\/2017\/08\/IMG-20170813-WA0030-Copia-e1502812078247.jpg\" alt=\"\" width=\"550\" height=\"309\"><\/p>\n<p>El cuerpo de delegados de ATE Cruz del Eje organiz\u00f3 el s\u00e1bado pasado el festejo anticipado del D\u00eda del Ni\u00f1o. El acto se realiz\u00f3 junto a la Fiesta Nacional del Sol y el cuerpo de bomberos de la ciudad.<\/p>\n<p>Los bomberos realizaron destrezas para deleite de los hijos de los afiliados, que recibieron regalos y golosinas para celebrar su d\u00eda. Tambi\u00e9n participaron de las actividades celebratorias la Banda de M\u00fasica del Servicio Penitenciario y el grupo de baile coreogr\u00e1fico de barrio Camino a la Playa.<\/p>\n<p><img loading=\"lazy\" decoding=\"async\" class=\"aligncenter size-full wp-image-8920\" src=\"http:\/\/www.atecordoba.org\/wp-content\/uploads\/2017\/08\/IMG-20170814-WA0011-e1502812108768.jpg\" alt=\"\" width=\"550\" height=\"413\"><\/p>\n<p>Disfrutaron de la actividad los hijos de compa\u00f1eros que se desempe\u00f1an en la Municipalidad de Cruz del Eje, Inti, Inta, junto a municipales de San Marcos Sierra y Villa de Soto. En la oportunidad estuvieron presentes el secretario Adjunto del CDP, Lu\u00eds Barcena, junto al secretario de Interior, Alejandro Mur\u00faa.<\/p>\n","protected":false},"excerpt":{"rendered":"<p>Se realiz\u00f3 un festejo masivo el s\u00e1bado pasado. El cuerpo de delegados de ATE Cruz del Eje organiz\u00f3 el s\u00e1bado pasado el festejo anticipado del D\u00eda del Ni\u00f1o. El acto se realiz\u00f3 junto a la Fiesta Nacional del Sol y el cuerpo de bomberos de la ciudad. Los bomberos realizaron destrezas para deleite de los [&hellip;]<\/p>\n","protected":false},"author":1,"featured_media":19220,"comment_status":"open","ping_status":"open","sticky":false,"template":"","format":"standard","meta":{"_exactmetrics_skip_tracking":false,"_exactmetrics_sitenote_active":false,"_exactmetrics_sitenote_note":"","_exactmetrics_sitenote_category":0,"jnews-multi-image_gallery":[],"jnews_single_post":[],"jnews_primary_category":[],"jnews_social_meta":[],"jnews_review":[],"enable_review":"","type":"","name":"","summary":"","brand":"","sku":"","good":[],"bad":[],"score_override":"","override_value":"","rating":[],"price":[],"jnews_override_counter":[],"jnews_post_split":[],"footnotes":""},"categories":[75,20],"tags":[],"class_list":["post-8918","post","type-post","status-publish","format-standard","has-post-thumbnail","hentry","category-accion-social","category-municipales"],"jetpack_featured_media_url":"https:\/\/atecordoba.org\/wp-content\/uploads\/2020\/05\/logo-nuevochico-e1561581322808.png","_links":{"self":[{"href":"https:\/\/atecordoba.org\/index.php?rest_route=\/wp\/v2\/posts\/8918","targetHints":{"allow":["GET"]}}],"collection":[{"href":"https:\/\/atecordoba.org\/index.php?rest_route=\/wp\/v2\/posts"}],"about":[{"href":"https:\/\/atecordoba.org\/index.php?rest_route=\/wp\/v2\/types\/post"}],"author":[{"embeddable":true,"href":"https:\/\/atecordoba.org\/index.php?rest_route=\/wp\/v2\/users\/1"}],"replies":[{"embeddable":true,"href":"https:\/\/atecordoba.org\/index.php?rest_route=%2Fwp%2Fv2%2Fcomments&post=8918"}],"version-history":[{"count":0,"href":"https:\/\/atecordoba.org\/index.php?rest_route=\/wp\/v2\/posts\/8918\/revisions"}],"wp:featuredmedia":[{"embeddable":true,"href":"https:\/\/atecordoba.org\/index.php?rest_route=\/wp\/v2\/media\/19220"}],"wp:attachment":[{"href":"https:\/\/atecordoba.org\/index.php?rest_route=%2Fwp%2Fv2%2Fmedia&parent=8918"}],"wp:term":[{"taxonomy":"category","embeddable":true,"href":"https:\/\/atecordoba.org\/index.php?rest_route=%2Fwp%2Fv2%2Fcategories&post=8918"},{"taxonomy":"post_tag","embeddable":true,"href":"https:\/\/atecordoba.org\/index.php?rest_route=%2Fwp%2Fv2%2Ftags&post=8918"}],"curies":[{"name":"wp","href":"https:\/\/api.w.org\/{rel}","templated":true}]}}