{"id":8909,"date":"2017-08-11T15:40:52","date_gmt":"2017-08-11T18:40:52","guid":{"rendered":"http:\/\/www.atecordoba.org\/?p=8909"},"modified":"2017-08-11T15:40:52","modified_gmt":"2017-08-11T18:40:52","slug":"el-foro-cordoba-solidaria-realizo-ayer-un-acampe-en-reclamo-de-mejoras-en-las-jubilaciones","status":"publish","type":"post","link":"https:\/\/atecordoba.org\/?p=8909","title":{"rendered":"El Foro C\u00f3rdoba Solidaria realiz\u00f3 ayer un acampe en reclamo de mejoras en las jubilaciones"},"content":{"rendered":"<p><em>Se trata de un espacio presentado hace dos semanas en Luz y Fuerza que agrupa a gremios, sectores sociales, territoriales y vecinales. ATE estuvo presente participando en la lucha.<\/em><\/p>\n<p><img loading=\"lazy\" decoding=\"async\" class=\"aligncenter size-full wp-image-8916\" src=\"http:\/\/www.atecordoba.org\/wp-content\/uploads\/2017\/08\/cacho3-e1502471225321.jpg\" alt=\"\" width=\"550\" height=\"330\"><\/p>\n<p>El acampe se desarroll\u00f3 desde media ma\u00f1ana hasta las 17, cuando el fri\u00f3 empez\u00f3 a golpear a los presentes. Se trata de una iniciativa que tiene vocaci\u00f3n superadora de las diferencias organizativas que enfrentamos los trabajadores a la hora de plantear luchas concretas sobre problem\u00e1tica que afectan en com\u00fan a trabajadores y jubilados.<\/p>\n<p><img loading=\"lazy\" decoding=\"async\" class=\"aligncenter size-full wp-image-8911\" src=\"http:\/\/www.atecordoba.org\/wp-content\/uploads\/2017\/08\/juntos-e1502471295959.jpeg\" alt=\"\" width=\"550\" height=\"413\"><\/p>\n<p>Tal como explic\u00f3 Miguel Berrotar\u00e1n, uno de los integrantes de la mesa de conducci\u00f3n del espacio, el Foro C\u00f3rdoba Solidaria \u201ces una organizaci\u00f3n que agrupa sectores sociales, gremiales, vecinales y previsionales, que nos juntamos para visibilizar los problemas que tenemos y que no han sido respondidos de parte de los gobernantes\u201d.<\/p>\n<p><img loading=\"lazy\" decoding=\"async\" class=\"aligncenter size-full wp-image-8913\" src=\"http:\/\/www.atecordoba.org\/wp-content\/uploads\/2017\/08\/secondino-e1502471319140.jpeg\" alt=\"\" width=\"550\" height=\"309\"><\/p>\n<p>En la oportunidad, estuvo presente nuestro compa\u00f1ero Oscar Cacho Mengarelli, que integra el Foro y es referente del Centro Nacional de Jubilados de ATE. Tambi\u00e9n acompa\u00f1aron la actividad integrantes de la Comisi\u00f3n Directiva de ATE C\u00f3rdoba Walter Secondino, V\u00edctor Lecuona, Daniel Pawluchuzk, Raul Brangi y Fernando Castro.<\/p>\n<p><img loading=\"lazy\" decoding=\"async\" class=\"aligncenter size-full wp-image-8914\" src=\"http:\/\/www.atecordoba.org\/wp-content\/uploads\/2017\/08\/cacho-e1502471390458.jpg\" alt=\"\" width=\"550\" height=\"330\"><\/p>\n<p>La protesta tiene como ejes reivindicativos, entre otras cosas, el cese de la intervenci\u00f3n a la Caja de Jubilaciones.\u201d Tambi\u00e9n llevamos los reclamos salariales a nivel provincial y nacional para recibir una jubilaci\u00f3n b\u00e1sica de 15 mil pesos, pedimos el defensor para la tercera edad de la provincia de C\u00f3rdoba. Asimismo esta es una protesta en contra de los tarifazos, que afectan a la gente com\u00fan. Y dentro de esa gente com\u00fan est\u00e1n los trabajadores, los j\u00f3venes, los jubilados, todos los sectores que hoy nos est\u00e1n acompa\u00f1ando en esta lucha\u201d, concluy\u00f3 Berrotar\u00e1n.<\/p>\n","protected":false},"excerpt":{"rendered":"<p>Se trata de un espacio presentado hace dos semanas en Luz y Fuerza que agrupa a gremios, sectores sociales, territoriales y vecinales. ATE estuvo presente participando en la lucha. El acampe se desarroll\u00f3 desde media ma\u00f1ana hasta las 17, cuando el fri\u00f3 empez\u00f3 a golpear a los presentes. Se trata de una iniciativa que tiene [&hellip;]<\/p>\n","protected":false},"author":1,"featured_media":19220,"comment_status":"open","ping_status":"open","sticky":false,"template":"","format":"standard","meta":{"_exactmetrics_skip_tracking":false,"_exactmetrics_sitenote_active":false,"_exactmetrics_sitenote_note":"","_exactmetrics_sitenote_category":0,"jnews-multi-image_gallery":[],"jnews_single_post":[],"jnews_primary_category":[],"jnews_social_meta":[],"jnews_review":[],"enable_review":"","type":"","name":"","summary":"","brand":"","sku":"","good":[],"bad":[],"score_override":"","override_value":"","rating":[],"price":[],"jnews_override_counter":[],"jnews_post_split":[],"footnotes":""},"categories":[1],"tags":[],"class_list":["post-8909","post","type-post","status-publish","format-standard","has-post-thumbnail","hentry","category-sin-categoria"],"jetpack_featured_media_url":"https:\/\/atecordoba.org\/wp-content\/uploads\/2020\/05\/logo-nuevochico-e1561581322808.png","_links":{"self":[{"href":"https:\/\/atecordoba.org\/index.php?rest_route=\/wp\/v2\/posts\/8909","targetHints":{"allow":["GET"]}}],"collection":[{"href":"https:\/\/atecordoba.org\/index.php?rest_route=\/wp\/v2\/posts"}],"about":[{"href":"https:\/\/atecordoba.org\/index.php?rest_route=\/wp\/v2\/types\/post"}],"author":[{"embeddable":true,"href":"https:\/\/atecordoba.org\/index.php?rest_route=\/wp\/v2\/users\/1"}],"replies":[{"embeddable":true,"href":"https:\/\/atecordoba.org\/index.php?rest_route=%2Fwp%2Fv2%2Fcomments&post=8909"}],"version-history":[{"count":0,"href":"https:\/\/atecordoba.org\/index.php?rest_route=\/wp\/v2\/posts\/8909\/revisions"}],"wp:featuredmedia":[{"embeddable":true,"href":"https:\/\/atecordoba.org\/index.php?rest_route=\/wp\/v2\/media\/19220"}],"wp:attachment":[{"href":"https:\/\/atecordoba.org\/index.php?rest_route=%2Fwp%2Fv2%2Fmedia&parent=8909"}],"wp:term":[{"taxonomy":"category","embeddable":true,"href":"https:\/\/atecordoba.org\/index.php?rest_route=%2Fwp%2Fv2%2Fcategories&post=8909"},{"taxonomy":"post_tag","embeddable":true,"href":"https:\/\/atecordoba.org\/index.php?rest_route=%2Fwp%2Fv2%2Ftags&post=8909"}],"curies":[{"name":"wp","href":"https:\/\/api.w.org\/{rel}","templated":true}]}}