{"id":8897,"date":"2017-08-09T17:24:58","date_gmt":"2017-08-09T20:24:58","guid":{"rendered":"http:\/\/www.atecordoba.org\/?p=8897"},"modified":"2017-08-09T17:24:58","modified_gmt":"2017-08-09T20:24:58","slug":"los-trabajadores-del-inti-denuncian-precarizacion-y-persecucion-sindical","status":"publish","type":"post","link":"https:\/\/atecordoba.org\/?p=8897","title":{"rendered":"Los trabajadores del INTI denuncian precarizaci\u00f3n y persecuci\u00f3n sindical"},"content":{"rendered":"<p><em>Los trabajadores de Instituto Nacional de Tecnolog\u00eda Industrial realizaron una nutrida concentraci\u00f3n en la puerta principal del organismo, en Avenida Constituyentes las 5400, y una conferencia de prensa encabezada por los dirigentes de la Junta Interna de ATE y del Consejo Directivo Nacional de la Asociaci\u00f3n Trabajadores del Estado para denunciar desv\u00edo de fondos, emergencia en seguridad e higiene y el petitorio de reclamos que espera respuesta desde marzo. <\/em><\/p>\n<p><img loading=\"lazy\" decoding=\"async\" class=\"aligncenter size-full wp-image-8898\" src=\"http:\/\/www.atecordoba.org\/wp-content\/uploads\/2017\/08\/10306_5550-e1502310186188.jpg\" alt=\"\" width=\"550\" height=\"309\"><\/p>\n<p>Adem\u00e1s, hicieron p\u00fablicas las pr\u00e1cticas de persecuci\u00f3n gremial que el directorio del INTI aplica sobre los delegados como falsificaci\u00f3n de actas de ausencia y pedidos de licencia para que los descuentos salariales no aparezcan como represalias gremiales; aprietes; y violaciones al convenio colectivo.<\/p>\n<p>El Secretario General de ATE Nacional, Hugo Cachorro Godoy, fue el encargado de dar cierre a la actividad. Durante su exposici\u00f3n destac\u00f3 la participaci\u00f3n de los trabajadores en la actividad: \u201cel accionar permanente del gobierno es dividir, romper el v\u00ednculo entre los trabajadores, y entre los trabajadores y la sociedad. La presencia de ustedes a pesar de esta maniobra vergonzosa de cerrar las puertas que, recuerdan los compa\u00f1eros mas memoriosos, no sucedi\u00f3 algo as\u00ed ni a\u00fan en la dictadura, esto muestra simb\u00f3licamente como est\u00e1n relacionados con la historia de represi\u00f3n y como est\u00e1n dispuestos a romper cualquier l\u00edmite\u201d.<\/p>\n<p>La Secretaria Gremial de la Junta Interna ATE-INTI, Giselle Santana, explico que en un hecho in\u00e9dito en los 60 a\u00f1os de vida del Instituto, referente para la industria, su presidente Ingeniero Javier Ib\u00e1\u00f1ez dio asueto general y emiti\u00f3 la orden de clausurar la entrada de la sede central impidiendo el ingreso a los 2100 trabajadores de la ciencia y la t\u00e9cnica que cumplen tareas en la instituci\u00f3n, para debilitar el alcance de la medida de fuerza y de la actividad p\u00fablica. El argumento oficial fue un corte total de agua en las instalaciones, aunque los trabajadores pudieron comprobar que el suministro funcion\u00f3 correctamente durante toda la jornada.<\/p>\n<p>Adem\u00e1s, trabajadoras y trabajadores, delegados y referentes de distintas agrupaciones presentes en el INTI, explican que el cierre intempestivo sin aviso previo perjudica y complica procesos cient\u00edficos e investigativos en curso, porque hay desarrollos que no se pueden interrumpir, hay maquinas que no deben permanecer prendidas durante 48 horas, etc., paro aun as\u00ed los trabajadores que quisieron entrar se encontraron con el port\u00f3n cerrado y custodiado. &nbsp;<\/p>\n<p>Hugo Godoy le puso voz al reclamo que los trabajadores vienen sosteniendo desde el a\u00f1o pasado: \u201cno solamente estamos denunciando atropellos y violaciones al derecho sindical, sino tambi\u00e9n el vaciamiento del organismo y la intenci\u00f3n ponerlo al servicio, no del desarrollo&nbsp; tecnol\u00f3gico, del cocimiento cient\u00edfico, de las peque\u00f1as y medianas empresas, sino la utilizaci\u00f3n del Estado para que esos recursos se pongan al servicio de empresas tras nacionales y de amigos del gobierno. En INTI se est\u00e1 vaciando el departamento de obras mientras se tercerizan obras con empresas de socios de los funcionarios\u201d.<\/p>\n<p><img loading=\"lazy\" decoding=\"async\" class=\"aligncenter size-full wp-image-8899\" src=\"http:\/\/www.atecordoba.org\/wp-content\/uploads\/2017\/08\/388dfe1d99019670ab9aad16d021b609_m-e1502310206590.jpg\" alt=\"\" width=\"550\" height=\"309\"><\/p>\n<p>Los delegados gremiales calificaron la acci\u00f3n del directorio como un&nbsp;<em style=\"font-style: inherit; font-weight: inherit;\">lockout patronal&nbsp;<\/em>en un organismo p\u00fablico, y ampliaron las denuncias por corrupci\u00f3n en la adjudicaci\u00f3n de obras y el manejo del presupuesto del Instituto<\/p>\n<p>Encabezaron la conferencia de prensa Francisco Dolmann, Secretario General de la Junta Interna ATE INTI e integrante de ATE CDN,&nbsp; Giselle Santana ATE INTI, y los dirigentes de ATE Nacional Pablo Spataro, Rodolfo Kempf. Adem\u00e1s participaron el candidato del FIT N\u00e9stor Pitrola, y el candidato de Izquierda al Frente, Alejandro Bodart.<\/p>\n<p>Para finalizar, Godoy relacion\u00f3 la situaci\u00f3n en el organismo de industria con la actualidad a nivel nacional: \u201cmientras se llenan la boca diciendo que hay que reducir gastos en el Estado utilizan los recursos que utilizan para movilizar m\u00e1s de 15 m\u00f3viles policiales, un tanque, carros de asalto, motos, perros, para rodear e intimidar a los trabajadores mientras estamos realizando una medida de fuerza. Plata del Estado para gastar en represi\u00f3n, la utilizan sin l\u00edmites; recursos para fomentar el desarrollo del conocimiento propio, no hay de parte del Estado. Esta tercera reforma del Estado que est\u00e1n aplicando es la demostraci\u00f3n m\u00e1s cabal de que el objetivo es poner el Estado al servicio del enriquecimiento de unos pocos y de la capacidad represiva y de control social, sobre la demanda de las mayor\u00edas\u201d.<\/p>\n<p>Todos los dirigentes presentes reclamaron la&nbsp;<b><strong style=\"font-style: inherit;\">APARICION CON VIDA DE SANTIAGO MALDONADO<\/strong><\/b>, el joven desaparecido hace 7 d\u00edas durante la represi\u00f3n de gendarmer\u00eda al predio de una comunidad mapuche en Chubut<\/p>\n<p>En el inicio de la actividad, se ley\u00f3 el comunicado de la Junta Interna ATE-INTI:<\/p>\n<p><b><strong style=\"font-style: inherit;\"><em style=\"font-style: inherit; font-weight: inherit;\">Persecuci\u00f3n sindical, precarizaci\u00f3n laboral y corrupci\u00f3n en el INTI<\/em><\/strong><\/b><\/p>\n<p><b><strong style=\"font-style: inherit;\"><em style=\"font-style: inherit; font-weight: inherit;\">L<\/em><\/strong><\/b><em style=\"font-style: inherit; font-weight: inherit;\">os trabajadores y trabajadoras del INTI hemos resuelto en una masiva asamblea llevar adelante este paro y conferencia de prensa para denunciar la dif\u00edcil situaci\u00f3n que venimos atravesando en el Instituto.<\/em><\/p>\n<p><em style=\"font-style: inherit; font-weight: inherit;\">Sabemos que esto no escapa al ataque generalizado que est\u00e1 sufriendo la clase trabajadora en general, los estatales en particular, y en este marco, los organismos de Ciencia y Tecnolog\u00eda como el nuestro, que desde la asunci\u00f3n de Mauricio Macri, han sufrido despidos masivos, vaciamiento, el desguace del Conicet y la profundizaci\u00f3n de la pol\u00edtica de que los cient\u00edficos vayamos \u201ca lavar los platos\u201d.<\/em><\/p>\n<p><em style=\"font-style: inherit; font-weight: inherit;\">Este ataque no podr\u00eda llevarse adelante sin una pol\u00edtica sistem\u00e1tica de ataque a las organizaciones sindicales, denunciadas por el gobierno como \u201cmafias\u201d. Las y los trabajadores tenemos mucho que decir sobre los dirigentes sindicales, imaginen sino lo que los estatales podemos denunciar sobre Andr\u00e9s Rodr\u00edguez, hist\u00f3rico dirigente de UPCN, millonario, criador de caballos, eterno oficialista y firmador serial de paritarias a la baja. Pero no por eso nos confundimos. Una cosa son los dirigentes y otras nuestras organizaciones, herramientas de lucha y organizaci\u00f3n, sin las cuales quedamos indefensos ante el avance sobre nuestros derechos laborales.<\/em><\/p>\n<p><em style=\"font-style: inherit; font-weight: inherit;\">Este ataque tambi\u00e9n se est\u00e1 llevando adelante en INTI contra la Junta Interna y los delegados de ATE. El mismo comenz\u00f3 con la impugnaci\u00f3n de las elecciones celebradas en diciembre de 2016, sigui\u00f3 con la censura a la casilla de mail de la Junta Interna y de las y los delegados para entorpecer la comunicaci\u00f3n con los trabajadores, sigui\u00f3 con la injerencia de la patronal en el uso de las comisiones gremiales, y tuvo su corolario con un hecho grav\u00edsimo, la violaci\u00f3n de las cuentas personales de los delegados, Mi INTI, para gestionar falsas licencias sin goce de sueldo, con el fin de descontar el d\u00eda de paro del 13 de julio. El gerente de Recursos Humanos, Ernesto Luna, lleg\u00f3 al colmo de cometer un delito, como la usurpaci\u00f3n de la identidad de los delegados para \u201ccastigarnos\u201d por una medida de fuerza completamente leg\u00edtima.<\/em><\/p>\n<p><em style=\"font-style: inherit; font-weight: inherit;\">Estas medidas de fuerza no son caprichosas, responden a la sistem\u00e1tica violaci\u00f3n del Convenio Colectivo de Trabajo por parte de las autoridades, a la cada vez mayor precarizaci\u00f3n laboral, al atraso salarial y a la imposici\u00f3n del presentismo, un intento disciplinador y flexibilizador que castiga principalmente a las mujeres trabajadoras.<\/em><\/p>\n<p><em style=\"font-style: inherit; font-weight: inherit;\">A todo esto se suma el manejo absolutamente discrecional de fondos p\u00fablicos, para lo que se han creado sectores \u201cparalelos\u201d, en \u00e1reas m\u00e1s que sensibles en la Instituci\u00f3n, como la Gerencia de Finanzas y la de Infraestructura y Obras. Hay 20 obras en proceso en el INTI, que se realizan sin el necesario control en cuanto a la seguridad, sin ning\u00fan tipo de criterio de prioridad, sin que las licitaciones sean llevadas adelante por los profesionales de carrera del organismo.<\/em><\/p>\n<p><em style=\"font-style: inherit; font-weight: inherit;\">Este desmanejo se evidenci\u00f3 dram\u00e1ticamente con el incendio de un laboratorio del Centro de Procesos Superficiales, edificio que ha sido denunciado durante a\u00f1os por el riesgo el\u00e9ctrico y las filtraciones del techo, pero en lugar de atender esa emergencia, se usan los fondos p\u00fablicos para la construcci\u00f3n de un parque en la entrada del Parque Tecnol\u00f3gico.<\/em><\/p>\n<p><em style=\"font-style: inherit; font-weight: inherit;\">Hacemos p\u00fablica esta situaci\u00f3n porque creemos que afecta a toda la sociedad. El INTI es un organismo de gran impacto en la calidad de vida y la seguridad de la poblaci\u00f3n, por los controles, certificaciones e investigaciones que aqu\u00ed se desarrollan.<\/em><\/p>\n<p><em style=\"font-style: inherit; font-weight: inherit;\"><span style=\"font-style: inherit; font-weight: inherit;\">Por eso apelamos a la solidaridad de toda la poblaci\u00f3n trabajadora, al compromiso de los medios para denunciar estos atropellos, y exigimos al Gobierno Nacional y a las autoridades del INTI que terminen con estas pr\u00e1cticas y estos atropellos a nuestros derechos, que cumplan con las demandas planteadas desde el mes de marzo por las y los trabajadores, y que respeten la autonom\u00eda sindical y la organizaci\u00f3n independiente de las y los trabajadores<\/span><\/em><\/p>\n","protected":false},"excerpt":{"rendered":"<p>Los trabajadores de Instituto Nacional de Tecnolog\u00eda Industrial realizaron una nutrida concentraci\u00f3n en la puerta principal del organismo, en Avenida Constituyentes las 5400, y una conferencia de prensa encabezada por los dirigentes de la Junta Interna de ATE y del Consejo Directivo Nacional de la Asociaci\u00f3n Trabajadores del Estado para denunciar desv\u00edo de fondos, emergencia [&hellip;]<\/p>\n","protected":false},"author":1,"featured_media":19220,"comment_status":"open","ping_status":"open","sticky":false,"template":"","format":"standard","meta":{"_exactmetrics_skip_tracking":false,"_exactmetrics_sitenote_active":false,"_exactmetrics_sitenote_note":"","_exactmetrics_sitenote_category":0,"jnews-multi-image_gallery":[],"jnews_single_post":[],"jnews_primary_category":[],"jnews_social_meta":[],"jnews_review":[],"enable_review":"","type":"","name":"","summary":"","brand":"","sku":"","good":[],"bad":[],"score_override":"","override_value":"","rating":[],"price":[],"jnews_override_counter":[],"jnews_post_split":[],"footnotes":""},"categories":[100,18],"tags":[],"class_list":["post-8897","post","type-post","status-publish","format-standard","has-post-thumbnail","hentry","category-inti","category-nacionales"],"jetpack_featured_media_url":"https:\/\/atecordoba.org\/wp-content\/uploads\/2020\/05\/logo-nuevochico-e1561581322808.png","_links":{"self":[{"href":"https:\/\/atecordoba.org\/index.php?rest_route=\/wp\/v2\/posts\/8897","targetHints":{"allow":["GET"]}}],"collection":[{"href":"https:\/\/atecordoba.org\/index.php?rest_route=\/wp\/v2\/posts"}],"about":[{"href":"https:\/\/atecordoba.org\/index.php?rest_route=\/wp\/v2\/types\/post"}],"author":[{"embeddable":true,"href":"https:\/\/atecordoba.org\/index.php?rest_route=\/wp\/v2\/users\/1"}],"replies":[{"embeddable":true,"href":"https:\/\/atecordoba.org\/index.php?rest_route=%2Fwp%2Fv2%2Fcomments&post=8897"}],"version-history":[{"count":0,"href":"https:\/\/atecordoba.org\/index.php?rest_route=\/wp\/v2\/posts\/8897\/revisions"}],"wp:featuredmedia":[{"embeddable":true,"href":"https:\/\/atecordoba.org\/index.php?rest_route=\/wp\/v2\/media\/19220"}],"wp:attachment":[{"href":"https:\/\/atecordoba.org\/index.php?rest_route=%2Fwp%2Fv2%2Fmedia&parent=8897"}],"wp:term":[{"taxonomy":"category","embeddable":true,"href":"https:\/\/atecordoba.org\/index.php?rest_route=%2Fwp%2Fv2%2Fcategories&post=8897"},{"taxonomy":"post_tag","embeddable":true,"href":"https:\/\/atecordoba.org\/index.php?rest_route=%2Fwp%2Fv2%2Ftags&post=8897"}],"curies":[{"name":"wp","href":"https:\/\/api.w.org\/{rel}","templated":true}]}}