{"id":8890,"date":"2017-08-09T17:18:43","date_gmt":"2017-08-09T20:18:43","guid":{"rendered":"http:\/\/www.atecordoba.org\/?p=8890"},"modified":"2017-08-09T17:18:43","modified_gmt":"2017-08-09T20:18:43","slug":"de-luto-ate-se-manifesto-contra-el-desfinanciamiento-de-la-ciencia-y-la-tecnica","status":"publish","type":"post","link":"https:\/\/atecordoba.org\/?p=8890","title":{"rendered":"De luto: ATE se manifest\u00f3 contra el desfinanciamiento de la ciencia y la t\u00e9cnica"},"content":{"rendered":"<p><em>Los trabajadores y trabajadoras realizaron el \u201cvelorio de la Ciencia\u201d en el Polo Cient\u00edfico. Tras la protesta, los recibi\u00f3 el Ministro Bara\u00f1ao.<\/em><\/p>\n<p><img loading=\"lazy\" decoding=\"async\" class=\"aligncenter size-full wp-image-8891\" src=\"http:\/\/www.atecordoba.org\/wp-content\/uploads\/2017\/08\/10308_5553-e1502309806817.jpg\" alt=\"\" width=\"550\" height=\"309\"><\/p>\n<p>En la explanada del Ministerio de Ciencia y Tecnolog\u00eda, juntas internas de ATE de los organismos de ciencia y t\u00e9cnica de la Capital Federal y alrededores realizaron una particular protesta en repudio al vaciamiento presupuestario y para exigir la apertura de la mesa de seguimiento por los 500 despedidos y despedidas en 2016. Vestidos de negro, realizaron el \u201cvelorio de la ciencia\u201d, que incluy\u00f3 una procesi\u00f3n por las calles aleda\u00f1as.<\/p>\n<p><img loading=\"lazy\" decoding=\"async\" class=\"aligncenter size-full wp-image-8892\" src=\"http:\/\/www.atecordoba.org\/wp-content\/uploads\/2017\/08\/10308_5552-e1502309833543.jpg\" alt=\"\" width=\"550\" height=\"309\"><\/p>\n<p>La intervenci\u00f3n art\u00edstica y pol\u00edtica, que cont\u00f3 con el apoyo de los trabajadores del Teatro Col\u00f3n, comenz\u00f3 alrededor de las 10 de la ma\u00f1ana y apunt\u00f3 a visibilizar el desfinanciamiento que afecta a los organismos de ciencia y t\u00e9cnica. Al mediod\u00eda, se llev\u00f3 a cabo una ocupaci\u00f3n pac\u00edfica de la sede central del Ministerio para exigir que los funcionarios den una respuesta. Pasadas las dos de la tarde, la Infanter\u00eda irrumpi\u00f3 en el edificio.<\/p>\n<p><img loading=\"lazy\" decoding=\"async\" class=\"aligncenter size-full wp-image-8893\" src=\"http:\/\/www.atecordoba.org\/wp-content\/uploads\/2017\/08\/10308_5556-e1502309859866.jpg\" alt=\"\" width=\"550\" height=\"365\"><\/p>\n<p>Finalmente, los trabajadores y trabajadoras fueron recibidos por el Ministro Lino Bara\u00f1ao, a quien responsabilizaron por el amedrentamiento de las fuerzas de seguridad. En la reuni\u00f3n, se paut\u00f3 una nueva reuni\u00f3n para el 22 de agosto. Otros temas planteados fueron: la continuidad en los cargos, la desigualdad salarial de los puestos que ofrecidos en universidades, la diferencia en la tareas, las reubicaciones, entre otros.<\/p>\n<p><img loading=\"lazy\" decoding=\"async\" class=\"aligncenter size-full wp-image-8894\" src=\"http:\/\/www.atecordoba.org\/wp-content\/uploads\/2017\/08\/10308_5551-e1502309889440.jpg\" alt=\"\" width=\"550\" height=\"334\"><\/p>\n<p>Flavio Sives, de ATE CONICET de La Plata, explic\u00f3 que la lucha del MinCyT no es aislada sino que se vienen dando peleas similares, contra la precarizaci\u00f3n laboral y falta de presupuesto, en otros organismos nacionales de todo el pa\u00eds, como INTI e INTA.<\/p>\n<p>\u201cEl recorte aplicado por Macri a los organismos de Ciencia y T\u00e9cnica ya fue una clara se\u00f1al de qu\u00e9 camino tomaba el gobierno. Luego, la entrega de ARSAT a manos de una compa\u00f1\u00eda estadounidense y la compra llave en mano de centrales nucleares a China, profundiz\u00f3 esa pol\u00edtica que atenta contra los desarrollos tecnol\u00f3gicos que Argentina tuvo hist\u00f3ricamente\u201d, analiz\u00f3 Sives.<\/p>\n<p>Respecto a la situaci\u00f3n particular en CONICET, se\u00f1al\u00f3 que una de las problem\u00e1ticas m\u00e1s acuciantes -adem\u00e1s de los despidos- es la reducci\u00f3n de trabajadores y trabajadoras por el congelamiento de la planta y la falta de renovaci\u00f3n tras las bajas vegetativas. \u201cCon los funcionarios\u201d, expres\u00f3, \u201cno hay di\u00e1logo\u201d. Si bien se arm\u00f3 una mesa de relaciones laborales la misma se limit\u00f3 a pautar una agenda.<\/p>\n<p>Adem\u00e1s, denunci\u00f3 que \u201cla apertura de l\u00edneas de investigaci\u00f3n est\u00e1 guiada por un par\u00e1metro economicista\u201d. \u201cEsto implica que se van a financiar aquellas l\u00edneas que obtengan recursos privados. En un contexto en el que estas desarmando todo el parque industrial, el capital privado va a venir de capital concentrado y trasnacional, del oligopolio de la soja, de Techint. Hay multiplicidad de problem\u00e1ticas que afectan a nuestra sociedad, de educaci\u00f3n, salud p\u00fablica, pobreza, que deber\u00edan ser prioritarias, pero no generan dinero entonces no van a ser financiadas\u201d, cuestion\u00f3 y subray\u00f3 que \u201cesa es la gran discusi\u00f3n que tenemos hoy\u201d.&nbsp;<\/p>\n<p>El 22 de agosto, en el marco de la nueva reuni\u00f3n con los funcionarios de Ciencia y T\u00e9cnica, los trabajadores y trabajadoras realizar\u00e1n una nueva manifestaci\u00f3n y asamblea.<\/p>\n","protected":false},"excerpt":{"rendered":"<p>Los trabajadores y trabajadoras realizaron el \u201cvelorio de la Ciencia\u201d en el Polo Cient\u00edfico. Tras la protesta, los recibi\u00f3 el Ministro Bara\u00f1ao. En la explanada del Ministerio de Ciencia y Tecnolog\u00eda, juntas internas de ATE de los organismos de ciencia y t\u00e9cnica de la Capital Federal y alrededores realizaron una particular protesta en repudio al [&hellip;]<\/p>\n","protected":false},"author":1,"featured_media":19220,"comment_status":"open","ping_status":"open","sticky":false,"template":"","format":"standard","meta":{"_exactmetrics_skip_tracking":false,"_exactmetrics_sitenote_active":false,"_exactmetrics_sitenote_note":"","_exactmetrics_sitenote_category":0,"jnews-multi-image_gallery":[],"jnews_single_post":[],"jnews_primary_category":[],"jnews_social_meta":[],"jnews_review":[],"enable_review":"","type":"","name":"","summary":"","brand":"","sku":"","good":[],"bad":[],"score_override":"","override_value":"","rating":[],"price":[],"jnews_override_counter":[],"jnews_post_split":[],"footnotes":""},"categories":[105,18],"tags":[],"class_list":["post-8890","post","type-post","status-publish","format-standard","has-post-thumbnail","hentry","category-conicet","category-nacionales"],"jetpack_featured_media_url":"https:\/\/atecordoba.org\/wp-content\/uploads\/2020\/05\/logo-nuevochico-e1561581322808.png","_links":{"self":[{"href":"https:\/\/atecordoba.org\/index.php?rest_route=\/wp\/v2\/posts\/8890","targetHints":{"allow":["GET"]}}],"collection":[{"href":"https:\/\/atecordoba.org\/index.php?rest_route=\/wp\/v2\/posts"}],"about":[{"href":"https:\/\/atecordoba.org\/index.php?rest_route=\/wp\/v2\/types\/post"}],"author":[{"embeddable":true,"href":"https:\/\/atecordoba.org\/index.php?rest_route=\/wp\/v2\/users\/1"}],"replies":[{"embeddable":true,"href":"https:\/\/atecordoba.org\/index.php?rest_route=%2Fwp%2Fv2%2Fcomments&post=8890"}],"version-history":[{"count":0,"href":"https:\/\/atecordoba.org\/index.php?rest_route=\/wp\/v2\/posts\/8890\/revisions"}],"wp:featuredmedia":[{"embeddable":true,"href":"https:\/\/atecordoba.org\/index.php?rest_route=\/wp\/v2\/media\/19220"}],"wp:attachment":[{"href":"https:\/\/atecordoba.org\/index.php?rest_route=%2Fwp%2Fv2%2Fmedia&parent=8890"}],"wp:term":[{"taxonomy":"category","embeddable":true,"href":"https:\/\/atecordoba.org\/index.php?rest_route=%2Fwp%2Fv2%2Fcategories&post=8890"},{"taxonomy":"post_tag","embeddable":true,"href":"https:\/\/atecordoba.org\/index.php?rest_route=%2Fwp%2Fv2%2Ftags&post=8890"}],"curies":[{"name":"wp","href":"https:\/\/api.w.org\/{rel}","templated":true}]}}