{"id":8874,"date":"2017-08-09T15:06:31","date_gmt":"2017-08-09T18:06:31","guid":{"rendered":"http:\/\/www.atecordoba.org\/?p=8874"},"modified":"2017-08-09T15:06:31","modified_gmt":"2017-08-09T18:06:31","slug":"ate-y-la-cta-a-exigieron-la-aparicion-con-vida-ya-de-santiago-maldonado","status":"publish","type":"post","link":"https:\/\/atecordoba.org\/?p=8874","title":{"rendered":"ATE y la CTA-A exigieron la aparici\u00f3n con vida ya de Santiago Maldonado"},"content":{"rendered":"<p class=\"copete\"><em>Frente al Congreso, su familia y diversas organizaciones sociales se manifestaron y responsabilizaron al Gobierno de Macri y a la ministra Bullrich.<\/em><\/p>\n<div class=\"sliderkit photoslider-1click sombra\">&nbsp;<img loading=\"lazy\" decoding=\"async\" class=\"aligncenter size-full wp-image-8875\" src=\"http:\/\/www.atecordoba.org\/wp-content\/uploads\/2017\/08\/santiago-maldonado-e1502301880976.jpg\" alt=\"\" width=\"550\" height=\"413\"><\/div>\n<div>\n<p>Santiago Maldonado hab\u00eda sido golpeado y detenido el martes 1 de agosto en horas del mediod\u00eda por un grupo de Gendarmer\u00eda en la comunidad mapuche Cushamen, en la que estaba de paso, mientras preparaba la vuelta a su casa en Buenos Aires. A pesar de que ha pasado casi una semana, las autoridades de Gendarmer\u00eda y del Ministerio de Seguridad que dirige Patricia Bullrich no s\u00f3lo aseguran desconocer su paradero, sino que tampoco han identificado a los uniformados implicados en la detenci\u00f3n.<\/p>\n<p>Gast\u00f3n, hermano de Santiago, agradeci\u00f3 la enorme solidaridad de las organizaciones presentes &#8220;mi hermano se encuentra desaparecido desde hace 6 d\u00edas y estamos pidiendo de todas las maneras posibles que aparezca con vida&#8221;, afirm\u00f3 al tiempo que responsabiliz\u00f3 al gobierno por la desaparici\u00f3n y porque no se activen los mecanismos de b\u00fasqueda.<\/p>\n<p>La compa\u00f1\u00eda de las Madres de Plaza de Mayo-L\u00ednea Fundadora tambi\u00e9n se hizo presente en el Congreso Nacional. Mirta Baravalle, dijo que no quisiera estar all\u00ed, escuchando mensajes que &#8220;una ya escuch\u00f3 desde hace 40 a\u00f1os. Sabemos lo que significa la ausencia de un ser querido y, en esas circunstancias, no saber qu\u00e9 pas\u00f3 con ellos&#8221; y a\u00f1adi\u00f3 &#8220;otra historia de un joven que por querer cambiar el pa\u00eds y darle dignidad al pueblo, fueron sometidos al escarnio de la desaparici\u00f3n&#8221;. Por su parte, Nora Corti\u00f1as, tambi\u00e9n Madre de Plaza de Mayo-L\u00ednea Fundadora, tambi\u00e9n repudio la desaparici\u00f3n de Santiago y reclam\u00f3:&#8221;aparici\u00f3n con vida ya y 30 compa\u00f1eros detenidos desaparecidos:presentes, ahora y siempre&#8221;.<\/p>\n<p>Se ley\u00f3 un comunicado elaborado por los organismos de Derechos Humanos y firmado por todas las organizaciones que integran el Encuentro Memoria, Verdad y Justicia.<\/p>\n<p><img loading=\"lazy\" decoding=\"async\" class=\"aligncenter size-full wp-image-8876\" src=\"http:\/\/www.atecordoba.org\/wp-content\/uploads\/2017\/08\/santiago-maldonado2-e1502301962259.jpg\" alt=\"\" width=\"550\" height=\"343\"><\/p>\n<p>Ricardo Peidro, Secretario General Adjunto de la CTA-A lament\u00f3: &#8220;Parece un hecho de otro tiempo y lo m\u00e1s grave de todo esto es el silencio absoluto por parte del gobierno nacional y provincial. De la misma manera que pas\u00f3 cuando desaparecieron a Julio L\u00f3pez, donde el oficialismo hacia parecerlo un reclamo de la oposici\u00f3n, ahora la estrategia parece ser la misma: silencio absoluto, adjudicando culpas y no dando una respuesta efectiva&#8221;.<\/p>\n<p>Por su parte, Oscar &#8220;Colo&#8221; de Isasi, secretario General de ATE y la CTA-A bonaerense, apunt\u00f3:&#8221;Este es un antecedente que conocemos y nos recuerda a las noches m\u00e1s oscuras de la Argentina, por eso m\u00e1s all\u00e1 de todos los debates que podamos tener hacia el interior del campo popular, tenemos que tener reflejos r\u00e1pidos y movilizarnos por la aparici\u00f3n con vida de Santiago Maldonado&#8221;, indic\u00f3 y destac\u00f3: &#8220;Intentan hacer creer que una desaparici\u00f3n es algo normal, y en esto hay un mensaje del poder, al que debemos responder con claridad&#8221;.<\/p>\n<p>&nbsp;<\/p>\n<\/div>\n<div>&nbsp;<\/div>\n","protected":false},"excerpt":{"rendered":"<p>Frente al Congreso, su familia y diversas organizaciones sociales se manifestaron y responsabilizaron al Gobierno de Macri y a la ministra Bullrich. &nbsp; Santiago Maldonado hab\u00eda sido golpeado y detenido el martes 1 de agosto en horas del mediod\u00eda por un grupo de Gendarmer\u00eda en la comunidad mapuche Cushamen, en la que estaba de paso, [&hellip;]<\/p>\n","protected":false},"author":1,"featured_media":19220,"comment_status":"open","ping_status":"open","sticky":false,"template":"","format":"standard","meta":{"_exactmetrics_skip_tracking":false,"_exactmetrics_sitenote_active":false,"_exactmetrics_sitenote_note":"","_exactmetrics_sitenote_category":0,"jnews-multi-image_gallery":[],"jnews_single_post":[],"jnews_primary_category":[],"jnews_social_meta":[],"jnews_review":[],"enable_review":"","type":"","name":"","summary":"","brand":"","sku":"","good":[],"bad":[],"score_override":"","override_value":"","rating":[],"price":[],"jnews_override_counter":[],"jnews_post_split":[],"footnotes":""},"categories":[10],"tags":[],"class_list":["post-8874","post","type-post","status-publish","format-standard","has-post-thumbnail","hentry","category-accion-politica"],"jetpack_featured_media_url":"https:\/\/atecordoba.org\/wp-content\/uploads\/2020\/05\/logo-nuevochico-e1561581322808.png","_links":{"self":[{"href":"https:\/\/atecordoba.org\/index.php?rest_route=\/wp\/v2\/posts\/8874","targetHints":{"allow":["GET"]}}],"collection":[{"href":"https:\/\/atecordoba.org\/index.php?rest_route=\/wp\/v2\/posts"}],"about":[{"href":"https:\/\/atecordoba.org\/index.php?rest_route=\/wp\/v2\/types\/post"}],"author":[{"embeddable":true,"href":"https:\/\/atecordoba.org\/index.php?rest_route=\/wp\/v2\/users\/1"}],"replies":[{"embeddable":true,"href":"https:\/\/atecordoba.org\/index.php?rest_route=%2Fwp%2Fv2%2Fcomments&post=8874"}],"version-history":[{"count":0,"href":"https:\/\/atecordoba.org\/index.php?rest_route=\/wp\/v2\/posts\/8874\/revisions"}],"wp:featuredmedia":[{"embeddable":true,"href":"https:\/\/atecordoba.org\/index.php?rest_route=\/wp\/v2\/media\/19220"}],"wp:attachment":[{"href":"https:\/\/atecordoba.org\/index.php?rest_route=%2Fwp%2Fv2%2Fmedia&parent=8874"}],"wp:term":[{"taxonomy":"category","embeddable":true,"href":"https:\/\/atecordoba.org\/index.php?rest_route=%2Fwp%2Fv2%2Fcategories&post=8874"},{"taxonomy":"post_tag","embeddable":true,"href":"https:\/\/atecordoba.org\/index.php?rest_route=%2Fwp%2Fv2%2Ftags&post=8874"}],"curies":[{"name":"wp","href":"https:\/\/api.w.org\/{rel}","templated":true}]}}