{"id":8871,"date":"2017-08-08T10:26:50","date_gmt":"2017-08-08T13:26:50","guid":{"rendered":"http:\/\/www.atecordoba.org\/?p=8871"},"modified":"2017-08-08T10:26:50","modified_gmt":"2017-08-08T13:26:50","slug":"ffmm-villa-maria-alerta-sobre-la-posible-cancelacion-de-contratos-productivos","status":"publish","type":"post","link":"https:\/\/atecordoba.org\/?p=8871","title":{"rendered":"FFMM: Villa Mar\u00eda alerta sobre la posible cancelaci\u00f3n de contratos productivos"},"content":{"rendered":"<p><em>La situaci\u00f3n de una mina de San Juan podr\u00eda afectar de lleno a la planta de Jachal e impactar sobre la F\u00e1brica Militar cita en nuestra provincia.<\/em><\/p>\n<p><img loading=\"lazy\" decoding=\"async\" class=\"aligncenter size-full wp-image-8872\" src=\"http:\/\/www.atecordoba.org\/wp-content\/uploads\/2017\/08\/villa-maria-bandera-ate-e1502198320192.jpg\" alt=\"\" width=\"550\" height=\"413\"><\/p>\n<p>La seccional Villa Mar\u00eda de ATE denunci\u00f3 que si cierra la mina en Gualcamayo peligran puestos de trabajo en la f\u00e1brica militar. En ese sentido, el secretario General Fernando Mercado &nbsp;explic\u00f3 que \u201cse podr\u00eda caer el contrato entre fabricaciones militares y la empresa minera Yamana Gold, firma que adquiere los materiales de explosivos que utilizan en la mina de San Juan que se fabrican en la planta de Jachal en la misma provincia. Pero a su vez depende de la f\u00e1brica emplazada en Villa Mar\u00eda y esto podr\u00eda generar la p\u00e9rdida de innumerables puestos de trabajo\u201d.<\/p>\n<p>Los trabajadores han transmitido que en breve se pod\u00eda caer el contrato entre Fabricaciones Militares y la minera que se provee de los accesorios de voladura el gelamon y el cipolex.<\/p>\n<p>ATE sostiene que el da\u00f1o \u201csignificar\u00eda no solo que no se le otorguen m\u00e1s de los accesorios de voladuras a los compa\u00f1eros que trabajan dentro de la mina de Gualcamayo sino que a 100 km de la mina est\u00e1 la f\u00e1brica montada en Jachal\u201d. \u201cEsto es grav\u00edsimo, el mensaje al se\u00f1or Aguad es que tome cartas en el asunto, que corrija esta situaci\u00f3n para que Fabricaciones este sentada en la mesa a las hora de negociar para que ning\u00fan compa\u00f1ero se quede sin trabajo\u201d, afirm\u00f3 Mercado.<\/p>\n<p>\u201cPor la importancia econ\u00f3mica que tiene la f\u00e1brica de Jachal para Villa Mar\u00eda, ya que esa planta depende desde lo econ\u00f3mico y desde lo estrat\u00e9gico tanto en cuanto al recurso humano de materia prima, cualquier cambio afectar\u00e1 a la f\u00e1brica que est\u00e1 ubicada en nuestra ciudad\u201d, concluy\u00f3 el secretario General&nbsp; de ATE Villa Mar\u00eda.<\/p>\n","protected":false},"excerpt":{"rendered":"<p>La situaci\u00f3n de una mina de San Juan podr\u00eda afectar de lleno a la planta de Jachal e impactar sobre la F\u00e1brica Militar cita en nuestra provincia. La seccional Villa Mar\u00eda de ATE denunci\u00f3 que si cierra la mina en Gualcamayo peligran puestos de trabajo en la f\u00e1brica militar. En ese sentido, el secretario General [&hellip;]<\/p>\n","protected":false},"author":1,"featured_media":19220,"comment_status":"open","ping_status":"open","sticky":false,"template":"","format":"standard","meta":{"_exactmetrics_skip_tracking":false,"_exactmetrics_sitenote_active":false,"_exactmetrics_sitenote_note":"","_exactmetrics_sitenote_category":0,"jnews-multi-image_gallery":[],"jnews_single_post":[],"jnews_primary_category":[],"jnews_social_meta":[],"jnews_review":[],"enable_review":"","type":"","name":"","summary":"","brand":"","sku":"","good":[],"bad":[],"score_override":"","override_value":"","rating":[],"price":[],"jnews_override_counter":[],"jnews_post_split":[],"footnotes":""},"categories":[17,18,14],"tags":[],"class_list":["post-8871","post","type-post","status-publish","format-standard","has-post-thumbnail","hentry","category-fabricaciones-militares","category-nacionales","category-villa-maria"],"jetpack_featured_media_url":"https:\/\/atecordoba.org\/wp-content\/uploads\/2020\/05\/logo-nuevochico-e1561581322808.png","_links":{"self":[{"href":"https:\/\/atecordoba.org\/index.php?rest_route=\/wp\/v2\/posts\/8871","targetHints":{"allow":["GET"]}}],"collection":[{"href":"https:\/\/atecordoba.org\/index.php?rest_route=\/wp\/v2\/posts"}],"about":[{"href":"https:\/\/atecordoba.org\/index.php?rest_route=\/wp\/v2\/types\/post"}],"author":[{"embeddable":true,"href":"https:\/\/atecordoba.org\/index.php?rest_route=\/wp\/v2\/users\/1"}],"replies":[{"embeddable":true,"href":"https:\/\/atecordoba.org\/index.php?rest_route=%2Fwp%2Fv2%2Fcomments&post=8871"}],"version-history":[{"count":0,"href":"https:\/\/atecordoba.org\/index.php?rest_route=\/wp\/v2\/posts\/8871\/revisions"}],"wp:featuredmedia":[{"embeddable":true,"href":"https:\/\/atecordoba.org\/index.php?rest_route=\/wp\/v2\/media\/19220"}],"wp:attachment":[{"href":"https:\/\/atecordoba.org\/index.php?rest_route=%2Fwp%2Fv2%2Fmedia&parent=8871"}],"wp:term":[{"taxonomy":"category","embeddable":true,"href":"https:\/\/atecordoba.org\/index.php?rest_route=%2Fwp%2Fv2%2Fcategories&post=8871"},{"taxonomy":"post_tag","embeddable":true,"href":"https:\/\/atecordoba.org\/index.php?rest_route=%2Fwp%2Fv2%2Ftags&post=8871"}],"curies":[{"name":"wp","href":"https:\/\/api.w.org\/{rel}","templated":true}]}}