{"id":887,"date":"2011-05-18T16:31:06","date_gmt":"2011-05-18T19:31:06","guid":{"rendered":"http:\/\/www.atecordoba.org\/?p=887"},"modified":"2011-05-18T16:31:06","modified_gmt":"2011-05-18T19:31:06","slug":"90-de-acatamiento-el-paro-del-9-y-10-de-mayo","status":"publish","type":"post","link":"https:\/\/atecordoba.org\/?p=887","title":{"rendered":"90% DE ACATAMIENTO EL PARO DEL 9 Y 10 DE MAYO"},"content":{"rendered":"<div>\n<div dir=\"ltr\">\n<p><strong>(C\u00f3rdoba, 17-5-2011) El masivo paro se realiz\u00f3 en las \u00e1reas operativas de todo el pa\u00eds.<\/strong><\/p>\n<\/div>\n<\/div>\n<div>\n<div dir=\"ltr\">\n<p>Seg\u00fan infromacron los delegados del sector, ingres\u00f3 menos de la mitad de hacienda en el Mercado de Liniers, sinti\u00e9ndose en la semana el impacto de la contundente medida llevada adelante los dias 9 y 10 de mayo en el area de Sanidad Animal, Frigorificos, Oficinas Locales, Aeropuestos. Como as\u00ed tambi\u00e9n, 95% de adhesi\u00f3n en los laboratorios, pasos fronterizos y barreras patag\u00f3nicas.<\/p>\n<p>Felicitamos a todos los trabajadores por el esfuerzo y el compromiso asumido, como el inicio de esta lucha que comenzamos por hacer escuchar nuestro reclamo, y si nuestro reclamo no es atendido redoblaremos los esfuerzos e iremos por mas.<\/p>\n<p>El plan de lucha se lleva adelante en reclamo de:<\/p>\n<p><img loading=\"lazy\" decoding=\"async\" src=\"http:\/\/www.atecordoba.org\/local\/cache-vignettes\/L16xH14\/puce_prive-07a10.gif\" alt=\"-\" width=\"16\" height=\"14\" \/>\u00a0AUMENTO DE NUESTROS SALARIOS POR LA DEVALUACI\u00d3N Y P\u00c9RDIDA DEL PODER ADQUISITIVO DEL MISMO.<\/p>\n<p><img loading=\"lazy\" decoding=\"async\" src=\"http:\/\/www.atecordoba.org\/local\/cache-vignettes\/L16xH14\/puce_prive-07a10.gif\" alt=\"-\" width=\"16\" height=\"14\" \/>\u00a0APERTURA DE LA COMISI\u00d3N NEGOCIADORA DEL CONVENIO COLECTIVO SECTORIAL YA QUE DESDE EL 2008 SE NIEGA LA POSIBILIDAD DE RENEGOCIAR EL MISMO.<\/p>\n<p><img loading=\"lazy\" decoding=\"async\" src=\"http:\/\/www.atecordoba.org\/local\/cache-vignettes\/L16xH14\/puce_prive-07a10.gif\" alt=\"-\" width=\"16\" height=\"14\" \/>\u00a0PARTICIPACI\u00d3N DE LOS TRABAJADORES\/AS EN LA REDISTRIBUCI\u00d3N DE LA RECAUDACI\u00d3N DEBIDO A QUE SE HAN AUMENTADO LOS ARANCELES PERO LOS TRABAJADORES\/AS NO RECIBEN COMPENSACI\u00d3N CORRESPONDIENTE.<\/p>\n<p><img loading=\"lazy\" decoding=\"async\" src=\"http:\/\/www.atecordoba.org\/local\/cache-vignettes\/L16xH14\/puce_prive-07a10.gif\" alt=\"-\" width=\"16\" height=\"14\" \/>\u00a0RESTITUCI\u00d3N DEL 82% M\u00d3VIL PARA NUESTRAS JUBILACIONES, PARA UNA JUBILACION DIGNA PARA NUESTROS COMPA\u00d1EROS!<\/p>\n<p><img loading=\"lazy\" decoding=\"async\" src=\"http:\/\/www.atecordoba.org\/local\/cache-vignettes\/L16xH14\/puce_prive-07a10.gif\" alt=\"-\" width=\"16\" height=\"14\" \/>\u00a0PASE A PLANTA PERMANENTE DE TODOS LOS CONTRATADOS\/AS. BASTA DE CONTRATOS PRECARIZADOS !<\/p>\n<p>Desde ATE repudiamos el proceder de algunos Coordinadores Tem\u00e1ticos que priorizan permantemente los intereses de las Empresas Privadas en pos de los intereses de los Trabajadores del Senasa, y eso se vio sumamente reflejado los dias 9 y 10 debido a que, en algunos lugares donde hubo adhesi\u00f3n total de trabajadores, se cubrieron puestos con personal de otros sectores y se presion\u00f3 a jefes para asistir a los sectores de trabajo sin el personal idoneo necesario, no respetando la decisi\u00d3n y el derecho de los trabajadores y, m\u00e1s grave a\u00fan, olvidando que tambi\u00e9n son trabajadores del Senasa.<\/p>\n<p>JUNTA INTERNA DE DELEGADOS<\/p>\n<p>ATE SENASA CORDOBA<\/p>\n<p>CTA<\/p>\n<\/div>\n<\/div>\n","protected":false},"excerpt":{"rendered":"<p>(C\u00f3rdoba, 17-5-2011) El masivo paro se realiz\u00f3 en las \u00e1reas operativas de todo el pa\u00eds. Seg\u00fan infromacron los delegados del sector, ingres\u00f3 menos de la mitad de hacienda en el Mercado de Liniers, sinti\u00e9ndose en la semana el impacto de la contundente medida llevada adelante los dias 9 y 10 de mayo en el area [&hellip;]<\/p>\n","protected":false},"author":1,"featured_media":19220,"comment_status":"open","ping_status":"open","sticky":false,"template":"","format":"standard","meta":{"_exactmetrics_skip_tracking":false,"_exactmetrics_sitenote_active":false,"_exactmetrics_sitenote_note":"","_exactmetrics_sitenote_category":0,"jnews-multi-image_gallery":[],"jnews_single_post":[],"jnews_primary_category":[],"jnews_social_meta":[],"jnews_review":[],"enable_review":"","type":"","name":"","summary":"","brand":"","sku":"","good":[],"bad":[],"score_override":"","override_value":"","rating":[],"price":[],"jnews_override_counter":[],"jnews_post_split":[],"footnotes":""},"categories":[1],"tags":[11,46],"class_list":["post-887","post","type-post","status-publish","format-standard","has-post-thumbnail","hentry","category-sin-categoria","tag-noticias-2","tag-senasa"],"jetpack_featured_media_url":"https:\/\/atecordoba.org\/wp-content\/uploads\/2020\/05\/logo-nuevochico-e1561581322808.png","_links":{"self":[{"href":"https:\/\/atecordoba.org\/index.php?rest_route=\/wp\/v2\/posts\/887","targetHints":{"allow":["GET"]}}],"collection":[{"href":"https:\/\/atecordoba.org\/index.php?rest_route=\/wp\/v2\/posts"}],"about":[{"href":"https:\/\/atecordoba.org\/index.php?rest_route=\/wp\/v2\/types\/post"}],"author":[{"embeddable":true,"href":"https:\/\/atecordoba.org\/index.php?rest_route=\/wp\/v2\/users\/1"}],"replies":[{"embeddable":true,"href":"https:\/\/atecordoba.org\/index.php?rest_route=%2Fwp%2Fv2%2Fcomments&post=887"}],"version-history":[{"count":0,"href":"https:\/\/atecordoba.org\/index.php?rest_route=\/wp\/v2\/posts\/887\/revisions"}],"wp:featuredmedia":[{"embeddable":true,"href":"https:\/\/atecordoba.org\/index.php?rest_route=\/wp\/v2\/media\/19220"}],"wp:attachment":[{"href":"https:\/\/atecordoba.org\/index.php?rest_route=%2Fwp%2Fv2%2Fmedia&parent=887"}],"wp:term":[{"taxonomy":"category","embeddable":true,"href":"https:\/\/atecordoba.org\/index.php?rest_route=%2Fwp%2Fv2%2Fcategories&post=887"},{"taxonomy":"post_tag","embeddable":true,"href":"https:\/\/atecordoba.org\/index.php?rest_route=%2Fwp%2Fv2%2Ftags&post=887"}],"curies":[{"name":"wp","href":"https:\/\/api.w.org\/{rel}","templated":true}]}}