{"id":8864,"date":"2017-08-07T15:22:40","date_gmt":"2017-08-07T18:22:40","guid":{"rendered":"http:\/\/www.atecordoba.org\/?p=8864"},"modified":"2017-08-07T15:22:40","modified_gmt":"2017-08-07T18:22:40","slug":"decreto-no-213799-reglamentario-de-ley-no-7233-licencia-sanitaria","status":"publish","type":"post","link":"https:\/\/atecordoba.org\/?p=8864","title":{"rendered":"DECRETO N\u00ba 2137\/99: REGLAMENTARIO DE LEY N\u00ba 7233 &#8211; LICENCIA SANITARIA"},"content":{"rendered":"<p><strong>VISTO: <\/strong><\/p>\n<p>El expediente n\u00ba 0222-62178\/99<\/p>\n<p><strong>Y CONSIDERANDO;<\/strong><\/p>\n<p>Que es decisi\u00f3n de esta Administraci\u00f3n establecer los criterios t\u00e9cnicos y operativos tendientes a favorecer una prestaci\u00f3n eficaz y eficiente de sus recursos humanos.<\/p>\n<p>Por todo ello, lo dictaminado por el Fiscal de Estado en casos an\u00e1logos y en uso de sus atribuciones constitucionales,<\/p>\n<p><strong>EL GOBERNADOR DE LA PROVINCIA<\/strong><\/p>\n<p><strong>D E C R E T A<\/strong><\/p>\n<p><strong><u>ARTICULO 1\u00ba.- <\/u><\/strong>REGLAMENTASE el art\u00edculo 49 de la Ley n\u00ba 7233 de la siguiente manera <strong>: <\/strong><\/p>\n<p>\u201cLICENCIA SANITARIA: Esta licencia se otorgar\u00e1 por el t\u00e9rmino de siete (7) d\u00edas corridos a todo el personal comprendido en la Ley que preste efectivamente servicio en los Hospitales P\u00fablicos dependientes del Ministerio de Salud de la Provincia.<\/p>\n<p>Esta licencia es de uso obligatorio, no postergable y no acumulable. Se usufructuar\u00e1 entre el quinto (5to) y sexto (6to) mes posterior a la finalizaci\u00f3n de la licencia anual ordinaria.<\/p>\n<p>En el caso de que \u00e9sta \u00faltima haya sido fraccionada, la licencia sanitaria no podr\u00e1 ser consecutiva al segundo (2do.) per\u00edodo y deber\u00e1 ser gozada entre el quinto (5to.) y sexto (6to.) mes posterior a la finalizaci\u00f3n del primer per\u00edodo.<\/p>\n<p>En todos los casos, la autoridad competente deber\u00e1 garantizar los servicios de guardia m\u00ednimos con el fin de no resentir la prestaci\u00f3n del servicio\u201d.<\/p>\n<p><strong><u>ARTICULO 2\u00ba.-<\/u><\/strong> El presente decreto ser\u00e1 refrendado por el Ministro de Salud, por el Fiscal de Estado, y firmado por la Sra. Secretaria General de la Gobernaci\u00f3n.<\/p>\n<p><strong><u>ARTICULO 3\u00ba.-<\/u><\/strong> PROTOCOL\u00cdCESE, d\u00e9se intervenci\u00f3n a la Direcci\u00f3n General de Personal, comun\u00edquese, publ\u00edquese el Bolet\u00edn Oficial y arch\u00edvese.<\/p>\n<p>DE LA SOTA -RUITORT \u2013 VILLAFA\u00d1E \u2013 CARBONETTI<\/p>\n<p><strong>NOTICIAS ACCESORIAS <\/strong><\/p>\n<p>FUENTE DE PUBLICACI\u00d3N<\/p>\n<p>B.O.: 05.11.99<\/p>\n<p>FECHA DE EMISI\u00d3N: 18.10.99<\/p>\n<p>CANTIDAD DE ART\u00cdCULOS QUE COMPONEN LA NORMA: 3<\/p>\n<p>&nbsp;<\/p>\n","protected":false},"excerpt":{"rendered":"<p>VISTO: El expediente n\u00ba 0222-62178\/99 Y CONSIDERANDO; Que es decisi\u00f3n de esta Administraci\u00f3n establecer los criterios t\u00e9cnicos y operativos tendientes a favorecer una prestaci\u00f3n eficaz y eficiente de sus recursos humanos. Por todo ello, lo dictaminado por el Fiscal de Estado en casos an\u00e1logos y en uso de sus atribuciones constitucionales, EL GOBERNADOR DE LA [&hellip;]<\/p>\n","protected":false},"author":1,"featured_media":19220,"comment_status":"open","ping_status":"open","sticky":false,"template":"","format":"standard","meta":{"_exactmetrics_skip_tracking":false,"_exactmetrics_sitenote_active":false,"_exactmetrics_sitenote_note":"","_exactmetrics_sitenote_category":0,"jnews-multi-image_gallery":[],"jnews_single_post":[],"jnews_primary_category":[],"jnews_social_meta":[],"jnews_review":[],"enable_review":"","type":"","name":"","summary":"","brand":"","sku":"","good":[],"bad":[],"score_override":"","override_value":"","rating":[],"price":[],"jnews_override_counter":[],"jnews_post_split":[],"footnotes":""},"categories":[85],"tags":[],"class_list":["post-8864","post","type-post","status-publish","format-standard","has-post-thumbnail","hentry","category-documentacion-provincial"],"jetpack_featured_media_url":"https:\/\/atecordoba.org\/wp-content\/uploads\/2020\/05\/logo-nuevochico-e1561581322808.png","_links":{"self":[{"href":"https:\/\/atecordoba.org\/index.php?rest_route=\/wp\/v2\/posts\/8864","targetHints":{"allow":["GET"]}}],"collection":[{"href":"https:\/\/atecordoba.org\/index.php?rest_route=\/wp\/v2\/posts"}],"about":[{"href":"https:\/\/atecordoba.org\/index.php?rest_route=\/wp\/v2\/types\/post"}],"author":[{"embeddable":true,"href":"https:\/\/atecordoba.org\/index.php?rest_route=\/wp\/v2\/users\/1"}],"replies":[{"embeddable":true,"href":"https:\/\/atecordoba.org\/index.php?rest_route=%2Fwp%2Fv2%2Fcomments&post=8864"}],"version-history":[{"count":0,"href":"https:\/\/atecordoba.org\/index.php?rest_route=\/wp\/v2\/posts\/8864\/revisions"}],"wp:featuredmedia":[{"embeddable":true,"href":"https:\/\/atecordoba.org\/index.php?rest_route=\/wp\/v2\/media\/19220"}],"wp:attachment":[{"href":"https:\/\/atecordoba.org\/index.php?rest_route=%2Fwp%2Fv2%2Fmedia&parent=8864"}],"wp:term":[{"taxonomy":"category","embeddable":true,"href":"https:\/\/atecordoba.org\/index.php?rest_route=%2Fwp%2Fv2%2Fcategories&post=8864"},{"taxonomy":"post_tag","embeddable":true,"href":"https:\/\/atecordoba.org\/index.php?rest_route=%2Fwp%2Fv2%2Ftags&post=8864"}],"curies":[{"name":"wp","href":"https:\/\/api.w.org\/{rel}","templated":true}]}}