{"id":8862,"date":"2017-08-07T15:21:13","date_gmt":"2017-08-07T18:21:13","guid":{"rendered":"http:\/\/www.atecordoba.org\/?p=8862"},"modified":"2017-08-07T15:21:13","modified_gmt":"2017-08-07T18:21:13","slug":"decreto-no-220599-estimulo-a-la-calidad-de-servicio","status":"publish","type":"post","link":"https:\/\/atecordoba.org\/?p=8862","title":{"rendered":"DECRETO N\u00ba 2205\/99: EST\u00cdMULO A LA CALIDAD DE SERVICIO"},"content":{"rendered":"<p>VISTO: El expediente n \u00ba 0222-62180\/99<\/p>\n<p>Y CONSIDERANDO:<\/p>\n<p>Que el esfuerzo mancomunado de todos los sectores involucrados permitir\u00e1 incrementar los niveles de calidad y eficiencia administrativa que se desarrolla en la Provincia de C\u00f3rdoba.<\/p>\n<p>Por todo ello y en uso de sus atribuciones,<\/p>\n<p>&nbsp;<\/p>\n<p>EL GOBERNADOR DE LA PROVINCIA<\/p>\n<p>D E C R E T A<\/p>\n<p>&nbsp;<\/p>\n<p>ARTICULO 1 \u00ba. &#8211; ESTABL\u00c9CESE, para los agentes de la Administraci\u00f3n P\u00fablica Provincial comprendidos en la Ley n\u00ba 7233, un est\u00edmulo a la calidad del servicio, no remunerativo, equivalente a la suma fija que se detallan en el Anexo I) del presente decreto.<\/p>\n<p>*ARTICULO 2\u00ba.- El Est\u00edmulo a los agentes de la Administraci\u00f3n P\u00fablica Provincial establecido en el art\u00edculo anterior se liquidar\u00e1 en forma mensual a partir del d\u00eda 1\u00b0 de Octubre de 1999.<\/p>\n<p>ARTICULO 3\u00ba.- ESTABL\u00c9CESE, para los agentes de la Administraci\u00f3n P\u00fablica Provincial comprendidos en la Ley n\u00ba 7233, un adicional por eficiencia y productividad equivalente al quince por ciento (15%) de la asignaci\u00f3n \u00f3 sueldo b\u00e1sico de la categor\u00eda de revista del agente y al veinte por ciento (20%) del mismo concepto en el caso de Jefaturas de Secci\u00f3n, Divisi\u00f3n \u00f3 Departamento.<\/p>\n<p>ARTICULO 4\u00ba.- EL rubro productividad y eficiencia ser\u00e1 evaluado cuatrimestralmente en funci\u00f3n de los objetivos que fije el Poder Ejecutivo y se liquidar\u00e1 mensualmente durante el per\u00edodo correspondiente. No percibir\u00e1n este rubro los agentes que resulten sancionados.<\/p>\n<p>ARTICULO 5\u00ba.- EL Ministerio de Finanzas efectuar\u00e1 las adecuaciones presupuestarias correspondientes para instrumentar lo dispuesto en los art\u00edculos precedentes.<\/p>\n<p>ARTICULO 6\u00ba.- EL presente decreto ser\u00e1 refrendado por el Ministro de Finanzas y el Fiscal de Estado, y firmado por la Sra. Secretaria General de la Gobernaci\u00f3n.<\/p>\n<p>ARTICULO 7\u00ba.- PROTOCOL\u00cdCESE, d\u00e9se intervenci\u00f3n al Tribunal de Cuentas y a la Direcci\u00f3n General de Personal de la Provincia, comun\u00edquese, publ\u00edquese en el Bolet\u00edn Oficial y arch\u00edvese.<\/p>\n<p>DE LA SOTA &#8211; RIUTORT &#8211; CARBONETTI &#8211; LAS HERAS<\/p>\n<p>TITULAR DEL PODER EJECUTIVO: DE LA SOTA<\/p>\n<table width=\"100%\">\n<tbody>\n<tr>\n<td width=\"100%\"><strong>TABLA ANEXA I<\/strong> <strong><br \/>\nPERSONAL COMPRENDIDO EN EL REGIMEN DE LA LEY N\u00ba 7.233 ORDENADO POR CATEGORIAS DEFINIDAS EN LA LEY 8.575.<br \/>\n<em><br \/>\nCATEGORIAS ESTIMULO NO REMUN. .FIJO EN ($)<br \/>\n<\/em><\/strong><br \/>\n1. $ 78.20<br \/>\n2. $ 81.75<br \/>\n3. $ 86.00<br \/>\n4. $ 90.50<br \/>\n5. $ 94.00<br \/>\n6. $ 99.40<br \/>\n7. $ 108.70<br \/>\n8. $ 140. 80<br \/>\n9. $ 165.20<\/td>\n<\/tr>\n<\/tbody>\n<\/table>\n<p>&nbsp;<\/p>\n<p><strong>NOTICIAS ACCESORIAS<\/strong><\/p>\n<p>FUENTE DE PUBLICACION<\/p>\n<p>B.O : 05 11.99<\/p>\n<p>FECHA DE SANCION : 27. 10. 99<\/p>\n<p>CANTIDAD DE ARTICULOS QUE COMPONEN LA NORMA : 7<\/p>\n<p>TEXTO ART. 2: CONFORME SUSTITUCI\u00d3N POR ART. 1 DCTO N\u00b0 2386\/99 (B.O. 07.09.00 SINTETIZADO)<\/p>\n<p>&nbsp;<\/p>\n","protected":false},"excerpt":{"rendered":"<p>VISTO: El expediente n \u00ba 0222-62180\/99 Y CONSIDERANDO: Que el esfuerzo mancomunado de todos los sectores involucrados permitir\u00e1 incrementar los niveles de calidad y eficiencia administrativa que se desarrolla en la Provincia de C\u00f3rdoba. Por todo ello y en uso de sus atribuciones, &nbsp; EL GOBERNADOR DE LA PROVINCIA D E C R E T [&hellip;]<\/p>\n","protected":false},"author":1,"featured_media":19220,"comment_status":"open","ping_status":"open","sticky":false,"template":"","format":"standard","meta":{"_exactmetrics_skip_tracking":false,"_exactmetrics_sitenote_active":false,"_exactmetrics_sitenote_note":"","_exactmetrics_sitenote_category":0,"jnews-multi-image_gallery":[],"jnews_single_post":[],"jnews_primary_category":[],"jnews_social_meta":[],"jnews_review":[],"enable_review":"","type":"","name":"","summary":"","brand":"","sku":"","good":[],"bad":[],"score_override":"","override_value":"","rating":[],"price":[],"jnews_override_counter":[],"jnews_post_split":[],"footnotes":""},"categories":[85],"tags":[],"class_list":["post-8862","post","type-post","status-publish","format-standard","has-post-thumbnail","hentry","category-documentacion-provincial"],"jetpack_featured_media_url":"https:\/\/atecordoba.org\/wp-content\/uploads\/2020\/05\/logo-nuevochico-e1561581322808.png","_links":{"self":[{"href":"https:\/\/atecordoba.org\/index.php?rest_route=\/wp\/v2\/posts\/8862","targetHints":{"allow":["GET"]}}],"collection":[{"href":"https:\/\/atecordoba.org\/index.php?rest_route=\/wp\/v2\/posts"}],"about":[{"href":"https:\/\/atecordoba.org\/index.php?rest_route=\/wp\/v2\/types\/post"}],"author":[{"embeddable":true,"href":"https:\/\/atecordoba.org\/index.php?rest_route=\/wp\/v2\/users\/1"}],"replies":[{"embeddable":true,"href":"https:\/\/atecordoba.org\/index.php?rest_route=%2Fwp%2Fv2%2Fcomments&post=8862"}],"version-history":[{"count":0,"href":"https:\/\/atecordoba.org\/index.php?rest_route=\/wp\/v2\/posts\/8862\/revisions"}],"wp:featuredmedia":[{"embeddable":true,"href":"https:\/\/atecordoba.org\/index.php?rest_route=\/wp\/v2\/media\/19220"}],"wp:attachment":[{"href":"https:\/\/atecordoba.org\/index.php?rest_route=%2Fwp%2Fv2%2Fmedia&parent=8862"}],"wp:term":[{"taxonomy":"category","embeddable":true,"href":"https:\/\/atecordoba.org\/index.php?rest_route=%2Fwp%2Fv2%2Fcategories&post=8862"},{"taxonomy":"post_tag","embeddable":true,"href":"https:\/\/atecordoba.org\/index.php?rest_route=%2Fwp%2Fv2%2Ftags&post=8862"}],"curies":[{"name":"wp","href":"https:\/\/api.w.org\/{rel}","templated":true}]}}