{"id":8860,"date":"2017-08-07T15:17:41","date_gmt":"2017-08-07T18:17:41","guid":{"rendered":"http:\/\/www.atecordoba.org\/?p=8860"},"modified":"2017-08-07T15:17:41","modified_gmt":"2017-08-07T18:17:41","slug":"decreto-no-283599-sistema-de-doble-turno-de-la-jornada-de-trabajo","status":"publish","type":"post","link":"https:\/\/atecordoba.org\/?p=8860","title":{"rendered":"DECRETO N\u00ba 2835\/99: SISTEMA DE DOBLE TURNO DE LA JORNADA DE TRABAJO"},"content":{"rendered":"<p><em>Reglamentario de la ejecuci\u00f3n del art\u00edculo 30 ley n\u00b0 7233 Estatuto del Personal de la Administraci\u00f3n P\u00fablica Provincial.<\/em><\/p>\n<p>VISTO:<\/p>\n<p>La Ley n\u00b0 8825.<\/p>\n<p>Y CONSIDERANDO:<\/p>\n<p>Que la referida ley sustituy\u00f3 el art\u00edculo (30) de la Ley para el Personal de la Administraci\u00f3n P\u00fablica Provincial n\u00b0 7233, determinando como jornada de trabajo el tiempo que el personal est\u00e1 a disposici\u00f3n de la Administraci\u00f3n P\u00fablica Provincial, y fijando que la jornada normal ser\u00e1 de seis (6) horas diarias o treinta (30) semanales, a cumplir -de Lunes a Viernes- entre las ocho (8) y las veinte (20) horas, en los turnos y con las excepciones que determine la reglamentaci\u00f3n.<\/p>\n<p>Que, en consecuencia, corresponde reglamentar dicho art\u00edculo en orden al r\u00e9gimen de turnos, dejando el tema vinculado con las excepciones para que sea analizado en la Comisi\u00f3n de Relaciones Laborales instrumentada por Decreto n\u00b0 2161 de fecha 20 de Octubre de 1999.<\/p>\n<p>Que, en tal sentido, se reglamenta el art\u00edculo treinta (30) de la Ley n\u00b0 7233 en el sentido de establecer dos (2) turnos laborales: el correspondiente a la ma\u00f1ana que deber\u00e1 cumplirse de ocho (8) a catorce (14) horas, y el que se cumplir\u00e1 por la tarde, que ser\u00e1 de catorce (14) a veinte (20) horas.<\/p>\n<p>Por todo ello, los informes obrantes en autos, los dispuesto por el art\u00edculo 144 (Inciso 2\u00b0) de la Constituci\u00f3n de la Provincia, lo opinado por el Fiscal de Estado en Dictamen n\u00b0 1662\/99, y en ejercicio de su atribuciones constitucionales,<\/p>\n<p>EL GOBERNADOR DE LA PROVINCIA DECRETA<\/p>\n<p><strong>Art\u00edculo 1\u00b0<\/strong>: REGLAMENTASE la ejecuci\u00f3n del art\u00edculo treinta (30) de la Ley n\u00b0 7233, sustituido por el art\u00edculo tres (3) de la Ley n\u00b0 8825, con el siguiente texto:<\/p>\n<p>ESTABL\u00c9CESE el sistema de doble turno para el desempe\u00f1o de la jornada normal de trabajo en la Administraci\u00f3n P\u00fablica Provincial. El turno correspondiente a la ma\u00f1ana se extender\u00e1 desde las ocho (8) horas hasta las catorce (14) horas, y el turno correspondiente a las tarde regir\u00e1 desde las catorce (14) hasta las veinte (20) horas.<\/p>\n<p><strong>Art\u00edculo 2\u00b0<\/strong>: EL presente decreto ser\u00e1 refrendado por el Ministro de Gobierno, el Fiscal de Estado y firmado por la Secretaria General de la Gobernaci\u00f3n.<\/p>\n<p><strong>Art\u00edculo 3\u00b0<\/strong>: PROTOCOLICESE, comun\u00edquese, publ\u00edquese en el Bolet\u00edn Oficial y arch\u00edvese.<\/p>\n<p>DE LA SOTA \u2013 CARBONETTI-(H) \u2013 GONZ\u00c1LEZ &#8211; RIUTORT<\/p>\n<p>NOTICIAS ACCESORIAS<\/p>\n<p>FUENTE DE PUBLICACI\u00d3N<\/p>\n<p>B.O.: 29.08.00<\/p>\n<p>FECHA DE EMISI\u00d3N: 30.12.99<\/p>\n<p>CANTIDAD DE ART\u00cdCULOS QUE COMPONEN LA NORMA: 3<\/p>\n<p>OBSERVACI\u00d3N: POR RESOLUCI\u00d3N N\u00ba 120\/00 (B.O. 08.11.00) SE DISPONE QUE PARA LOS EFECTOS DEL CUMPLIMIENTO DEL DOBLE TURNO DE LA JORNADA DE TRABAJO DISPUESTA POR ESTE DECRETO, LA DISTRIBUCI\u00d3N DE LOS RECURSOS HUMANOS DEBER\u00c1 SER EQUITATIVA -50% PARA TURNO MA\u00d1ANA Y 50% PARA EL TURNO TARDE- Y EL TURNO ASIGNADO A CADA AGENTE TENDR\u00c1 CAR\u00c1CTER PERMANENTE, NO ESTANDO AUTORIZADO LOS HORARIOS ROTATIVOS.<\/p>\n<p>&nbsp;<\/p>\n<p>&nbsp;<\/p>\n<p>&nbsp;<\/p>\n","protected":false},"excerpt":{"rendered":"<p>Reglamentario de la ejecuci\u00f3n del art\u00edculo 30 ley n\u00b0 7233 Estatuto del Personal de la Administraci\u00f3n P\u00fablica Provincial. VISTO: La Ley n\u00b0 8825. Y CONSIDERANDO: Que la referida ley sustituy\u00f3 el art\u00edculo (30) de la Ley para el Personal de la Administraci\u00f3n P\u00fablica Provincial n\u00b0 7233, determinando como jornada de trabajo el tiempo que el [&hellip;]<\/p>\n","protected":false},"author":1,"featured_media":19220,"comment_status":"open","ping_status":"open","sticky":false,"template":"","format":"standard","meta":{"_exactmetrics_skip_tracking":false,"_exactmetrics_sitenote_active":false,"_exactmetrics_sitenote_note":"","_exactmetrics_sitenote_category":0,"jnews-multi-image_gallery":[],"jnews_single_post":[],"jnews_primary_category":[],"jnews_social_meta":[],"jnews_review":[],"enable_review":"","type":"","name":"","summary":"","brand":"","sku":"","good":[],"bad":[],"score_override":"","override_value":"","rating":[],"price":[],"jnews_override_counter":[],"jnews_post_split":[],"footnotes":""},"categories":[85],"tags":[],"class_list":["post-8860","post","type-post","status-publish","format-standard","has-post-thumbnail","hentry","category-documentacion-provincial"],"jetpack_featured_media_url":"https:\/\/atecordoba.org\/wp-content\/uploads\/2020\/05\/logo-nuevochico-e1561581322808.png","_links":{"self":[{"href":"https:\/\/atecordoba.org\/index.php?rest_route=\/wp\/v2\/posts\/8860","targetHints":{"allow":["GET"]}}],"collection":[{"href":"https:\/\/atecordoba.org\/index.php?rest_route=\/wp\/v2\/posts"}],"about":[{"href":"https:\/\/atecordoba.org\/index.php?rest_route=\/wp\/v2\/types\/post"}],"author":[{"embeddable":true,"href":"https:\/\/atecordoba.org\/index.php?rest_route=\/wp\/v2\/users\/1"}],"replies":[{"embeddable":true,"href":"https:\/\/atecordoba.org\/index.php?rest_route=%2Fwp%2Fv2%2Fcomments&post=8860"}],"version-history":[{"count":0,"href":"https:\/\/atecordoba.org\/index.php?rest_route=\/wp\/v2\/posts\/8860\/revisions"}],"wp:featuredmedia":[{"embeddable":true,"href":"https:\/\/atecordoba.org\/index.php?rest_route=\/wp\/v2\/media\/19220"}],"wp:attachment":[{"href":"https:\/\/atecordoba.org\/index.php?rest_route=%2Fwp%2Fv2%2Fmedia&parent=8860"}],"wp:term":[{"taxonomy":"category","embeddable":true,"href":"https:\/\/atecordoba.org\/index.php?rest_route=%2Fwp%2Fv2%2Fcategories&post=8860"},{"taxonomy":"post_tag","embeddable":true,"href":"https:\/\/atecordoba.org\/index.php?rest_route=%2Fwp%2Fv2%2Ftags&post=8860"}],"curies":[{"name":"wp","href":"https:\/\/api.w.org\/{rel}","templated":true}]}}